{"id":8044,"date":"2025-11-12T11:09:10","date_gmt":"2025-11-12T14:09:10","guid":{"rendered":"https:\/\/noticiarioregional.com.br\/?p=8044"},"modified":"2025-11-12T11:09:11","modified_gmt":"2025-11-12T14:09:11","slug":"expo-descanso-2025-um-novo-comeco","status":"publish","type":"post","link":"https:\/\/noticiarioregional.com.br\/?p=8044","title":{"rendered":"Expo Descanso 2025: Um novo come\u00e7o"},"content":{"rendered":"\n<p class=\"has-larger-font-size\"><em>Feira \u00e9 lan\u00e7ada com sucesso na venda de estandes<\/em> <em>e ingressos para o show principal<\/em><\/p>\n\n\n\n<p><strong>Descanso \u2013<\/strong> O Morro do Cristo, um dos principais atrativos tur\u00edsticos do munic\u00edpio, foi palco na noite de sexta-feira, 24, do lan\u00e7amento da Expo Descanso 2025. A feira, que n\u00e3o era realizada h\u00e1 14 anos, est\u00e1 marcada para os dias 12, 13 e 14 de dezembro. Durante a noite, foi apresentada a programa\u00e7\u00e3o oficial do evento, os integrantes da comiss\u00e3o central organizadora, bem como, informa\u00e7\u00f5es a respeito da venda dos estandes e dos ingressos para o show principal de s\u00e1bado.<\/p>\n\n\n\n<figure class=\"wp-block-image size-large\"><img fetchpriority=\"high\" decoding=\"async\" width=\"1024\" height=\"683\" src=\"http:\/\/noticiarioregional.com.br\/wp-content\/uploads\/2025\/11\/Jhoni-Zortea-1024x683.jpg\" alt=\"\" class=\"wp-image-8050\" srcset=\"https:\/\/noticiarioregional.com.br\/wp-content\/uploads\/2025\/11\/Jhoni-Zortea-1024x683.jpg 1024w, https:\/\/noticiarioregional.com.br\/wp-content\/uploads\/2025\/11\/Jhoni-Zortea-300x200.jpg 300w, https:\/\/noticiarioregional.com.br\/wp-content\/uploads\/2025\/11\/Jhoni-Zortea-768x512.jpg 768w, https:\/\/noticiarioregional.com.br\/wp-content\/uploads\/2025\/11\/Jhoni-Zortea-1536x1024.jpg 1536w, https:\/\/noticiarioregional.com.br\/wp-content\/uploads\/2025\/11\/Jhoni-Zortea-2048x1365.jpg 2048w, https:\/\/noticiarioregional.com.br\/wp-content\/uploads\/2025\/11\/Jhoni-Zortea-150x100.jpg 150w, https:\/\/noticiarioregional.com.br\/wp-content\/uploads\/2025\/11\/Jhoni-Zortea-450x300.jpg 450w, https:\/\/noticiarioregional.com.br\/wp-content\/uploads\/2025\/11\/Jhoni-Zortea-1200x800.jpg 1200w\" sizes=\"(max-width: 1024px) 100vw, 1024px\" \/><\/figure>\n\n\n\n<p>&nbsp;&nbsp;&nbsp;&nbsp;&nbsp;&nbsp;&nbsp;&nbsp;&nbsp;&nbsp;&nbsp; O presidente da CCO, Jhoni Zortea <strong><em>(foto detalhe)<\/em><\/strong>, apresentou um panorama geral da feira, citando a programa\u00e7\u00e3o oficial, o apoio dos patrocinadores, o croqui do parque, organiza\u00e7\u00e3o do estacionamento, da pra\u00e7a de alimenta\u00e7\u00e3o e arena de shows, e a composi\u00e7\u00e3o da comiss\u00e3o organizadora, dividida por setores. Segundo o presidente, os estandes internos j\u00e1 foram todos vendidos, e dos estandes externos, mais de 75% dos espa\u00e7os totais j\u00e1 est\u00e3o comercializados. No total ser\u00e3o 173 estandes, entre internos e externos. As vendas foram liberadas inicialmente para os patrocinadores e associados da ACID\/CDL, e no momento est\u00e3o abertas para empresas de toda a regi\u00e3o.<\/p>\n\n\n\n<figure class=\"wp-block-image size-large\"><img decoding=\"async\" width=\"1024\" height=\"683\" src=\"http:\/\/noticiarioregional.com.br\/wp-content\/uploads\/2025\/11\/Marcos-Rosin-1024x683.jpg\" alt=\"\" class=\"wp-image-8053\" srcset=\"https:\/\/noticiarioregional.com.br\/wp-content\/uploads\/2025\/11\/Marcos-Rosin-1024x683.jpg 1024w, https:\/\/noticiarioregional.com.br\/wp-content\/uploads\/2025\/11\/Marcos-Rosin-300x200.jpg 300w, https:\/\/noticiarioregional.com.br\/wp-content\/uploads\/2025\/11\/Marcos-Rosin-768x512.jpg 768w, https:\/\/noticiarioregional.com.br\/wp-content\/uploads\/2025\/11\/Marcos-Rosin-1536x1024.jpg 1536w, https:\/\/noticiarioregional.com.br\/wp-content\/uploads\/2025\/11\/Marcos-Rosin-2048x1365.jpg 2048w, https:\/\/noticiarioregional.com.br\/wp-content\/uploads\/2025\/11\/Marcos-Rosin-150x100.jpg 150w, https:\/\/noticiarioregional.com.br\/wp-content\/uploads\/2025\/11\/Marcos-Rosin-450x300.jpg 450w, https:\/\/noticiarioregional.com.br\/wp-content\/uploads\/2025\/11\/Marcos-Rosin-1200x800.jpg 1200w\" sizes=\"(max-width: 1024px) 100vw, 1024px\" \/><\/figure>\n\n\n\n<p>&nbsp;&nbsp;&nbsp;&nbsp;&nbsp;&nbsp;&nbsp;&nbsp;&nbsp;&nbsp;&nbsp; O presidente da ACID\/CDL, Marcos Rosin <strong><em>(foto detalhe)<\/em><\/strong>, que assume junto com Jhoni Zortea a coordena\u00e7\u00e3o da CCO, ressaltou que a feira ir\u00e1 mostrar o potencial que o munic\u00edpio tem, e o seu destaque nos diversos setores. Enfatizou ainda que \u00e9 justamente por acreditar nisso que ele como presidente, e toda a diretoria, est\u00e3o se envolvendo para contribuir com o sucesso do evento.<\/p>\n\n\n\n<figure class=\"wp-block-image size-large\"><img decoding=\"async\" width=\"1024\" height=\"683\" src=\"http:\/\/noticiarioregional.com.br\/wp-content\/uploads\/2025\/11\/Marcos-Baldo-1024x683.jpg\" alt=\"\" class=\"wp-image-8052\" srcset=\"https:\/\/noticiarioregional.com.br\/wp-content\/uploads\/2025\/11\/Marcos-Baldo-1024x683.jpg 1024w, https:\/\/noticiarioregional.com.br\/wp-content\/uploads\/2025\/11\/Marcos-Baldo-300x200.jpg 300w, https:\/\/noticiarioregional.com.br\/wp-content\/uploads\/2025\/11\/Marcos-Baldo-768x512.jpg 768w, https:\/\/noticiarioregional.com.br\/wp-content\/uploads\/2025\/11\/Marcos-Baldo-1536x1024.jpg 1536w, https:\/\/noticiarioregional.com.br\/wp-content\/uploads\/2025\/11\/Marcos-Baldo-2048x1365.jpg 2048w, https:\/\/noticiarioregional.com.br\/wp-content\/uploads\/2025\/11\/Marcos-Baldo-150x100.jpg 150w, https:\/\/noticiarioregional.com.br\/wp-content\/uploads\/2025\/11\/Marcos-Baldo-450x300.jpg 450w, https:\/\/noticiarioregional.com.br\/wp-content\/uploads\/2025\/11\/Marcos-Baldo-1200x800.jpg 1200w\" sizes=\"(max-width: 1024px) 100vw, 1024px\" \/><\/figure>\n\n\n\n<p>&nbsp;&nbsp;&nbsp;&nbsp;&nbsp;&nbsp;&nbsp;&nbsp;&nbsp;&nbsp;&nbsp; Jhoni Zortea ressaltou que al\u00e9m da alta procura pelos espa\u00e7os de exposi\u00e7\u00e3o, tamb\u00e9m superou as expectativas a venda de ingressos para o show principal, de s\u00e1bado, que j\u00e1 est\u00e1 no terceiro lote. A feira contar\u00e1 com dois palcos, al\u00e9m da \u00e1rea de exposi\u00e7\u00e3o agropecu\u00e1ria. O palco principal ter\u00e1 shows gratuitos na sexta-feira, 12 de dezembro, com&nbsp;Ronaldo Raiz&nbsp;e&nbsp;Marcos Paulo &amp; Marcelo, e no domingo, 14, com&nbsp;Robson Brum&nbsp;e&nbsp;Banda Mercosul. No s\u00e1bado, 13, a noite principal de shows inicia com&nbsp;Alex &amp; Medina, seguido do&nbsp;<a href=\"https:\/\/progresso89.com.br\/noticia\/4114\/clayton-romario-sao-a-atracao-principal-confirmada-para-a-expo-descanso-2025.html\">show nacional com&nbsp;<\/a><a href=\"https:\/\/progresso89.com.br\/noticia\/4114\/clayton-romario-sao-a-atracao-principal-confirmada-para-a-expo-descanso-2025.html\">Clayton &amp; Rom\u00e1rio<\/a>. Os ingressos est\u00e3o dispon\u00edveis no site Ingresso Nacional, tamb\u00e9m com pontos de venda f\u00edsicos em toda regi\u00e3o. Em Descanso na ACID\/CDL e no Ideal Show Bar, em S\u00e3o Miguel do Oeste no Posto Volta Grande e em Ipor\u00e3 do Oeste na Hora Certa Conveni\u00eancia.<\/p>\n\n\n\n<p>O vice-prefeito, Marcos Baldo <strong><em>(foto detalhe)<\/em><\/strong>, destacou em sua fala que a feira era muito aguardada pelos empres\u00e1rios e toda a popula\u00e7\u00e3o, e sua realiza\u00e7\u00e3o ser\u00e1 poss\u00edvel agora porque todos os envolvidos acreditam na gest\u00e3o de Juca e Baldo e todos que est\u00e3o empenhados na organiza\u00e7\u00e3o do evento.<\/p>\n\n\n\n<figure class=\"wp-block-image size-large\"><img loading=\"lazy\" decoding=\"async\" width=\"1024\" height=\"683\" src=\"http:\/\/noticiarioregional.com.br\/wp-content\/uploads\/2025\/11\/Juliano-Kasper-1024x683.jpg\" alt=\"\" class=\"wp-image-8051\" srcset=\"https:\/\/noticiarioregional.com.br\/wp-content\/uploads\/2025\/11\/Juliano-Kasper-1024x683.jpg 1024w, https:\/\/noticiarioregional.com.br\/wp-content\/uploads\/2025\/11\/Juliano-Kasper-300x200.jpg 300w, https:\/\/noticiarioregional.com.br\/wp-content\/uploads\/2025\/11\/Juliano-Kasper-768x512.jpg 768w, https:\/\/noticiarioregional.com.br\/wp-content\/uploads\/2025\/11\/Juliano-Kasper-1536x1024.jpg 1536w, https:\/\/noticiarioregional.com.br\/wp-content\/uploads\/2025\/11\/Juliano-Kasper-2048x1365.jpg 2048w, https:\/\/noticiarioregional.com.br\/wp-content\/uploads\/2025\/11\/Juliano-Kasper-150x100.jpg 150w, https:\/\/noticiarioregional.com.br\/wp-content\/uploads\/2025\/11\/Juliano-Kasper-450x300.jpg 450w, https:\/\/noticiarioregional.com.br\/wp-content\/uploads\/2025\/11\/Juliano-Kasper-1200x800.jpg 1200w\" sizes=\"(max-width: 1024px) 100vw, 1024px\" \/><\/figure>\n\n\n\n<p>O prefeito, Juliano Kasper, o Juca <strong><em>(foto detalhe)<\/em><\/strong>, acrescentou que a gest\u00e3o e a CCO se colocaram \u00e0 disposi\u00e7\u00e3o para organizar uma feira que o munic\u00edpio e a popula\u00e7\u00e3o merecem e esperavam, pois, in\u00fameros pedidos foram feitos para que isso se tornasse realidade. Enfatizou que apesar dos questionamentos referentes ao fato do governo se propor a realizar a Expo no primeiro ano da gest\u00e3o, a administra\u00e7\u00e3o acreditou na for\u00e7a de vontade da equipe e da popula\u00e7\u00e3o para que a feira se torne realidade.<\/p>\n\n\n\n<figure class=\"wp-block-image size-large\"><img loading=\"lazy\" decoding=\"async\" width=\"1024\" height=\"683\" src=\"http:\/\/noticiarioregional.com.br\/wp-content\/uploads\/2025\/11\/Lancamento-da-feira-teve-como-local-o-Morro-do-Cristo-1024x683.jpg\" alt=\"\" class=\"wp-image-8049\" srcset=\"https:\/\/noticiarioregional.com.br\/wp-content\/uploads\/2025\/11\/Lancamento-da-feira-teve-como-local-o-Morro-do-Cristo-1024x683.jpg 1024w, https:\/\/noticiarioregional.com.br\/wp-content\/uploads\/2025\/11\/Lancamento-da-feira-teve-como-local-o-Morro-do-Cristo-300x200.jpg 300w, https:\/\/noticiarioregional.com.br\/wp-content\/uploads\/2025\/11\/Lancamento-da-feira-teve-como-local-o-Morro-do-Cristo-768x512.jpg 768w, https:\/\/noticiarioregional.com.br\/wp-content\/uploads\/2025\/11\/Lancamento-da-feira-teve-como-local-o-Morro-do-Cristo-1536x1024.jpg 1536w, https:\/\/noticiarioregional.com.br\/wp-content\/uploads\/2025\/11\/Lancamento-da-feira-teve-como-local-o-Morro-do-Cristo-2048x1365.jpg 2048w, https:\/\/noticiarioregional.com.br\/wp-content\/uploads\/2025\/11\/Lancamento-da-feira-teve-como-local-o-Morro-do-Cristo-150x100.jpg 150w, https:\/\/noticiarioregional.com.br\/wp-content\/uploads\/2025\/11\/Lancamento-da-feira-teve-como-local-o-Morro-do-Cristo-450x300.jpg 450w, https:\/\/noticiarioregional.com.br\/wp-content\/uploads\/2025\/11\/Lancamento-da-feira-teve-como-local-o-Morro-do-Cristo-1200x800.jpg 1200w\" sizes=\"(max-width: 1024px) 100vw, 1024px\" \/><\/figure>\n\n\n\n<p><strong>Campanha Natal Premiado<\/strong><\/p>\n\n\n\n<p>Ainda durante o lan\u00e7amento oficial da Expo Descanso, o prefeito Juliano Kasper anunciou a campanha de final de ano, denominada de &#8220;Natal Premiado&#8221;. A a\u00e7\u00e3o, em parceria com a ACID\/CDL, ir\u00e1 premiar em dinheiro o com\u00e9rcio e as resid\u00eancias mais enfeitados do munic\u00edpio, com o objetivo de fomentar o esp\u00edrito natalino na cidade.<\/p>\n\n\n\n<p>Uma equipe de avaliadores de fora do munic\u00edpio ser\u00e1 respons\u00e1vel por julgar a decora\u00e7\u00e3o e selecionar os tr\u00eas primeiros colocados de cada categoria (comercial e residencial).<\/p>\n\n\n\n<p><strong>Programa\u00e7\u00e3o da Expo Descanso 2025<\/strong><\/p>\n\n\n\n<p><strong>12 de dezembro &#8211; sexta-feira<\/strong><\/p>\n\n\n\n<p>08h45 &#8211; Palestra: pontos cr\u00edticos na cria\u00e7\u00e3o de bezerras, novilhas e vacas leiteiras \u2013 Dr. Guilherme Fernando Mattos Le\u00e3o (Clube SAD)<\/p>\n\n\n\n<p>09h &#8211; Abertura dos pavilh\u00f5es<\/p>\n\n\n\n<p>10h &#8211; Palestra: Ra\u00e7a Jersey &#8211; Registro, Controle Leiteiro e Classifica\u00e7\u00e3o Linear &#8211; \u00c2ngela de Faria Maraschin (Clube SAD)<\/p>\n\n\n\n<p>13h30 &#8211; Desfile e Julgamento dos Bovinos &#8211; Reativa\u00e7\u00e3o do Clube da Bezerra (Pavilh\u00e3o de Bovinos)<\/p>\n\n\n\n<p>17h \u2013 Recep\u00e7\u00e3o dos prefeitos da Ameosc<\/p>\n\n\n\n<p>18h30 \u2013 Fanfarra Cristo Redentor \u2013 Palco I<\/p>\n\n\n\n<p>19h \u2013 Fam\u00edlia Balbinot \u2013 Palco I<\/p>\n\n\n\n<p>19h30 \u2013 B\u00ean\u00e7\u00e3o Ecum\u00eanica<\/p>\n\n\n\n<p>19h45 &#8211; Cerim\u00f4nia de Abertura Oficial<\/p>\n\n\n\n<p>22h &#8211; Fechamento dos estandes<\/p>\n\n\n\n<p>22h &#8211; Show com Ronaldo Raiz \u2013 Palco I<\/p>\n\n\n\n<p>23h30 &#8211; Show Nacional com Marcos Paulo e Marcelo \u2013 Palco I<\/p>\n\n\n\n<p><strong>13 de dezembro &#8211; s\u00e1bado<\/strong><\/p>\n\n\n\n<p>09h &#8211; Abertura dos pavilh\u00f5es<\/p>\n\n\n\n<p>09h30 &#8211; Entrega do trof\u00e9u de participa\u00e7\u00e3o aos expositores<\/p>\n\n\n\n<p>10h &#8211; Palco Livre \u2013 Palco II<\/p>\n\n\n\n<p>14h &#8211; Mostras Culturais do CRAS, APAE e CTG \u2013 Palco II<\/p>\n\n\n\n<p>17h \u2013 Palco Livre \u2013 Palco II<\/p>\n\n\n\n<p>18h30 \u2013 Djoni Fernando \u2013 Palco II<\/p>\n\n\n\n<p>20h30 \u2013 Jana\u00edna Jhoy \u2013 Palco II<\/p>\n\n\n\n<p>22h &#8211; Fechamento dos estandes<\/p>\n\n\n\n<p>22h &#8211; Show com Alex e Medina \u2013 Palco I<\/p>\n\n\n\n<p>23h30 &#8211; Show nacional com Clayton e Rom\u00e1rio \u2013 Palco I<\/p>\n\n\n\n<p>01h \u2013 DJ \u2013 Palco I<\/p>\n\n\n\n<p><strong>14 de dezembro &#8211; domingo<\/strong><\/p>\n\n\n\n<p>09h &#8211; Abertura dos pavilh\u00f5es<\/p>\n\n\n\n<p>9h30 \u2013 Desfile e Concurso de Cachorros \u2013 Palco I<\/p>\n\n\n\n<p>11h \u2013 Apresenta\u00e7\u00e3o do N\u00facleo de Opera\u00e7\u00f5es com c\u00e3es da PM<\/p>\n\n\n\n<p>12h \u2013 Palco Livre \u2013 Palco II<\/p>\n\n\n\n<p>14h30 \u2013 Show Infantil com Patrulha Canina e convidados<\/p>\n\n\n\n<p>16h \u2013 Chegada do Papai Noel no Parque de Exposi\u00e7\u00f5es<\/p>\n\n\n\n<p>17h30 \u2013 Igor e J\u00fanior \u2013 Palco II<\/p>\n\n\n\n<p>18h &#8211; Fechamento dos port\u00f5es<\/p>\n\n\n\n<p>19h \u2013 Show com Robson Brum \u2013 Palco I<\/p>\n\n\n\n<p>21h\u2013 Show com Mercosul \u2013 Palco I<\/p>\n\n\n\n<p>22h30 \u2013 DJ \u2013 Palco I<\/p>\n\n\n\n<p>00h &#8211; Encerramento da Expo Descanso 2025<\/p>\n","protected":false},"excerpt":{"rendered":"<p>Feira \u00e9 lan\u00e7ada com sucesso na venda de estandes e ingressos para o show principal Descanso \u2013 O Morro do Cristo, um dos principais atrativos tur\u00edsticos do munic\u00edpio, foi palco na noite de sexta-feira, 24, do lan\u00e7amento da Expo Descanso 2025. A feira, que n\u00e3o era realizada h\u00e1 14 anos, est\u00e1 marcada para os dias<\/p>\n","protected":false},"author":1,"featured_media":8048,"comment_status":"open","ping_status":"open","sticky":false,"template":"","format":"standard","meta":{"footnotes":""},"categories":[42],"tags":[],"class_list":{"0":"post-8044","1":"post","2":"type-post","3":"status-publish","4":"format-standard","5":"has-post-thumbnail","7":"category-destaque"},"_links":{"self":[{"href":"https:\/\/noticiarioregional.com.br\/index.php?rest_route=\/wp\/v2\/posts\/8044","targetHints":{"allow":["GET"]}}],"collection":[{"href":"https:\/\/noticiarioregional.com.br\/index.php?rest_route=\/wp\/v2\/posts"}],"about":[{"href":"https:\/\/noticiarioregional.com.br\/index.php?rest_route=\/wp\/v2\/types\/post"}],"author":[{"embeddable":true,"href":"https:\/\/noticiarioregional.com.br\/index.php?rest_route=\/wp\/v2\/users\/1"}],"replies":[{"embeddable":true,"href":"https:\/\/noticiarioregional.com.br\/index.php?rest_route=%2Fwp%2Fv2%2Fcomments&post=8044"}],"version-history":[{"count":1,"href":"https:\/\/noticiarioregional.com.br\/index.php?rest_route=\/wp\/v2\/posts\/8044\/revisions"}],"predecessor-version":[{"id":8054,"href":"https:\/\/noticiarioregional.com.br\/index.php?rest_route=\/wp\/v2\/posts\/8044\/revisions\/8054"}],"wp:featuredmedia":[{"embeddable":true,"href":"https:\/\/noticiarioregional.com.br\/index.php?rest_route=\/wp\/v2\/media\/8048"}],"wp:attachment":[{"href":"https:\/\/noticiarioregional.com.br\/index.php?rest_route=%2Fwp%2Fv2%2Fmedia&parent=8044"}],"wp:term":[{"taxonomy":"category","embeddable":true,"href":"https:\/\/noticiarioregional.com.br\/index.php?rest_route=%2Fwp%2Fv2%2Fcategories&post=8044"},{"taxonomy":"post_tag","embeddable":true,"href":"https:\/\/noticiarioregional.com.br\/index.php?rest_route=%2Fwp%2Fv2%2Ftags&post=8044"}],"curies":[{"name":"wp","href":"https:\/\/api.w.org\/{rel}","templated":true}]}}