{"id":8055,"date":"2025-11-12T11:19:29","date_gmt":"2025-11-12T14:19:29","guid":{"rendered":"https:\/\/noticiarioregional.com.br\/?p=8055"},"modified":"2025-11-12T11:19:31","modified_gmt":"2025-11-12T14:19:31","slug":"familia-pedretti-inicia-colheita-de-pessego-e-nectarina-com-expectativa-de-100-toneladas-nesta-safra","status":"publish","type":"post","link":"https:\/\/noticiarioregional.com.br\/?p=8055","title":{"rendered":"Fam\u00edlia Pedretti inicia colheita de p\u00eassego e nectarina com expectativa de 100 toneladas nesta safra"},"content":{"rendered":"\n<p class=\"has-larger-font-size\"><em>Produtores investiram em novos equipamentos para facilitar e agilizar os trabalhos, al\u00e9m de compensar a falta de m\u00e3o de obra<\/em><\/p>\n\n\n\n<p><strong>Descanso \u2013<\/strong> A fam\u00edlia Pedretti, da Linha Bonita, com mais de 30 anos de tradi\u00e7\u00e3o no cultivo de p\u00eassego e nectarina, iniciou a colheita da safra deste ano no dia 15 de outubro. O per\u00edodo de colheita come\u00e7ou cerca de um m\u00eas mais tarde este ano, por conta das baixas temperaturas, e se estende at\u00e9 o m\u00eas de dezembro.<\/p>\n\n\n\n<p>Com m\u00e3o de obra praticamente familiar, se dedicam a atividade o casal Agenor e Andreia Pedretti, os filhos Cristian e Cristiane, com o aux\u00edlio dos pais de Agenor, seu \u00c2ngelo e dona L\u00facia, e ainda os diaristas contratados. No p\u00eassego est\u00e3o sendo colhidas as variedades PS Precoce, Bonora e Kampai, e de nectarina as variedades Alba, Anne, Julena, Zamba e Sanraser. Est\u00e3o em teste novas variedades, tanto de p\u00eassego como de nectarina, que este ano ser\u00e3o comercializadas pela primeira vez, para posteriormente avaliar a aceita\u00e7\u00e3o do consumidor.<\/p>\n\n\n\n<figure class=\"wp-block-image size-large\"><img fetchpriority=\"high\" decoding=\"async\" width=\"1024\" height=\"683\" src=\"http:\/\/noticiarioregional.com.br\/wp-content\/uploads\/2025\/11\/Frutos-estao-muito-bonitos-apesar-do-frio-que-causou-danos-a-producao-1024x683.jpg\" alt=\"\" class=\"wp-image-8057\" srcset=\"https:\/\/noticiarioregional.com.br\/wp-content\/uploads\/2025\/11\/Frutos-estao-muito-bonitos-apesar-do-frio-que-causou-danos-a-producao-1024x683.jpg 1024w, https:\/\/noticiarioregional.com.br\/wp-content\/uploads\/2025\/11\/Frutos-estao-muito-bonitos-apesar-do-frio-que-causou-danos-a-producao-300x200.jpg 300w, https:\/\/noticiarioregional.com.br\/wp-content\/uploads\/2025\/11\/Frutos-estao-muito-bonitos-apesar-do-frio-que-causou-danos-a-producao-768x512.jpg 768w, https:\/\/noticiarioregional.com.br\/wp-content\/uploads\/2025\/11\/Frutos-estao-muito-bonitos-apesar-do-frio-que-causou-danos-a-producao-1536x1024.jpg 1536w, https:\/\/noticiarioregional.com.br\/wp-content\/uploads\/2025\/11\/Frutos-estao-muito-bonitos-apesar-do-frio-que-causou-danos-a-producao-2048x1365.jpg 2048w, https:\/\/noticiarioregional.com.br\/wp-content\/uploads\/2025\/11\/Frutos-estao-muito-bonitos-apesar-do-frio-que-causou-danos-a-producao-150x100.jpg 150w, https:\/\/noticiarioregional.com.br\/wp-content\/uploads\/2025\/11\/Frutos-estao-muito-bonitos-apesar-do-frio-que-causou-danos-a-producao-450x300.jpg 450w, https:\/\/noticiarioregional.com.br\/wp-content\/uploads\/2025\/11\/Frutos-estao-muito-bonitos-apesar-do-frio-que-causou-danos-a-producao-1200x800.jpg 1200w\" sizes=\"(max-width: 1024px) 100vw, 1024px\" \/><figcaption class=\"wp-element-caption\">Frutos est\u00e3o muito bonitos, apesar do frio que causou danos a produ\u00e7\u00e3o<\/figcaption><\/figure>\n\n\n\n<p>Quem chega nos pomares encontra plantas carregadas com frutos muito bonitos. Conforme os produtores, a geada registrada por volta do m\u00eas de julho causou danos principalmente no p\u00eassego da variedade precoce e atingiu tamb\u00e9m a nectarina, perda que se percebe agora nos frutos que racham. O frio tardio, ainda nos meses de setembro e outubro, tamb\u00e9m prejudica os frutos na fase em que precisariam de calor para amadurecer e ter maior qualidade no sabor.<\/p>\n\n\n\n<p>Apesar do ano chuvoso para as frutas, os produtores consideram que a safra ser\u00e1 normal, em que houve perdas nas variedades do cedo, mas as variedades do tarde est\u00e3o se desenvolvendo bem. A expectativa da safra \u00e9 de colher em torno de 100 toneladas de p\u00eassego e nectarina.<\/p>\n\n\n\n<figure class=\"wp-block-image size-large\"><img decoding=\"async\" width=\"1024\" height=\"683\" src=\"https:\/\/noticiarioregional.com.br\/wp-content\/uploads\/2025\/11\/Os-bins-que-sao-caixas-de-madeira-facilitam-o-manuseio-na-hora-da-colheita-e-posteriormente-na-classificacao-dos-frutos-1024x683.jpg\" alt=\"\" class=\"wp-image-8059\" srcset=\"https:\/\/noticiarioregional.com.br\/wp-content\/uploads\/2025\/11\/Os-bins-que-sao-caixas-de-madeira-facilitam-o-manuseio-na-hora-da-colheita-e-posteriormente-na-classificacao-dos-frutos-1024x683.jpg 1024w, https:\/\/noticiarioregional.com.br\/wp-content\/uploads\/2025\/11\/Os-bins-que-sao-caixas-de-madeira-facilitam-o-manuseio-na-hora-da-colheita-e-posteriormente-na-classificacao-dos-frutos-300x200.jpg 300w, https:\/\/noticiarioregional.com.br\/wp-content\/uploads\/2025\/11\/Os-bins-que-sao-caixas-de-madeira-facilitam-o-manuseio-na-hora-da-colheita-e-posteriormente-na-classificacao-dos-frutos-768x512.jpg 768w, https:\/\/noticiarioregional.com.br\/wp-content\/uploads\/2025\/11\/Os-bins-que-sao-caixas-de-madeira-facilitam-o-manuseio-na-hora-da-colheita-e-posteriormente-na-classificacao-dos-frutos-1536x1024.jpg 1536w, https:\/\/noticiarioregional.com.br\/wp-content\/uploads\/2025\/11\/Os-bins-que-sao-caixas-de-madeira-facilitam-o-manuseio-na-hora-da-colheita-e-posteriormente-na-classificacao-dos-frutos-2048x1365.jpg 2048w, https:\/\/noticiarioregional.com.br\/wp-content\/uploads\/2025\/11\/Os-bins-que-sao-caixas-de-madeira-facilitam-o-manuseio-na-hora-da-colheita-e-posteriormente-na-classificacao-dos-frutos-150x100.jpg 150w, https:\/\/noticiarioregional.com.br\/wp-content\/uploads\/2025\/11\/Os-bins-que-sao-caixas-de-madeira-facilitam-o-manuseio-na-hora-da-colheita-e-posteriormente-na-classificacao-dos-frutos-450x300.jpg 450w, https:\/\/noticiarioregional.com.br\/wp-content\/uploads\/2025\/11\/Os-bins-que-sao-caixas-de-madeira-facilitam-o-manuseio-na-hora-da-colheita-e-posteriormente-na-classificacao-dos-frutos-1200x800.jpg 1200w\" sizes=\"(max-width: 1024px) 100vw, 1024px\" \/><figcaption class=\"wp-element-caption\"><strong>Os bins, que s\u00e3o caixas de madeira, facilitam o manuseio na hora da colheita e posteriormente na classifica\u00e7\u00e3o dos frutos<\/strong><\/figcaption><\/figure>\n\n\n\n<p>As Frutas Pedretti t\u00eam mercado regional, para cidades como S\u00e3o Miguel do Oeste, Maravilha e Pinhalzinho, al\u00e9m da venda fora do estado para Pato Branco e Cascavel no Paran\u00e1. Na propriedade a venda \u00e9 feita diariamente, de forma direta ao consumidor, todas as tardes, das 13h30 \u00e0s 19h. Pela manh\u00e3 a fam\u00edlia se dedica a colheita, por isso a venda ao consumidor \u00e9 somente a tarde. Este ano, devido a falta de m\u00e3o de obra, n\u00e3o ser\u00e3o mais feitas entregas.<\/p>\n\n\n\n<figure class=\"wp-block-image size-large\"><img decoding=\"async\" width=\"1024\" height=\"683\" src=\"http:\/\/noticiarioregional.com.br\/wp-content\/uploads\/2025\/11\/Nova-maquina-classificadora-de-frutos-faz-a-selecao-conforme-o-peso-gerando-maior-precisao-para-a-venda-1024x683.jpg\" alt=\"\" class=\"wp-image-8058\" srcset=\"https:\/\/noticiarioregional.com.br\/wp-content\/uploads\/2025\/11\/Nova-maquina-classificadora-de-frutos-faz-a-selecao-conforme-o-peso-gerando-maior-precisao-para-a-venda-1024x683.jpg 1024w, https:\/\/noticiarioregional.com.br\/wp-content\/uploads\/2025\/11\/Nova-maquina-classificadora-de-frutos-faz-a-selecao-conforme-o-peso-gerando-maior-precisao-para-a-venda-300x200.jpg 300w, https:\/\/noticiarioregional.com.br\/wp-content\/uploads\/2025\/11\/Nova-maquina-classificadora-de-frutos-faz-a-selecao-conforme-o-peso-gerando-maior-precisao-para-a-venda-768x512.jpg 768w, https:\/\/noticiarioregional.com.br\/wp-content\/uploads\/2025\/11\/Nova-maquina-classificadora-de-frutos-faz-a-selecao-conforme-o-peso-gerando-maior-precisao-para-a-venda-1536x1024.jpg 1536w, https:\/\/noticiarioregional.com.br\/wp-content\/uploads\/2025\/11\/Nova-maquina-classificadora-de-frutos-faz-a-selecao-conforme-o-peso-gerando-maior-precisao-para-a-venda-2048x1365.jpg 2048w, https:\/\/noticiarioregional.com.br\/wp-content\/uploads\/2025\/11\/Nova-maquina-classificadora-de-frutos-faz-a-selecao-conforme-o-peso-gerando-maior-precisao-para-a-venda-150x100.jpg 150w, https:\/\/noticiarioregional.com.br\/wp-content\/uploads\/2025\/11\/Nova-maquina-classificadora-de-frutos-faz-a-selecao-conforme-o-peso-gerando-maior-precisao-para-a-venda-450x300.jpg 450w, https:\/\/noticiarioregional.com.br\/wp-content\/uploads\/2025\/11\/Nova-maquina-classificadora-de-frutos-faz-a-selecao-conforme-o-peso-gerando-maior-precisao-para-a-venda-1200x800.jpg 1200w\" sizes=\"(max-width: 1024px) 100vw, 1024px\" \/><figcaption class=\"wp-element-caption\">Nova m\u00e1quina classificadora de frutos faz a sele\u00e7\u00e3o conforme o peso, gerando maior precis\u00e3o para a venda<\/figcaption><\/figure>\n\n\n\n<p>Para facilitar e agilizar os trabalhos, al\u00e9m de compensar a m\u00e3o de obra, a fam\u00edlia investiu cerca de R$ 400 mil na compra de uma m\u00e1quina classificadora de frutas. Anteriormente, a sele\u00e7\u00e3o dos frutos era por tamanho, e com a nova m\u00e1quina esta classifica\u00e7\u00e3o ocorre pelo peso, gerando maior precis\u00e3o na venda.&nbsp; O investimento contempla tamb\u00e9m a compra de outros equipamentos como empilhadeira e bins, que s\u00e3o caixas de madeira onde os frutos s\u00e3o depositados diretamente ap\u00f3s a colheita e carregadas com o trator, evitando boa parte do servi\u00e7o bra\u00e7al.<\/p>\n","protected":false},"excerpt":{"rendered":"<p>Produtores investiram em novos equipamentos para facilitar e agilizar os trabalhos, al\u00e9m de compensar a falta de m\u00e3o de obra Descanso \u2013 A fam\u00edlia Pedretti, da Linha Bonita, com mais de 30 anos de tradi\u00e7\u00e3o no cultivo de p\u00eassego e nectarina, iniciou a colheita da safra deste ano no dia 15 de outubro. O per\u00edodo<\/p>\n","protected":false},"author":1,"featured_media":8056,"comment_status":"open","ping_status":"open","sticky":false,"template":"","format":"standard","meta":{"footnotes":""},"categories":[41],"tags":[],"class_list":{"0":"post-8055","1":"post","2":"type-post","3":"status-publish","4":"format-standard","5":"has-post-thumbnail","7":"category-noticias"},"_links":{"self":[{"href":"https:\/\/noticiarioregional.com.br\/index.php?rest_route=\/wp\/v2\/posts\/8055","targetHints":{"allow":["GET"]}}],"collection":[{"href":"https:\/\/noticiarioregional.com.br\/index.php?rest_route=\/wp\/v2\/posts"}],"about":[{"href":"https:\/\/noticiarioregional.com.br\/index.php?rest_route=\/wp\/v2\/types\/post"}],"author":[{"embeddable":true,"href":"https:\/\/noticiarioregional.com.br\/index.php?rest_route=\/wp\/v2\/users\/1"}],"replies":[{"embeddable":true,"href":"https:\/\/noticiarioregional.com.br\/index.php?rest_route=%2Fwp%2Fv2%2Fcomments&post=8055"}],"version-history":[{"count":1,"href":"https:\/\/noticiarioregional.com.br\/index.php?rest_route=\/wp\/v2\/posts\/8055\/revisions"}],"predecessor-version":[{"id":8060,"href":"https:\/\/noticiarioregional.com.br\/index.php?rest_route=\/wp\/v2\/posts\/8055\/revisions\/8060"}],"wp:featuredmedia":[{"embeddable":true,"href":"https:\/\/noticiarioregional.com.br\/index.php?rest_route=\/wp\/v2\/media\/8056"}],"wp:attachment":[{"href":"https:\/\/noticiarioregional.com.br\/index.php?rest_route=%2Fwp%2Fv2%2Fmedia&parent=8055"}],"wp:term":[{"taxonomy":"category","embeddable":true,"href":"https:\/\/noticiarioregional.com.br\/index.php?rest_route=%2Fwp%2Fv2%2Fcategories&post=8055"},{"taxonomy":"post_tag","embeddable":true,"href":"https:\/\/noticiarioregional.com.br\/index.php?rest_route=%2Fwp%2Fv2%2Ftags&post=8055"}],"curies":[{"name":"wp","href":"https:\/\/api.w.org\/{rel}","templated":true}]}}