{"id":8061,"date":"2025-11-12T11:23:22","date_gmt":"2025-11-12T14:23:22","guid":{"rendered":"https:\/\/noticiarioregional.com.br\/?p=8061"},"modified":"2025-11-12T11:23:24","modified_gmt":"2025-11-12T14:23:24","slug":"comissao-organizadora-da-festa-da-fruta-realiza-repasse-e-prestacao-de-contas","status":"publish","type":"post","link":"https:\/\/noticiarioregional.com.br\/?p=8061","title":{"rendered":"Comiss\u00e3o Organizadora da Festa da Fruta realiza repasse e presta\u00e7\u00e3o de contas"},"content":{"rendered":"\n<p><strong>Monda\u00ed &#8211;<\/strong> Na quinta-feira, 23, na sala de reuni\u00f5es da Prefeitura foi realizado o repasse oficial da Comiss\u00e3o Organizadora da Festa da Fruta, CCO para a nova diretoria, acompanhado da presta\u00e7\u00e3o de contas da \u00faltima edi\u00e7\u00e3o do evento, considerada a maior festa do munic\u00edpio.<\/p>\n\n\n\n<p>A reuni\u00e3o contou com a presen\u00e7a do prefeito Elizandro Mainardi, do ex-presidente da comiss\u00e3o, Gilmar Studt, o Chile, do novo presidente provis\u00f3rio, Jerry Alberti, integrantes da nova diretoria e demais membros da administra\u00e7\u00e3o municipal. O encontro teve como objetivo oficializar a troca de gest\u00e3o da comiss\u00e3o e garantir a continuidade dos trabalhos voltados \u00e0 pr\u00f3xima edi\u00e7\u00e3o da Festa da Fruta, prevista para 2027.<\/p>\n\n\n\n<p>Durante a reuni\u00e3o, Chile apresentou um relat\u00f3rio detalhado das a\u00e7\u00f5es da comiss\u00e3o e fez o repasse simb\u00f3lico do saldo positivo de R$ 77.107,76, valor deixado em caixa ap\u00f3s o encerramento das atividades da \u00faltima edi\u00e7\u00e3o. Ele destacou a responsabilidade e o empenho de todos os integrantes, lembrando que a Festa da Fruta movimentou mais de R$ 1,5 milh\u00e3o em receitas e encerrou com as contas em dia.&nbsp;<\/p>\n\n\n\n<p>O prefeito Elizandro Mainardi explicou que, com o encerramento do mandato da antiga comiss\u00e3o e a necessidade de continuidade administrativa, foi criada uma diretoria provis\u00f3ria. A lideran\u00e7a ficar\u00e1 sob responsabilidade de Jerry Alberti, que assume o cargo at\u00e9 a defini\u00e7\u00e3o de uma nova presid\u00eancia definitiva.<\/p>\n\n\n\n<p>A nova comiss\u00e3o foi eleita por unanimidade e ficou assim composta:<\/p>\n\n\n\n<ul class=\"wp-block-list\">\n<li><strong>Presidente:<\/strong> Jerry Alberti<\/li>\n\n\n\n<li><strong>Vice-presidente:<\/strong> Leandro Figleski<\/li>\n\n\n\n<li><strong>2\u00ba Vice-presidente:<\/strong> Juliano de Oliveira<\/li>\n\n\n\n<li><strong>Tesoureira:<\/strong> Karina<\/li>\n\n\n\n<li><strong>2\u00ba Tesoureiro:<\/strong> Marcelo Da\u00ed Prai<\/li>\n\n\n\n<li><strong>Secret\u00e1rio:<\/strong> Marcos Felipe da Silva<\/li>\n\n\n\n<li><strong>2\u00aa Secret\u00e1ria:<\/strong> Ma\u00edsa Carla Bruch Orso<\/li>\n\n\n\n<li><strong>Conselho Fiscal (efetivos):<\/strong> Sidnei Rodrigues, Afonso Henkel e Anderley Konerat<\/li>\n\n\n\n<li><strong>Conselho Fiscal (suplentes):<\/strong> Sidinei Bassorici, Alex Provensi e Ademir de Lima.<\/li>\n<\/ul>\n\n\n\n<p class=\"has-larger-font-size\"><strong>Prefeito anuncia investimentos no Parque da \u00c1rea de Lazer<\/strong><\/p>\n\n\n\n<figure class=\"wp-block-image size-large\"><img fetchpriority=\"high\" decoding=\"async\" width=\"683\" height=\"1024\" src=\"http:\/\/noticiarioregional.com.br\/wp-content\/uploads\/2025\/11\/Prefeito-Mainardi-683x1024.jpg\" alt=\"\" class=\"wp-image-8062\" srcset=\"https:\/\/noticiarioregional.com.br\/wp-content\/uploads\/2025\/11\/Prefeito-Mainardi-683x1024.jpg 683w, https:\/\/noticiarioregional.com.br\/wp-content\/uploads\/2025\/11\/Prefeito-Mainardi-200x300.jpg 200w, https:\/\/noticiarioregional.com.br\/wp-content\/uploads\/2025\/11\/Prefeito-Mainardi-768x1152.jpg 768w, https:\/\/noticiarioregional.com.br\/wp-content\/uploads\/2025\/11\/Prefeito-Mainardi-1024x1536.jpg 1024w, https:\/\/noticiarioregional.com.br\/wp-content\/uploads\/2025\/11\/Prefeito-Mainardi-1365x2048.jpg 1365w, https:\/\/noticiarioregional.com.br\/wp-content\/uploads\/2025\/11\/Prefeito-Mainardi-150x225.jpg 150w, https:\/\/noticiarioregional.com.br\/wp-content\/uploads\/2025\/11\/Prefeito-Mainardi-450x675.jpg 450w, https:\/\/noticiarioregional.com.br\/wp-content\/uploads\/2025\/11\/Prefeito-Mainardi-1200x1800.jpg 1200w, https:\/\/noticiarioregional.com.br\/wp-content\/uploads\/2025\/11\/Prefeito-Mainardi-scaled.jpg 1707w\" sizes=\"(max-width: 683px) 100vw, 683px\" \/><\/figure>\n\n\n\n<p>Durante a reuni\u00e3o, o prefeito Elizandro Mainardi <strong><em>(foto detalhe)<\/em><\/strong> tamb\u00e9m apresentou os principais projetos em andamento voltados \u00e0 infraestrutura do Parque da \u00c1rea de Lazer, local onde a Festa da Fruta \u00e9 realizada. Ele anunciou obras de pavimenta\u00e7\u00e3o asf\u00e1ltica e em concreto, instala\u00e7\u00e3o de cal\u00e7adas, novo sistema de ilumina\u00e7\u00e3o e monitoramento e o in\u00edcio da constru\u00e7\u00e3o de uma arena, que dever\u00e1 ser inaugurada durante a edi\u00e7\u00e3o de 2027. \u201c<em>O palco ser\u00e1 projetado no padr\u00e3o de grandes shows nacionais, com estrutura definitiva e capacidade para receber at\u00e9 10 mil pessoas. S\u00f3 com essa nova arena, a economia para o munic\u00edpio ser\u00e1 de pelo menos R$ 300 mil por edi\u00e7\u00e3o da festa. Esse investimento \u00e9 para o futuro, para garantir que Monda\u00ed continue crescendo e se destacando<\/em>\u201d, explicou o prefeito.<\/p>\n\n\n\n<p>O projeto tamb\u00e9m prev\u00ea a amplia\u00e7\u00e3o da \u00e1rea de exposi\u00e7\u00e3o em 5 mil metros quadrados, beneficiando especialmente o com\u00e9rcio local, e a moderniza\u00e7\u00e3o completa da rede el\u00e9trica e de vigil\u00e2ncia do parque. Al\u00e9m disso, j\u00e1 est\u00e1 em andamento o projeto do lago ornamental, com cal\u00e7amento e ilumina\u00e7\u00e3o, e o licenciamento ambiental de todas as interven\u00e7\u00f5es.<\/p>\n\n\n\n<p>Outra grande novidade \u00e9 o projeto da Ponte P\u00eansil, que ser\u00e1 constru\u00edda sobre a divisa entre o Rio Antas e o Rio Uruguai, com 170 metros de extens\u00e3o. Segundo Mainardi, a estrutura ser\u00e1 a maior do g\u00eanero em Santa Catarina e dever\u00e1 se tornar um novo ponto tur\u00edstico de Monda\u00ed.<\/p>\n\n\n\n<p>O prefeito e a nova comiss\u00e3o tamb\u00e9m anunciaram que o munic\u00edpio protocolou um projeto na Lei Rouanet, que poder\u00e1 garantir at\u00e9 R$ 1 milh\u00e3o em capta\u00e7\u00e3o de recursos para a realiza\u00e7\u00e3o da pr\u00f3xima edi\u00e7\u00e3o. A proposta, j\u00e1 em an\u00e1lise pelo Minist\u00e9rio da Cultura, permitir\u00e1 a redu\u00e7\u00e3o de custos com estrutura, tendas e geradores. \u201c<em>Com o apoio das empresas e o investimento em infraestrutura, poderemos oferecer shows gratuitos \u00e0 popula\u00e7\u00e3o, valorizando o p\u00fablico local e promovendo inclus\u00e3o. A Festa da Fruta \u00e9 do povo de Monda\u00ed, e queremos que todos sintam orgulho desse evento<\/em>\u201d, afirmou o prefeito.<\/p>\n","protected":false},"excerpt":{"rendered":"<p>Monda\u00ed &#8211; Na quinta-feira, 23, na sala de reuni\u00f5es da Prefeitura foi realizado o repasse oficial da Comiss\u00e3o Organizadora da Festa da Fruta, CCO para a nova diretoria, acompanhado da presta\u00e7\u00e3o de contas da \u00faltima edi\u00e7\u00e3o do evento, considerada a maior festa do munic\u00edpio. A reuni\u00e3o contou com a presen\u00e7a do prefeito Elizandro Mainardi, do<\/p>\n","protected":false},"author":1,"featured_media":8063,"comment_status":"open","ping_status":"open","sticky":false,"template":"","format":"standard","meta":{"footnotes":""},"categories":[41],"tags":[],"class_list":{"0":"post-8061","1":"post","2":"type-post","3":"status-publish","4":"format-standard","5":"has-post-thumbnail","7":"category-noticias"},"_links":{"self":[{"href":"https:\/\/noticiarioregional.com.br\/index.php?rest_route=\/wp\/v2\/posts\/8061","targetHints":{"allow":["GET"]}}],"collection":[{"href":"https:\/\/noticiarioregional.com.br\/index.php?rest_route=\/wp\/v2\/posts"}],"about":[{"href":"https:\/\/noticiarioregional.com.br\/index.php?rest_route=\/wp\/v2\/types\/post"}],"author":[{"embeddable":true,"href":"https:\/\/noticiarioregional.com.br\/index.php?rest_route=\/wp\/v2\/users\/1"}],"replies":[{"embeddable":true,"href":"https:\/\/noticiarioregional.com.br\/index.php?rest_route=%2Fwp%2Fv2%2Fcomments&post=8061"}],"version-history":[{"count":1,"href":"https:\/\/noticiarioregional.com.br\/index.php?rest_route=\/wp\/v2\/posts\/8061\/revisions"}],"predecessor-version":[{"id":8064,"href":"https:\/\/noticiarioregional.com.br\/index.php?rest_route=\/wp\/v2\/posts\/8061\/revisions\/8064"}],"wp:featuredmedia":[{"embeddable":true,"href":"https:\/\/noticiarioregional.com.br\/index.php?rest_route=\/wp\/v2\/media\/8063"}],"wp:attachment":[{"href":"https:\/\/noticiarioregional.com.br\/index.php?rest_route=%2Fwp%2Fv2%2Fmedia&parent=8061"}],"wp:term":[{"taxonomy":"category","embeddable":true,"href":"https:\/\/noticiarioregional.com.br\/index.php?rest_route=%2Fwp%2Fv2%2Fcategories&post=8061"},{"taxonomy":"post_tag","embeddable":true,"href":"https:\/\/noticiarioregional.com.br\/index.php?rest_route=%2Fwp%2Fv2%2Ftags&post=8061"}],"curies":[{"name":"wp","href":"https:\/\/api.w.org\/{rel}","templated":true}]}}