{"id":8073,"date":"2025-11-18T08:36:07","date_gmt":"2025-11-18T11:36:07","guid":{"rendered":"https:\/\/noticiarioregional.com.br\/?p=8073"},"modified":"2025-11-18T08:36:09","modified_gmt":"2025-11-18T11:36:09","slug":"municipio-recebe-patrola-e-trator-de-esteira-para-reforcar-trabalhos-nas-estradas-e-acessos","status":"publish","type":"post","link":"https:\/\/noticiarioregional.com.br\/?p=8073","title":{"rendered":"Munic\u00edpio recebe Patrola e Trator de Esteira para refor\u00e7ar trabalhos nas estradas e acessos"},"content":{"rendered":"\n<p><strong>Ipor\u00e3 do Oeste &#8211;<\/strong> Na manh\u00e3 de quarta-feira, 05, a Administra\u00e7\u00e3o Municipal de Ipor\u00e3 do Oeste, recebeu, por meio da entrega t\u00e9cnica da empresa vendedora, duas novas m\u00e1quinas que ir\u00e3o refor\u00e7ar os trabalhos de manuten\u00e7\u00e3o e melhoria das estradas, acessos e de infraestrutura do munic\u00edpio, prestados pela secretaria de Agricultura, Transportes e Obras.<\/p>\n\n\n\n<p>Entre as conquistas, est\u00e1 uma motoniveladoratipo C, com peso operacional de 18.400 kg, adquirida por meio do Programa Santa Catarina \u2013 Levada a S\u00e9rio (2\u00aa edi\u00e7\u00e3o), do Governo de Santa Catarina. O investimento total foi de R$ 1.138.000,00. Al\u00e9m da patrola, o munic\u00edpio tamb\u00e9m recebeu um trator de esteira, com peso operacional entre 13.500 kg e 14.400 kg, adquirido com recursos pr\u00f3prios, representando um investimento de R$ 980.000,00.<\/p>\n\n\n\n<p>De acordo com o prefeito Michel Barth<em>, \u201ccom esse importante refor\u00e7o na frota, a secretaria de Agricultura, Transportes e Obras passa a contar com mais estrutura para atender a popula\u00e7\u00e3o com mais efici\u00eancia, agilidade e qualidade nos servi\u00e7os prestados em todo o munic\u00edpio\u201d.<\/em><\/p>\n","protected":false},"excerpt":{"rendered":"<p>Ipor\u00e3 do Oeste &#8211; Na manh\u00e3 de quarta-feira, 05, a Administra\u00e7\u00e3o Municipal de Ipor\u00e3 do Oeste, recebeu, por meio da entrega t\u00e9cnica da empresa vendedora, duas novas m\u00e1quinas que ir\u00e3o refor\u00e7ar os trabalhos de manuten\u00e7\u00e3o e melhoria das estradas, acessos e de infraestrutura do munic\u00edpio, prestados pela secretaria de Agricultura, Transportes e Obras. Entre as<\/p>\n","protected":false},"author":1,"featured_media":8074,"comment_status":"open","ping_status":"open","sticky":false,"template":"","format":"standard","meta":{"footnotes":""},"categories":[41],"tags":[],"class_list":{"0":"post-8073","1":"post","2":"type-post","3":"status-publish","4":"format-standard","5":"has-post-thumbnail","7":"category-noticias"},"_links":{"self":[{"href":"https:\/\/noticiarioregional.com.br\/index.php?rest_route=\/wp\/v2\/posts\/8073","targetHints":{"allow":["GET"]}}],"collection":[{"href":"https:\/\/noticiarioregional.com.br\/index.php?rest_route=\/wp\/v2\/posts"}],"about":[{"href":"https:\/\/noticiarioregional.com.br\/index.php?rest_route=\/wp\/v2\/types\/post"}],"author":[{"embeddable":true,"href":"https:\/\/noticiarioregional.com.br\/index.php?rest_route=\/wp\/v2\/users\/1"}],"replies":[{"embeddable":true,"href":"https:\/\/noticiarioregional.com.br\/index.php?rest_route=%2Fwp%2Fv2%2Fcomments&post=8073"}],"version-history":[{"count":1,"href":"https:\/\/noticiarioregional.com.br\/index.php?rest_route=\/wp\/v2\/posts\/8073\/revisions"}],"predecessor-version":[{"id":8075,"href":"https:\/\/noticiarioregional.com.br\/index.php?rest_route=\/wp\/v2\/posts\/8073\/revisions\/8075"}],"wp:featuredmedia":[{"embeddable":true,"href":"https:\/\/noticiarioregional.com.br\/index.php?rest_route=\/wp\/v2\/media\/8074"}],"wp:attachment":[{"href":"https:\/\/noticiarioregional.com.br\/index.php?rest_route=%2Fwp%2Fv2%2Fmedia&parent=8073"}],"wp:term":[{"taxonomy":"category","embeddable":true,"href":"https:\/\/noticiarioregional.com.br\/index.php?rest_route=%2Fwp%2Fv2%2Fcategories&post=8073"},{"taxonomy":"post_tag","embeddable":true,"href":"https:\/\/noticiarioregional.com.br\/index.php?rest_route=%2Fwp%2Fv2%2Ftags&post=8073"}],"curies":[{"name":"wp","href":"https:\/\/api.w.org\/{rel}","templated":true}]}}