{"id":8086,"date":"2025-11-18T08:44:29","date_gmt":"2025-11-18T11:44:29","guid":{"rendered":"https:\/\/noticiarioregional.com.br\/?p=8086"},"modified":"2025-11-18T08:44:30","modified_gmt":"2025-11-18T11:44:30","slug":"dois-aniversarios-para-comemorar","status":"publish","type":"post","link":"https:\/\/noticiarioregional.com.br\/?p=8086","title":{"rendered":"\u201cDois anivers\u00e1rios para comemorar\u201d"},"content":{"rendered":"\n<p><strong>Por Joana Reichert<\/strong><\/p>\n\n\n\n<p><strong>Ipor\u00e3 do Oeste \u2013<\/strong> A pequena Cec\u00edlia, filha de Daniela Pereira Magnaguagno e Daniel Magnaguagno, tinha apenas dois meses de vida quando passou por uma grande prova da sua for\u00e7a de vontade e disposi\u00e7\u00e3o para viver. A m\u00e3e conta que tudo come\u00e7ou com uma simples gripe, mas os sintomas se agravaram e evolu\u00edram para a bronquiolite, provocando febre, respira\u00e7\u00e3o ofegante e chiados no peito.<\/p>\n\n\n\n<p>A&nbsp;bronquiolite&nbsp;\u00e9 uma doen\u00e7a respirat\u00f3ria aguda que afeta principalmente crian\u00e7as com menos de dois anos.&nbsp;\u00c9 caracterizada pela inflama\u00e7\u00e3o dos bronqu\u00edolos, pequenas vias \u00e1reas dos pulm\u00f5es. A doen\u00e7a \u00e9 causada principalmente por infec\u00e7\u00f5es virais.<\/p>\n\n\n\n<p>A fam\u00edlia, que reside na Linha Esperan\u00e7a, buscou ajuda m\u00e9dica e foram longas semanas de tratamento entre um hospital e outro. Daniela explica que o in\u00edcio de tudo foi no dia 29 de setembro de 2024. Cecilia internou no hospital de Ipor\u00e3 do Oeste, e no outro dia foi transferida para o regional de S\u00e3o Miguel do Oeste, onde teve que ficar seis dias no oxig\u00eanio. Como o resultado n\u00e3o estava sendo o esperado, a beb\u00ea foi entubada na UTI, por cerca de 12 dias. Em busca de um tratamento melhor, Cec\u00edlia foi novamente transferida para o hospital de Chapec\u00f3, onde ficou por mais 12 dias na UTI pedi\u00e1trica. Foram mais alguns dias internada. No dia 16 de outubro de 2024 foi desentubada e no dia seguinte recebeu alta.<\/p>\n\n\n\n<p>Cec\u00edlia parecia ter melhorado, mas depois de ficar uma semana em casa, os pais tiveram que levar a filha novamente ao hospital, por conta de problemas no pulm\u00e3o. Depois disso, a m\u00e3e conta que Cec\u00edlia teve uma boa recupera\u00e7\u00e3o. Nesse per\u00edodo passou por tratamento com fonoaudi\u00f3loga, fisioterapeuta e mant\u00e9m as consultas com pediatra. Para os pais, a filha Cec\u00edlia tem duas datas para comemorar o seu anivers\u00e1rio, a que nasceu, em julho, e tamb\u00e9m a data que marca o fim de um per\u00edodo dif\u00edcil de enfrentamento a doen\u00e7a, em outubro.<\/p>\n\n\n\n<p>Como m\u00e3e, Daniela aconselha aos demais pais a n\u00e3o esperarem para levar seus filhos ao atendimento m\u00e9dico, quando apresentarem algum sintoma, considerando que h\u00e1 muitos casos de bronquiolite novamente, doen\u00e7a que se manifesta n\u00e3o apenas no inverno. Comenta que buscar ajuda o quanto antes pode salvar a vida do filho. Para Daniela e Daniel, ver a filha Cec\u00edlia hoje bem, com sa\u00fade, se desenvolvendo bem, junto com a filha mais velha de sete anos, a Ana Paula, \u00e9 muito gratificante e motivo de felicidade.<strong>Ipor\u00e3 do Oeste \u2013<\/strong> A pequena Cec\u00edlia, filha de Daniela Pereira Magnaguagno e Daniel Magnaguagno, tinha apenas dois meses de vida quando passou por uma grande prova da sua for\u00e7a de vontade e disposi\u00e7\u00e3o para viver. A m\u00e3e conta que tudo come\u00e7ou com uma simples gripe, mas os sintomas se agravaram e evolu\u00edram para a bronquiolite, provocando febre, respira\u00e7\u00e3o ofegante e chiados no peito.<\/p>\n\n\n\n<p>A&nbsp;bronquiolite&nbsp;\u00e9 uma doen\u00e7a respirat\u00f3ria aguda que afeta principalmente crian\u00e7as com menos de dois anos.&nbsp;\u00c9 caracterizada pela inflama\u00e7\u00e3o dos bronqu\u00edolos, pequenas vias \u00e1reas dos pulm\u00f5es. A doen\u00e7a \u00e9 causada principalmente por infec\u00e7\u00f5es virais.<\/p>\n\n\n\n<p>A fam\u00edlia, que reside na Linha Esperan\u00e7a, buscou ajuda m\u00e9dica e foram longas semanas de tratamento entre um hospital e outro. Daniela explica que o in\u00edcio de tudo foi no dia 29 de setembro de 2024. Cecilia internou no hospital de Ipor\u00e3 do Oeste, e no outro dia foi transferida para o regional de S\u00e3o Miguel do Oeste, onde teve que ficar seis dias no oxig\u00eanio. Como o resultado n\u00e3o estava sendo o esperado, a beb\u00ea foi entubada na UTI, por cerca de 12 dias. Em busca de um tratamento melhor, Cec\u00edlia foi novamente transferida para o hospital de Chapec\u00f3, onde ficou por mais 12 dias na UTI pedi\u00e1trica. Foram mais alguns dias internada. No dia 16 de outubro de 2024 foi desentubada e no dia seguinte recebeu alta.<\/p>\n\n\n\n<figure class=\"wp-block-image size-full\"><img fetchpriority=\"high\" decoding=\"async\" width=\"561\" height=\"980\" src=\"https:\/\/noticiarioregional.com.br\/wp-content\/uploads\/2025\/11\/Cecilia-ficou-quase-um-mes-entre-o-hospital-de-Sao-Miguel-e-Chapeco.jpg\" alt=\"\" class=\"wp-image-8088\" srcset=\"https:\/\/noticiarioregional.com.br\/wp-content\/uploads\/2025\/11\/Cecilia-ficou-quase-um-mes-entre-o-hospital-de-Sao-Miguel-e-Chapeco.jpg 561w, https:\/\/noticiarioregional.com.br\/wp-content\/uploads\/2025\/11\/Cecilia-ficou-quase-um-mes-entre-o-hospital-de-Sao-Miguel-e-Chapeco-172x300.jpg 172w, https:\/\/noticiarioregional.com.br\/wp-content\/uploads\/2025\/11\/Cecilia-ficou-quase-um-mes-entre-o-hospital-de-Sao-Miguel-e-Chapeco-150x262.jpg 150w, https:\/\/noticiarioregional.com.br\/wp-content\/uploads\/2025\/11\/Cecilia-ficou-quase-um-mes-entre-o-hospital-de-Sao-Miguel-e-Chapeco-450x786.jpg 450w\" sizes=\"(max-width: 561px) 100vw, 561px\" \/><figcaption class=\"wp-element-caption\">Cec\u00edlia ficou quase um m\u00eas entre o hospital de S\u00e3o Miguel e Chapec\u00f3<\/figcaption><\/figure>\n\n\n\n<p>Cec\u00edlia parecia ter melhorado, mas depois de ficar uma semana em casa, os pais tiveram que levar a filha novamente ao hospital, por conta de problemas no pulm\u00e3o. Depois disso, a m\u00e3e conta que Cec\u00edlia teve uma boa recupera\u00e7\u00e3o. Nesse per\u00edodo passou por tratamento com fonoaudi\u00f3loga, fisioterapeuta e mant\u00e9m as consultas com pediatra. Para os pais, a filha Cec\u00edlia tem duas datas para comemorar o seu anivers\u00e1rio, a que nasceu, em julho, e tamb\u00e9m a data que marca o fim de um per\u00edodo dif\u00edcil de enfrentamento a doen\u00e7a, em outubro.<\/p>\n\n\n\n<p>Como m\u00e3e, Daniela aconselha aos demais pais a n\u00e3o esperarem para levar seus filhos ao atendimento m\u00e9dico, quando apresentarem algum sintoma, considerando que h\u00e1 muitos casos de bronquiolite novamente, doen\u00e7a que se manifesta n\u00e3o apenas no inverno. Comenta que buscar ajuda o quanto antes pode salvar a vida do filho. Para Daniela e Daniel, ver a filha Cec\u00edlia hoje bem, com sa\u00fade, se desenvolvendo bem, junto com a filha mais velha de sete anos, a Ana Paula, \u00e9 muito gratificante e motivo de felicidade.<\/p>\n","protected":false},"excerpt":{"rendered":"<p>Por Joana Reichert Ipor\u00e3 do Oeste \u2013 A pequena Cec\u00edlia, filha de Daniela Pereira Magnaguagno e Daniel Magnaguagno, tinha apenas dois meses de vida quando passou por uma grande prova da sua for\u00e7a de vontade e disposi\u00e7\u00e3o para viver. A m\u00e3e conta que tudo come\u00e7ou com uma simples gripe, mas os sintomas se agravaram e<\/p>\n","protected":false},"author":1,"featured_media":8087,"comment_status":"open","ping_status":"open","sticky":false,"template":"","format":"standard","meta":{"footnotes":""},"categories":[42],"tags":[],"class_list":{"0":"post-8086","1":"post","2":"type-post","3":"status-publish","4":"format-standard","5":"has-post-thumbnail","7":"category-destaque"},"_links":{"self":[{"href":"https:\/\/noticiarioregional.com.br\/index.php?rest_route=\/wp\/v2\/posts\/8086","targetHints":{"allow":["GET"]}}],"collection":[{"href":"https:\/\/noticiarioregional.com.br\/index.php?rest_route=\/wp\/v2\/posts"}],"about":[{"href":"https:\/\/noticiarioregional.com.br\/index.php?rest_route=\/wp\/v2\/types\/post"}],"author":[{"embeddable":true,"href":"https:\/\/noticiarioregional.com.br\/index.php?rest_route=\/wp\/v2\/users\/1"}],"replies":[{"embeddable":true,"href":"https:\/\/noticiarioregional.com.br\/index.php?rest_route=%2Fwp%2Fv2%2Fcomments&post=8086"}],"version-history":[{"count":1,"href":"https:\/\/noticiarioregional.com.br\/index.php?rest_route=\/wp\/v2\/posts\/8086\/revisions"}],"predecessor-version":[{"id":8089,"href":"https:\/\/noticiarioregional.com.br\/index.php?rest_route=\/wp\/v2\/posts\/8086\/revisions\/8089"}],"wp:featuredmedia":[{"embeddable":true,"href":"https:\/\/noticiarioregional.com.br\/index.php?rest_route=\/wp\/v2\/media\/8087"}],"wp:attachment":[{"href":"https:\/\/noticiarioregional.com.br\/index.php?rest_route=%2Fwp%2Fv2%2Fmedia&parent=8086"}],"wp:term":[{"taxonomy":"category","embeddable":true,"href":"https:\/\/noticiarioregional.com.br\/index.php?rest_route=%2Fwp%2Fv2%2Fcategories&post=8086"},{"taxonomy":"post_tag","embeddable":true,"href":"https:\/\/noticiarioregional.com.br\/index.php?rest_route=%2Fwp%2Fv2%2Ftags&post=8086"}],"curies":[{"name":"wp","href":"https:\/\/api.w.org\/{rel}","templated":true}]}}