{"id":8104,"date":"2025-11-26T08:18:25","date_gmt":"2025-11-26T11:18:25","guid":{"rendered":"https:\/\/noticiarioregional.com.br\/?p=8104"},"modified":"2025-11-26T08:20:33","modified_gmt":"2025-11-26T11:20:33","slug":"aciio-e-empresas-associadas-iniciam-campanha-do-show-de-premios-2025","status":"publish","type":"post","link":"https:\/\/noticiarioregional.com.br\/?p=8104","title":{"rendered":"ACIIO e empresas associadas iniciam campanha do Show de Pr\u00eamios 2025"},"content":{"rendered":"\n<p>Joana Reichert<\/p>\n\n\n\n<p><em>Ser\u00e3o R$ 50 mil em pr\u00eamios distribu\u00eddos aos clientes pelo com\u00e9rcio local<\/em><\/p>\n\n\n\n<p>A partir do dia 16 de novembro os clientes que realizam compras nas empresas associadas a Associa\u00e7\u00e3o Empresarial de Ipor\u00e3 do Oeste recebem cupons para concorrer a pr\u00eamios que ser\u00e3o sorteados no final do ano. A campanha Show de Pr\u00eamios 2025 objetiva fomentar as compras no com\u00e9rcio local e gerar integra\u00e7\u00e3o e parceria entre os associados a ACIIO\/CDL.<\/p>\n\n\n\n<p>A campanha ser\u00e1 desenvolvida do dia 16 de novembro ao dia 27 de dezembro. Ser\u00e3o R$ 50 mil em premia\u00e7\u00e3o, e 74 empresas participantes da campanha. A rela\u00e7\u00e3o dos pr\u00eamios contempla: 1 scooter el\u00e9trica (moto el\u00e9trica); 1 pacote com duas di\u00e1rias em Resort na regi\u00e3o de Ita (ganhador + acompanhante); 1 TV 65&#8243;; 1 di\u00e1ria no Chal\u00e9 Monte Maria \u2013 Cabana Flora (ganhador + acompanhante); 1 di\u00e1ria no Chal\u00e9 Monte Maria &#8211; Cabana Eliot (ganhador + acompanhante); 1 Rob\u00f4 Aspirador Xiaomi; 1 Adega Brastemp 12 garrafas e 1 Cervejeira Consul 82l. Ser\u00e1 sorteada ainda uma alexa por empresa participante.<\/p>\n\n\n\n<p>O sorteio ser\u00e1 realizado dia 27 de dezembro a partir das 21h, na \u00e1rea coberta, junto com o evento natalino promovido pelo munic\u00edpio. O sorteio das alexas pelas empresas participantes da campanha tamb\u00e9m ser\u00e1 dia 27 de dezembro, na urna da pr\u00f3pria empresa. Os ganhadores das alexas n\u00e3o participam do sorteio geral.<\/p>\n","protected":false},"excerpt":{"rendered":"<p>Joana Reichert Ser\u00e3o R$ 50 mil em pr\u00eamios distribu\u00eddos aos clientes pelo com\u00e9rcio local A partir do dia 16 de novembro os clientes que realizam compras nas empresas associadas a Associa\u00e7\u00e3o Empresarial de Ipor\u00e3 do Oeste recebem cupons para concorrer a pr\u00eamios que ser\u00e3o sorteados no final do ano. A campanha Show de Pr\u00eamios 2025<\/p>\n","protected":false},"author":1,"featured_media":8105,"comment_status":"open","ping_status":"open","sticky":false,"template":"","format":"standard","meta":{"footnotes":""},"categories":[41],"tags":[],"class_list":{"0":"post-8104","1":"post","2":"type-post","3":"status-publish","4":"format-standard","5":"has-post-thumbnail","7":"category-noticias"},"_links":{"self":[{"href":"https:\/\/noticiarioregional.com.br\/index.php?rest_route=\/wp\/v2\/posts\/8104","targetHints":{"allow":["GET"]}}],"collection":[{"href":"https:\/\/noticiarioregional.com.br\/index.php?rest_route=\/wp\/v2\/posts"}],"about":[{"href":"https:\/\/noticiarioregional.com.br\/index.php?rest_route=\/wp\/v2\/types\/post"}],"author":[{"embeddable":true,"href":"https:\/\/noticiarioregional.com.br\/index.php?rest_route=\/wp\/v2\/users\/1"}],"replies":[{"embeddable":true,"href":"https:\/\/noticiarioregional.com.br\/index.php?rest_route=%2Fwp%2Fv2%2Fcomments&post=8104"}],"version-history":[{"count":3,"href":"https:\/\/noticiarioregional.com.br\/index.php?rest_route=\/wp\/v2\/posts\/8104\/revisions"}],"predecessor-version":[{"id":8108,"href":"https:\/\/noticiarioregional.com.br\/index.php?rest_route=\/wp\/v2\/posts\/8104\/revisions\/8108"}],"wp:featuredmedia":[{"embeddable":true,"href":"https:\/\/noticiarioregional.com.br\/index.php?rest_route=\/wp\/v2\/media\/8105"}],"wp:attachment":[{"href":"https:\/\/noticiarioregional.com.br\/index.php?rest_route=%2Fwp%2Fv2%2Fmedia&parent=8104"}],"wp:term":[{"taxonomy":"category","embeddable":true,"href":"https:\/\/noticiarioregional.com.br\/index.php?rest_route=%2Fwp%2Fv2%2Fcategories&post=8104"},{"taxonomy":"post_tag","embeddable":true,"href":"https:\/\/noticiarioregional.com.br\/index.php?rest_route=%2Fwp%2Fv2%2Ftags&post=8104"}],"curies":[{"name":"wp","href":"https:\/\/api.w.org\/{rel}","templated":true}]}}