{"id":8109,"date":"2025-11-28T10:05:37","date_gmt":"2025-11-28T13:05:37","guid":{"rendered":"https:\/\/noticiarioregional.com.br\/?p=8109"},"modified":"2025-11-28T10:05:38","modified_gmt":"2025-11-28T13:05:38","slug":"casa-catarina-obras-devem-iniciar-em-janeiro","status":"publish","type":"post","link":"https:\/\/noticiarioregional.com.br\/?p=8109","title":{"rendered":"Casa Catarina: obras devem iniciar em janeiro"},"content":{"rendered":"\n<p>O munic\u00edpio de Monda\u00ed foi contemplado com 20 unidades habitacionais por meio do Programa Casa Catarina, iniciativa do Governo do Estado de Santa Catarina que visa promover moradia digna para fam\u00edlias em situa\u00e7\u00e3o de vulnerabilidade social. As casas ser\u00e3o constru\u00eddas no bairro Capivara, com investimento total de R$ 2.280.000,00 \u2014 o equivalente a R$ 114 mil por unidade.<\/p>\n\n\n\n<p>Conforme o secret\u00e1rio Municipal de Planejamento, Marcos Felipe da Silva, todas as licen\u00e7as ambientais necess\u00e1rias para a implanta\u00e7\u00e3o do projeto j\u00e1 foram oficialmente liberadas, permitindo o avan\u00e7o para a pr\u00f3xima etapa. No momento, o processo encontra-se em fase de licita\u00e7\u00e3o para a constru\u00e7\u00e3o das moradias, o vencedor da licita\u00e7\u00e3o deve ser conhecido a partir da primeira quinzena de dezembro. A previs\u00e3o \u00e9 de que as obras sejam iniciadas j\u00e1 no m\u00eas de janeiro, caso n\u00e3o haja intercorr\u00eancias no processo licitat\u00f3rio.<\/p>\n\n\n\n<p>O programa estabelece que os munic\u00edpios contemplados disponibilizem um terreno p\u00fablico para execu\u00e7\u00e3o do projeto, al\u00e9m de garantir a infraestrutura essencial, como redes de \u00e1gua, energia el\u00e9trica, esgoto e acesso vi\u00e1rio. A Prefeitura de Monda\u00ed \u00e9 respons\u00e1vel pelas etapas de licita\u00e7\u00e3o, execu\u00e7\u00e3o e fiscaliza\u00e7\u00e3o das obras, seguindo o projeto-padr\u00e3o fornecido pelo Governo do Estado.<\/p>\n\n\n\n<p>A secret\u00e1ria municipal de Assist\u00eancia Social, N\u00e1dia Queiroz C\u00edceri, explica que ap\u00f3s a conclus\u00e3o das obras ser\u00e1 lan\u00e7ado o edital p\u00fablico contendo os crit\u00e9rios de sele\u00e7\u00e3o das fam\u00edlias que poder\u00e3o ser beneficiadas. A Administra\u00e7\u00e3o Municipal ficar\u00e1 encarregada de realizar o processo de an\u00e1lise, ranqueamento e sele\u00e7\u00e3o, com base nas diretrizes da Secretaria de Estado da Assist\u00eancia Social (SAS) e nas normas do programa.<\/p>\n\n\n\n<p>As fam\u00edlias interessadas dever\u00e3o realizar cadastro junto \u00e0 Prefeitura de Monda\u00ed dentro do prazo que ainda ser\u00e1 divulgado pelos canais oficiais do munic\u00edpio. Ap\u00f3s a inscri\u00e7\u00e3o, ser\u00e1 realizada uma avalia\u00e7\u00e3o criteriosa, e a lista dos inscritos ser\u00e1 publicada no Di\u00e1rio Oficial dos Munic\u00edpios de Santa Catarina, assegurando transpar\u00eancia em todas as etapas.<\/p>\n","protected":false},"excerpt":{"rendered":"<p>O munic\u00edpio de Monda\u00ed foi contemplado com 20 unidades habitacionais por meio do Programa Casa Catarina, iniciativa do Governo do Estado de Santa Catarina que visa promover moradia digna para fam\u00edlias em situa\u00e7\u00e3o de vulnerabilidade social. As casas ser\u00e3o constru\u00eddas no bairro Capivara, com investimento total de R$ 2.280.000,00 \u2014 o equivalente a R$ 114<\/p>\n","protected":false},"author":1,"featured_media":8110,"comment_status":"open","ping_status":"open","sticky":false,"template":"","format":"standard","meta":{"footnotes":""},"categories":[41],"tags":[],"class_list":{"0":"post-8109","1":"post","2":"type-post","3":"status-publish","4":"format-standard","5":"has-post-thumbnail","7":"category-noticias"},"_links":{"self":[{"href":"https:\/\/noticiarioregional.com.br\/index.php?rest_route=\/wp\/v2\/posts\/8109","targetHints":{"allow":["GET"]}}],"collection":[{"href":"https:\/\/noticiarioregional.com.br\/index.php?rest_route=\/wp\/v2\/posts"}],"about":[{"href":"https:\/\/noticiarioregional.com.br\/index.php?rest_route=\/wp\/v2\/types\/post"}],"author":[{"embeddable":true,"href":"https:\/\/noticiarioregional.com.br\/index.php?rest_route=\/wp\/v2\/users\/1"}],"replies":[{"embeddable":true,"href":"https:\/\/noticiarioregional.com.br\/index.php?rest_route=%2Fwp%2Fv2%2Fcomments&post=8109"}],"version-history":[{"count":1,"href":"https:\/\/noticiarioregional.com.br\/index.php?rest_route=\/wp\/v2\/posts\/8109\/revisions"}],"predecessor-version":[{"id":8111,"href":"https:\/\/noticiarioregional.com.br\/index.php?rest_route=\/wp\/v2\/posts\/8109\/revisions\/8111"}],"wp:featuredmedia":[{"embeddable":true,"href":"https:\/\/noticiarioregional.com.br\/index.php?rest_route=\/wp\/v2\/media\/8110"}],"wp:attachment":[{"href":"https:\/\/noticiarioregional.com.br\/index.php?rest_route=%2Fwp%2Fv2%2Fmedia&parent=8109"}],"wp:term":[{"taxonomy":"category","embeddable":true,"href":"https:\/\/noticiarioregional.com.br\/index.php?rest_route=%2Fwp%2Fv2%2Fcategories&post=8109"},{"taxonomy":"post_tag","embeddable":true,"href":"https:\/\/noticiarioregional.com.br\/index.php?rest_route=%2Fwp%2Fv2%2Ftags&post=8109"}],"curies":[{"name":"wp","href":"https:\/\/api.w.org\/{rel}","templated":true}]}}