{"id":8116,"date":"2025-11-28T10:26:03","date_gmt":"2025-11-28T13:26:03","guid":{"rendered":"https:\/\/noticiarioregional.com.br\/?p=8116"},"modified":"2025-11-28T10:26:04","modified_gmt":"2025-11-28T13:26:04","slug":"amelia-e-sadi-agostini-uma-historia-de-fe-coragem-e-raizes-que-atravessam-geracoes","status":"publish","type":"post","link":"https:\/\/noticiarioregional.com.br\/?p=8116","title":{"rendered":"Am\u00e9lia e Sadi Agostini: Uma hist\u00f3ria de f\u00e9, coragem e ra\u00edzes que atravessam gera\u00e7\u00f5es"},"content":{"rendered":"\n<figure class=\"wp-block-image size-large\"><img fetchpriority=\"high\" decoding=\"async\" width=\"751\" height=\"1024\" src=\"https:\/\/noticiarioregional.com.br\/wp-content\/uploads\/2025\/11\/NR-43_page-0001-7-751x1024.jpg\" alt=\"\" class=\"wp-image-8117\" srcset=\"https:\/\/noticiarioregional.com.br\/wp-content\/uploads\/2025\/11\/NR-43_page-0001-7-751x1024.jpg 751w, https:\/\/noticiarioregional.com.br\/wp-content\/uploads\/2025\/11\/NR-43_page-0001-7-220x300.jpg 220w, https:\/\/noticiarioregional.com.br\/wp-content\/uploads\/2025\/11\/NR-43_page-0001-7-768x1047.jpg 768w, https:\/\/noticiarioregional.com.br\/wp-content\/uploads\/2025\/11\/NR-43_page-0001-7-1127x1536.jpg 1127w, https:\/\/noticiarioregional.com.br\/wp-content\/uploads\/2025\/11\/NR-43_page-0001-7-1502x2048.jpg 1502w, https:\/\/noticiarioregional.com.br\/wp-content\/uploads\/2025\/11\/NR-43_page-0001-7-150x204.jpg 150w, https:\/\/noticiarioregional.com.br\/wp-content\/uploads\/2025\/11\/NR-43_page-0001-7-450x613.jpg 450w, https:\/\/noticiarioregional.com.br\/wp-content\/uploads\/2025\/11\/NR-43_page-0001-7-1200x1636.jpg 1200w, https:\/\/noticiarioregional.com.br\/wp-content\/uploads\/2025\/11\/NR-43_page-0001-7.jpg 1625w\" sizes=\"(max-width: 751px) 100vw, 751px\" \/><\/figure>\n","protected":false},"excerpt":{"rendered":"","protected":false},"author":1,"featured_media":8118,"comment_status":"open","ping_status":"open","sticky":false,"template":"","format":"standard","meta":{"footnotes":""},"categories":[48],"tags":[],"class_list":{"0":"post-8116","1":"post","2":"type-post","3":"status-publish","4":"format-standard","5":"has-post-thumbnail","7":"category-a-vida-como-ela-e"},"_links":{"self":[{"href":"https:\/\/noticiarioregional.com.br\/index.php?rest_route=\/wp\/v2\/posts\/8116","targetHints":{"allow":["GET"]}}],"collection":[{"href":"https:\/\/noticiarioregional.com.br\/index.php?rest_route=\/wp\/v2\/posts"}],"about":[{"href":"https:\/\/noticiarioregional.com.br\/index.php?rest_route=\/wp\/v2\/types\/post"}],"author":[{"embeddable":true,"href":"https:\/\/noticiarioregional.com.br\/index.php?rest_route=\/wp\/v2\/users\/1"}],"replies":[{"embeddable":true,"href":"https:\/\/noticiarioregional.com.br\/index.php?rest_route=%2Fwp%2Fv2%2Fcomments&post=8116"}],"version-history":[{"count":1,"href":"https:\/\/noticiarioregional.com.br\/index.php?rest_route=\/wp\/v2\/posts\/8116\/revisions"}],"predecessor-version":[{"id":8119,"href":"https:\/\/noticiarioregional.com.br\/index.php?rest_route=\/wp\/v2\/posts\/8116\/revisions\/8119"}],"wp:featuredmedia":[{"embeddable":true,"href":"https:\/\/noticiarioregional.com.br\/index.php?rest_route=\/wp\/v2\/media\/8118"}],"wp:attachment":[{"href":"https:\/\/noticiarioregional.com.br\/index.php?rest_route=%2Fwp%2Fv2%2Fmedia&parent=8116"}],"wp:term":[{"taxonomy":"category","embeddable":true,"href":"https:\/\/noticiarioregional.com.br\/index.php?rest_route=%2Fwp%2Fv2%2Fcategories&post=8116"},{"taxonomy":"post_tag","embeddable":true,"href":"https:\/\/noticiarioregional.com.br\/index.php?rest_route=%2Fwp%2Fv2%2Ftags&post=8116"}],"curies":[{"name":"wp","href":"https:\/\/api.w.org\/{rel}","templated":true}]}}