{"id":8120,"date":"2025-11-28T10:51:42","date_gmt":"2025-11-28T13:51:42","guid":{"rendered":"https:\/\/noticiarioregional.com.br\/?p=8120"},"modified":"2025-11-28T10:51:44","modified_gmt":"2025-11-28T13:51:44","slug":"caibi-recebe-novos-equipamentos-com-investimento-de-r-450-mil-do-governo-do-estado","status":"publish","type":"post","link":"https:\/\/noticiarioregional.com.br\/?p=8120","title":{"rendered":"Caibi recebe novos equipamentos com investimento de R$ 450 mil do Governo do Estado"},"content":{"rendered":"\n<p><strong>Caibi &#8211;<\/strong> O Munic\u00edpio foi contemplado com importantes investimentos do Governo do Estado de Santa Catarina, por meio do Programa \u201cSanta Catarina Levada a S\u00e9rio\u201d, que destinou R$ 450 mil para a aquisi\u00e7\u00e3o de equipamentos voltados \u00e0 melhoria da infraestrutura e dos servi\u00e7os urbanos.<\/p>\n\n\n\n<p>De acordo com o vice-prefeito Leonardo Gallon, o valor foi utilizado para a compra de um Rolo Compactador, equipamento essencial para a manuten\u00e7\u00e3o e recupera\u00e7\u00e3o de estradas e vias p\u00fablicas<em>. \u201cO rolo veio do Governo do Estado, atrav\u00e9s do Programa Santa Catarina Levada a S\u00e9rio. Foi adquirido com o recurso de R$ 450 mil\u201d<\/em>, explicou Gallon.<\/p>\n\n\n\n<p>Durante o processo de licita\u00e7\u00e3o, o valor final do equipamento ficou abaixo do or\u00e7amento inicial, o que possibilitou uma amplia\u00e7\u00e3o no investimento. \u201cComo o Rolo saiu com um valor mais baixo devido \u00e0 licita\u00e7\u00e3o, conseguimos adquirir tamb\u00e9m uma Fiat Strada para o Departamento Municipal de Obras e Servi\u00e7os Urbanos (DMR) com o mesmo recurso\u201d, destacou o vice-prefeito.<\/p>\n\n\n\n<p>A aquisi\u00e7\u00e3o dos equipamentos representa um avan\u00e7o significativo para o munic\u00edpio, especialmente nas a\u00e7\u00f5es de infraestrutura e manuten\u00e7\u00e3o das vias, tanto na \u00e1rea urbana quanto rural. Segundo Gallon, o refor\u00e7o no maquin\u00e1rio vai garantir mais efici\u00eancia, agilidade e economia na execu\u00e7\u00e3o dos servi\u00e7os p\u00fablicos.<\/p>\n\n\n\n<p>O vice-prefeito ressaltou ainda a import\u00e2ncia da parceria com o Governo do Estado, que tem possibilitado investimentos estrat\u00e9gicos em diversas \u00e1reas. <em>\u201cEsses recursos demonstram o comprometimento do Estado com os munic\u00edpios e fortalecem nossa capacidade de atender melhor a popula\u00e7\u00e3o\u201d,<\/em> concluiu.<\/p>\n\n\n\n<p><\/p>\n","protected":false},"excerpt":{"rendered":"<p>Caibi &#8211; O Munic\u00edpio foi contemplado com importantes investimentos do Governo do Estado de Santa Catarina, por meio do Programa \u201cSanta Catarina Levada a S\u00e9rio\u201d, que destinou R$ 450 mil para a aquisi\u00e7\u00e3o de equipamentos voltados \u00e0 melhoria da infraestrutura e dos servi\u00e7os urbanos. De acordo com o vice-prefeito Leonardo Gallon, o valor foi utilizado<\/p>\n","protected":false},"author":1,"featured_media":8121,"comment_status":"open","ping_status":"open","sticky":false,"template":"","format":"standard","meta":{"footnotes":""},"categories":[41],"tags":[],"class_list":{"0":"post-8120","1":"post","2":"type-post","3":"status-publish","4":"format-standard","5":"has-post-thumbnail","7":"category-noticias"},"_links":{"self":[{"href":"https:\/\/noticiarioregional.com.br\/index.php?rest_route=\/wp\/v2\/posts\/8120","targetHints":{"allow":["GET"]}}],"collection":[{"href":"https:\/\/noticiarioregional.com.br\/index.php?rest_route=\/wp\/v2\/posts"}],"about":[{"href":"https:\/\/noticiarioregional.com.br\/index.php?rest_route=\/wp\/v2\/types\/post"}],"author":[{"embeddable":true,"href":"https:\/\/noticiarioregional.com.br\/index.php?rest_route=\/wp\/v2\/users\/1"}],"replies":[{"embeddable":true,"href":"https:\/\/noticiarioregional.com.br\/index.php?rest_route=%2Fwp%2Fv2%2Fcomments&post=8120"}],"version-history":[{"count":1,"href":"https:\/\/noticiarioregional.com.br\/index.php?rest_route=\/wp\/v2\/posts\/8120\/revisions"}],"predecessor-version":[{"id":8122,"href":"https:\/\/noticiarioregional.com.br\/index.php?rest_route=\/wp\/v2\/posts\/8120\/revisions\/8122"}],"wp:featuredmedia":[{"embeddable":true,"href":"https:\/\/noticiarioregional.com.br\/index.php?rest_route=\/wp\/v2\/media\/8121"}],"wp:attachment":[{"href":"https:\/\/noticiarioregional.com.br\/index.php?rest_route=%2Fwp%2Fv2%2Fmedia&parent=8120"}],"wp:term":[{"taxonomy":"category","embeddable":true,"href":"https:\/\/noticiarioregional.com.br\/index.php?rest_route=%2Fwp%2Fv2%2Fcategories&post=8120"},{"taxonomy":"post_tag","embeddable":true,"href":"https:\/\/noticiarioregional.com.br\/index.php?rest_route=%2Fwp%2Fv2%2Ftags&post=8120"}],"curies":[{"name":"wp","href":"https:\/\/api.w.org\/{rel}","templated":true}]}}