{"id":8123,"date":"2025-11-28T10:53:30","date_gmt":"2025-11-28T13:53:30","guid":{"rendered":"https:\/\/noticiarioregional.com.br\/?p=8123"},"modified":"2025-11-28T10:53:32","modified_gmt":"2025-11-28T13:53:32","slug":"descanso-avanca-em-infraestrutura-com-inicio-de-obras-de-asfaltamento","status":"publish","type":"post","link":"https:\/\/noticiarioregional.com.br\/?p=8123","title":{"rendered":"Descanso avan\u00e7a em infraestrutura com in\u00edcio de obras de asfaltamento"},"content":{"rendered":"\n<p><strong>Descanso &#8211;<\/strong> Com a conclus\u00e3o das obras de drenagem feitas pela Secretaria de Urbanismo, juntamente com a Secretaria de Transportes, iniciaram, nesta semana, as obras de asfaltamento das ruas Santo Ant\u00f4nio, Santo Estanislau e Antonino Lauer, no centro da cidade. As vias, localizadas no entorno da Escola de Educa\u00e7\u00e3o B\u00e1sica Everardo Backheuser, recebem pavimenta\u00e7\u00e3o asf\u00e1ltica que trar\u00e1 mais seguran\u00e7a e mobilidade para a comunidade escolar e para todos os moradores da regi\u00e3o.<\/p>\n\n\n\n<p>O investimento faz parte de um conjunto de a\u00e7\u00f5es voltadas \u00e0 melhoria da infraestrutura municipal, que inclui tamb\u00e9m o asfaltamento da Rua General Juarez T\u00e1vora, recentemente conclu\u00eddo. Em Linha Campinas, est\u00e1 em andamento a pavimenta\u00e7\u00e3o de um trecho da via que d\u00e1 acesso \u00e0 comunidade de Hervalzinho. A obra facilitar\u00e1 o deslocamento de moradores e o escoamento da produ\u00e7\u00e3o agr\u00edcola, fortalecendo a economia local e promovendo maior integra\u00e7\u00e3o entre as comunidades rurais e o per\u00edmetro urbano.<\/p>\n\n\n\n<p>De acordo com o prefeito, Juliano Kasper, essas obras fazem parte de um planejamento estrat\u00e9gico de investimentos em infraestrutura, propostos ainda em campanha. <em>\u201cEssas obras representam o compromisso da nossa gest\u00e3o em melhorar a vida das pessoas. Cada metro de asfalto significa mais seguran\u00e7a, valoriza\u00e7\u00e3o dos im\u00f3veis e mais dignidade para quem vive e trabalha em Descanso. Estamos investindo hoje para garantir um futuro melhor para toda a nossa comunidade\u201d,<\/em> finaliza.<\/p>\n\n\n\n<figure class=\"wp-block-image size-large\"><img fetchpriority=\"high\" decoding=\"async\" width=\"1024\" height=\"768\" src=\"http:\/\/noticiarioregional.com.br\/wp-content\/uploads\/2025\/11\/Asfalto-2-1024x768.jpeg\" alt=\"\" class=\"wp-image-8125\" srcset=\"https:\/\/noticiarioregional.com.br\/wp-content\/uploads\/2025\/11\/Asfalto-2-1024x768.jpeg 1024w, https:\/\/noticiarioregional.com.br\/wp-content\/uploads\/2025\/11\/Asfalto-2-300x225.jpeg 300w, https:\/\/noticiarioregional.com.br\/wp-content\/uploads\/2025\/11\/Asfalto-2-768x576.jpeg 768w, https:\/\/noticiarioregional.com.br\/wp-content\/uploads\/2025\/11\/Asfalto-2-150x113.jpeg 150w, https:\/\/noticiarioregional.com.br\/wp-content\/uploads\/2025\/11\/Asfalto-2-450x338.jpeg 450w, https:\/\/noticiarioregional.com.br\/wp-content\/uploads\/2025\/11\/Asfalto-2-1200x900.jpeg 1200w, https:\/\/noticiarioregional.com.br\/wp-content\/uploads\/2025\/11\/Asfalto-2.jpeg 1280w\" sizes=\"(max-width: 1024px) 100vw, 1024px\" \/><\/figure>\n","protected":false},"excerpt":{"rendered":"<p>Descanso &#8211; Com a conclus\u00e3o das obras de drenagem feitas pela Secretaria de Urbanismo, juntamente com a Secretaria de Transportes, iniciaram, nesta semana, as obras de asfaltamento das ruas Santo Ant\u00f4nio, Santo Estanislau e Antonino Lauer, no centro da cidade. As vias, localizadas no entorno da Escola de Educa\u00e7\u00e3o B\u00e1sica Everardo Backheuser, recebem pavimenta\u00e7\u00e3o asf\u00e1ltica<\/p>\n","protected":false},"author":1,"featured_media":8124,"comment_status":"open","ping_status":"open","sticky":false,"template":"","format":"standard","meta":{"footnotes":""},"categories":[41],"tags":[],"class_list":{"0":"post-8123","1":"post","2":"type-post","3":"status-publish","4":"format-standard","5":"has-post-thumbnail","7":"category-noticias"},"_links":{"self":[{"href":"https:\/\/noticiarioregional.com.br\/index.php?rest_route=\/wp\/v2\/posts\/8123","targetHints":{"allow":["GET"]}}],"collection":[{"href":"https:\/\/noticiarioregional.com.br\/index.php?rest_route=\/wp\/v2\/posts"}],"about":[{"href":"https:\/\/noticiarioregional.com.br\/index.php?rest_route=\/wp\/v2\/types\/post"}],"author":[{"embeddable":true,"href":"https:\/\/noticiarioregional.com.br\/index.php?rest_route=\/wp\/v2\/users\/1"}],"replies":[{"embeddable":true,"href":"https:\/\/noticiarioregional.com.br\/index.php?rest_route=%2Fwp%2Fv2%2Fcomments&post=8123"}],"version-history":[{"count":1,"href":"https:\/\/noticiarioregional.com.br\/index.php?rest_route=\/wp\/v2\/posts\/8123\/revisions"}],"predecessor-version":[{"id":8126,"href":"https:\/\/noticiarioregional.com.br\/index.php?rest_route=\/wp\/v2\/posts\/8123\/revisions\/8126"}],"wp:featuredmedia":[{"embeddable":true,"href":"https:\/\/noticiarioregional.com.br\/index.php?rest_route=\/wp\/v2\/media\/8124"}],"wp:attachment":[{"href":"https:\/\/noticiarioregional.com.br\/index.php?rest_route=%2Fwp%2Fv2%2Fmedia&parent=8123"}],"wp:term":[{"taxonomy":"category","embeddable":true,"href":"https:\/\/noticiarioregional.com.br\/index.php?rest_route=%2Fwp%2Fv2%2Fcategories&post=8123"},{"taxonomy":"post_tag","embeddable":true,"href":"https:\/\/noticiarioregional.com.br\/index.php?rest_route=%2Fwp%2Fv2%2Ftags&post=8123"}],"curies":[{"name":"wp","href":"https:\/\/api.w.org\/{rel}","templated":true}]}}