{"id":8131,"date":"2025-11-28T11:02:59","date_gmt":"2025-11-28T14:02:59","guid":{"rendered":"https:\/\/noticiarioregional.com.br\/?p=8131"},"modified":"2025-11-28T11:04:14","modified_gmt":"2025-11-28T14:04:14","slug":"mondai-reforca-equipe-de-saude-com-a-efetivacao-de-novo-medico-na-unidade-basica","status":"publish","type":"post","link":"https:\/\/noticiarioregional.com.br\/?p=8131","title":{"rendered":"Monda\u00ed refor\u00e7a equipe de sa\u00fade com a efetiva\u00e7\u00e3o de novo m\u00e9dico na Unidade B\u00e1sica"},"content":{"rendered":"\n<p>A Secretaria Municipal de Sa\u00fade de Monda\u00ed anunciou a efetiva\u00e7\u00e3o de um novo profissional m\u00e9dico para integrar a equipe da Unidade B\u00e1sica de Sa\u00fade. Trata-se de Marcos Vin\u00edcius da Silva, de 25 anos, natural de Francisco Alves, munic\u00edpio localizado no interior do noroeste do Paran\u00e1.<\/p>\n\n\n\n<p>Formado em Medicina pelo Centro Universit\u00e1rio Afya Pato Branco, em dezembro de 2024, Marcos Vin\u00edcius \u00e9 m\u00e9dico generalista e j\u00e1 atuava em sua cidade natal como m\u00e9dico da Estrat\u00e9gia da Sa\u00fade da Fam\u00edlia (ESF), experi\u00eancia que agora traz para somar ao atendimento da popula\u00e7\u00e3o mondainense.<\/p>\n\n\n\n<p>O profissional destacou estar entusiasmado com o novo desafio e elogiou a estrutura e o acolhimento recebidos em Monda\u00ed. \u201c<em>Tenho boas expectativas ao assumir o cargo em Monda\u00ed, tanto pela organiza\u00e7\u00e3o da estrutura em sa\u00fade, quanto pelo ambiente de acolhida, percebidos logo na chegada ao munic\u00edpio. Com esse ambiente, espero contribuir cada vez mais para a miss\u00e3o de cuidar da popula\u00e7\u00e3o de forma integral<\/em>\u201d, ressaltou Marcos Vin\u00edcius.<\/p>\n\n\n\n<p>Conforme o secret\u00e1rio de Sa\u00fade, Jullian Ludke, o novo m\u00e9dico passa a atender na \u00c1rea 1, refor\u00e7ando o quadro de profissionais e garantindo a continuidade dos atendimentos \u00e0 comunidade. Com essa efetiva\u00e7\u00e3o, a Secretaria passa a contar com cinco m\u00e9dicos atuando no atendimento \u00e0 popula\u00e7\u00e3o na Unidade B\u00e1sica de Sa\u00fade, consolidando um importante passo para a manuten\u00e7\u00e3o da qualidade e da efici\u00eancia nos servi\u00e7os prestados.<\/p>\n\n\n\n<p class=\"has-text-align-center has-large-font-size\"><strong>A\u00e7\u00f5es do Outubro Rosa  superam expectativas<\/strong><\/p>\n\n\n\n<figure class=\"wp-block-image size-large\"><img fetchpriority=\"high\" decoding=\"async\" width=\"1024\" height=\"768\" src=\"http:\/\/noticiarioregional.com.br\/wp-content\/uploads\/2025\/11\/Acao-Outubro-Rosa-1024x768.jpg\" alt=\"\" class=\"wp-image-8132\" srcset=\"https:\/\/noticiarioregional.com.br\/wp-content\/uploads\/2025\/11\/Acao-Outubro-Rosa-1024x768.jpg 1024w, https:\/\/noticiarioregional.com.br\/wp-content\/uploads\/2025\/11\/Acao-Outubro-Rosa-300x225.jpg 300w, https:\/\/noticiarioregional.com.br\/wp-content\/uploads\/2025\/11\/Acao-Outubro-Rosa-768x576.jpg 768w, https:\/\/noticiarioregional.com.br\/wp-content\/uploads\/2025\/11\/Acao-Outubro-Rosa-1536x1152.jpg 1536w, https:\/\/noticiarioregional.com.br\/wp-content\/uploads\/2025\/11\/Acao-Outubro-Rosa-150x113.jpg 150w, https:\/\/noticiarioregional.com.br\/wp-content\/uploads\/2025\/11\/Acao-Outubro-Rosa-450x338.jpg 450w, https:\/\/noticiarioregional.com.br\/wp-content\/uploads\/2025\/11\/Acao-Outubro-Rosa-1200x900.jpg 1200w, https:\/\/noticiarioregional.com.br\/wp-content\/uploads\/2025\/11\/Acao-Outubro-Rosa.jpg 1600w\" sizes=\"(max-width: 1024px) 100vw, 1024px\" \/><\/figure>\n\n\n\n<div class=\"wp-block-group\"><div class=\"wp-block-group__inner-container is-layout-constrained wp-block-group-is-layout-constrained\">\n<div class=\"wp-block-group\"><div class=\"wp-block-group__inner-container is-layout-constrained wp-block-group-is-layout-constrained\">\n<div class=\"wp-block-group wp-container-content-5f80b302 is-vertical is-layout-flex wp-container-core-group-is-layout-8cf370e7 wp-block-group-is-layout-flex\">\n<div class=\"wp-block-group\"><div class=\"wp-block-group__inner-container is-layout-constrained wp-block-group-is-layout-constrained\">\n<p class=\"has-text-align-left\">As a\u00e7\u00f5es da Campanha Outubro Rosa, realizadas ao longo do m\u00eas de outubro, superaram as expectativas da Secretaria Municipal de Sa\u00fade de Monda\u00ed. Ao todo, foram realizados 160 exames preventivos, sendo 114 apenas durante a semana especial, de 20 a 24 de outubro, quando a Unidade de Sa\u00fade estendeu o hor\u00e1rio de atendimento at\u00e9 as 20h30, facilitando o acesso das mulheres aos servi\u00e7os.<\/p>\n\n\n\n<p class=\"has-text-align-left\">A iniciativa teve como principal objetivo conscientizar e incentivar a preven\u00e7\u00e3o do c\u00e2ncer de colo de \u00fatero e do c\u00e2ncer de mama, refor\u00e7ando a import\u00e2ncia do diagn\u00f3stico precoce como forma de salvar vidas.<\/p>\n\n\n\n<p class=\"has-text-align-left\">O secret\u00e1rio de Sa\u00fade destacou o sucesso da campanha e a grande ades\u00e3o da comunidade feminina. \u201c<em>Ficamos muito satisfeitos com o resultado. As mulheres participaram ativamente, mostrando que est\u00e3o cada vez mais conscientes sobre a import\u00e2ncia do cuidado com a sa\u00fade. \u00c9 fundamental lembrar que a preven\u00e7\u00e3o deve acontecer durante todo o ano, n\u00e3o apenas em outubro<\/em>\u201d, ressaltou.<\/p>\n<\/div><\/div>\n<\/div>\n<\/div><\/div>\n<\/div><\/div>\n","protected":false},"excerpt":{"rendered":"<p>A Secretaria Municipal de Sa\u00fade de Monda\u00ed anunciou a efetiva\u00e7\u00e3o de um novo profissional m\u00e9dico para integrar a equipe da Unidade B\u00e1sica de Sa\u00fade. Trata-se de Marcos Vin\u00edcius da Silva, de 25 anos, natural de Francisco Alves, munic\u00edpio localizado no interior do noroeste do Paran\u00e1. Formado em Medicina pelo Centro Universit\u00e1rio Afya Pato Branco, em<\/p>\n","protected":false},"author":1,"featured_media":8133,"comment_status":"open","ping_status":"open","sticky":false,"template":"","format":"standard","meta":{"footnotes":""},"categories":[41],"tags":[],"class_list":{"0":"post-8131","1":"post","2":"type-post","3":"status-publish","4":"format-standard","5":"has-post-thumbnail","7":"category-noticias"},"_links":{"self":[{"href":"https:\/\/noticiarioregional.com.br\/index.php?rest_route=\/wp\/v2\/posts\/8131","targetHints":{"allow":["GET"]}}],"collection":[{"href":"https:\/\/noticiarioregional.com.br\/index.php?rest_route=\/wp\/v2\/posts"}],"about":[{"href":"https:\/\/noticiarioregional.com.br\/index.php?rest_route=\/wp\/v2\/types\/post"}],"author":[{"embeddable":true,"href":"https:\/\/noticiarioregional.com.br\/index.php?rest_route=\/wp\/v2\/users\/1"}],"replies":[{"embeddable":true,"href":"https:\/\/noticiarioregional.com.br\/index.php?rest_route=%2Fwp%2Fv2%2Fcomments&post=8131"}],"version-history":[{"count":2,"href":"https:\/\/noticiarioregional.com.br\/index.php?rest_route=\/wp\/v2\/posts\/8131\/revisions"}],"predecessor-version":[{"id":8136,"href":"https:\/\/noticiarioregional.com.br\/index.php?rest_route=\/wp\/v2\/posts\/8131\/revisions\/8136"}],"wp:featuredmedia":[{"embeddable":true,"href":"https:\/\/noticiarioregional.com.br\/index.php?rest_route=\/wp\/v2\/media\/8133"}],"wp:attachment":[{"href":"https:\/\/noticiarioregional.com.br\/index.php?rest_route=%2Fwp%2Fv2%2Fmedia&parent=8131"}],"wp:term":[{"taxonomy":"category","embeddable":true,"href":"https:\/\/noticiarioregional.com.br\/index.php?rest_route=%2Fwp%2Fv2%2Fcategories&post=8131"},{"taxonomy":"post_tag","embeddable":true,"href":"https:\/\/noticiarioregional.com.br\/index.php?rest_route=%2Fwp%2Fv2%2Ftags&post=8131"}],"curies":[{"name":"wp","href":"https:\/\/api.w.org\/{rel}","templated":true}]}}