{"id":8137,"date":"2025-11-28T11:06:01","date_gmt":"2025-11-28T14:06:01","guid":{"rendered":"https:\/\/noticiarioregional.com.br\/?p=8137"},"modified":"2025-11-28T11:06:03","modified_gmt":"2025-11-28T14:06:03","slug":"mocao-de-repudio-contra-decreto-federal-que-institui-a-politica-nacional-de-educacao-inclusiva","status":"publish","type":"post","link":"https:\/\/noticiarioregional.com.br\/?p=8137","title":{"rendered":"Mo\u00e7\u00e3o de Rep\u00fadio contra Decreto Federal que institui a Pol\u00edtica Nacional de Educa\u00e7\u00e3o Inclusiva"},"content":{"rendered":"\n<p>Durante a sess\u00e3o ordin\u00e1ria realizada na segunda-feira, 10, a C\u00e2mara de Vereadores de Caibi aprovou, por unanimidade entre os presentes, a Mo\u00e7\u00e3o de Rep\u00fadio n\u00ba 09\/2025, de autoria do vereador Davi C\u00f3rduva, do Movimento Democr\u00e1tico Brasileiro, MDB. A proposi\u00e7\u00e3o manifesta posi\u00e7\u00e3o contr\u00e1ria ao Decreto Federal n\u00ba 12.686, de 20 de outubro de 2025, que institui a nova Pol\u00edtica Nacional de Educa\u00e7\u00e3o Inclusiva.<\/p>\n\n\n\n<p>O parlamentar argumenta que, embora o decreto apresente como objetivo oficial a promo\u00e7\u00e3o de uma educa\u00e7\u00e3o mais inclusiva, na pr\u00e1tica ele pode fragilizar o trabalho desenvolvido h\u00e1 d\u00e9cadas por institui\u00e7\u00f5es filantr\u00f3picas e especializadas, como as APAEs e AMAS, que atendem alunos com defici\u00eancia em todo o pa\u00eds.<\/p>\n\n\n\n<p>Segundo C\u00f3rduva, essas entidades desempenham um papel essencial, oferecendo atendimento individualizado e humanizado, com suporte de equipes multiprofissionais compostas por psic\u00f3logos, fisioterapeutas, fonoaudi\u00f3logos, terapeutas ocupacionais e professores especializados. \u201c<em>\u00c9 inadmiss\u00edvel acreditar que um aluno com defici\u00eancia possa receber o acompanhamento adequado em uma sala regular com mais de 20 alunos e apenas um professor<\/em>\u201d, destacou o vereador na justificativa da mo\u00e7\u00e3o.<\/p>\n\n\n\n<p>O parlamentar enfatizou ainda seu compromisso com as APAE de Caibi que atende aproximadamente 135 alunos, sendo 70 de Caibi e 65 do munic\u00edpio vizinho de Riqueza. Ele refor\u00e7ou a import\u00e2ncia de preservar o trabalho dessas institui\u00e7\u00f5es, que garantem um ambiente de aprendizado adaptado e o acolhimento das fam\u00edlias que dependem desses servi\u00e7os.<\/p>\n\n\n\n<p>Durante sua fala, Davi C\u00f3rduva fez um apelo aos demais vereadores.\u201c<em>N\u00f3s temos uma institui\u00e7\u00e3o hoje no nosso munic\u00edpio que atende dezenas de alunos com dedica\u00e7\u00e3o e estrutura adequada. Esse decreto, embora tenha uma narrativa bonita, na pr\u00e1tica vai acabar penalizando o bom funcionamento das APAEs. O mais prejudicado ser\u00e1 o aluno e as fam\u00edlias que necessitam desse espa\u00e7o e desse atendimento exclusivo<\/em>.\u201d<\/p>\n\n\n\n<p>O vereador destacou que a mo\u00e7\u00e3o busca n\u00e3o apenas expressar a posi\u00e7\u00e3o da C\u00e2mara de Caibi, mas tamb\u00e9m somar for\u00e7as ao movimento nacional de defesa das institui\u00e7\u00f5es especializadas, que t\u00eam se mobilizado contra o decreto. \u201c<em>Precisamos ser coerentes e defender aquilo que d\u00e1 certo. A APAE \u00e9 um espa\u00e7o de amor, de aprendizado e de inclus\u00e3o verdadeira. N\u00e3o podemos permitir que medidas desconectadas da realidade coloquem em risco o desenvolvimento das nossas crian\u00e7as, jovens e adultos com defici\u00eancia<\/em>\u201d, refor\u00e7ou C\u00f3rduva.<\/p>\n","protected":false},"excerpt":{"rendered":"<p>Durante a sess\u00e3o ordin\u00e1ria realizada na segunda-feira, 10, a C\u00e2mara de Vereadores de Caibi aprovou, por unanimidade entre os presentes, a Mo\u00e7\u00e3o de Rep\u00fadio n\u00ba 09\/2025, de autoria do vereador Davi C\u00f3rduva, do Movimento Democr\u00e1tico Brasileiro, MDB. A proposi\u00e7\u00e3o manifesta posi\u00e7\u00e3o contr\u00e1ria ao Decreto Federal n\u00ba 12.686, de 20 de outubro de 2025, que institui<\/p>\n","protected":false},"author":1,"featured_media":8138,"comment_status":"open","ping_status":"open","sticky":false,"template":"","format":"standard","meta":{"footnotes":""},"categories":[41],"tags":[],"class_list":{"0":"post-8137","1":"post","2":"type-post","3":"status-publish","4":"format-standard","5":"has-post-thumbnail","7":"category-noticias"},"_links":{"self":[{"href":"https:\/\/noticiarioregional.com.br\/index.php?rest_route=\/wp\/v2\/posts\/8137","targetHints":{"allow":["GET"]}}],"collection":[{"href":"https:\/\/noticiarioregional.com.br\/index.php?rest_route=\/wp\/v2\/posts"}],"about":[{"href":"https:\/\/noticiarioregional.com.br\/index.php?rest_route=\/wp\/v2\/types\/post"}],"author":[{"embeddable":true,"href":"https:\/\/noticiarioregional.com.br\/index.php?rest_route=\/wp\/v2\/users\/1"}],"replies":[{"embeddable":true,"href":"https:\/\/noticiarioregional.com.br\/index.php?rest_route=%2Fwp%2Fv2%2Fcomments&post=8137"}],"version-history":[{"count":1,"href":"https:\/\/noticiarioregional.com.br\/index.php?rest_route=\/wp\/v2\/posts\/8137\/revisions"}],"predecessor-version":[{"id":8139,"href":"https:\/\/noticiarioregional.com.br\/index.php?rest_route=\/wp\/v2\/posts\/8137\/revisions\/8139"}],"wp:featuredmedia":[{"embeddable":true,"href":"https:\/\/noticiarioregional.com.br\/index.php?rest_route=\/wp\/v2\/media\/8138"}],"wp:attachment":[{"href":"https:\/\/noticiarioregional.com.br\/index.php?rest_route=%2Fwp%2Fv2%2Fmedia&parent=8137"}],"wp:term":[{"taxonomy":"category","embeddable":true,"href":"https:\/\/noticiarioregional.com.br\/index.php?rest_route=%2Fwp%2Fv2%2Fcategories&post=8137"},{"taxonomy":"post_tag","embeddable":true,"href":"https:\/\/noticiarioregional.com.br\/index.php?rest_route=%2Fwp%2Fv2%2Ftags&post=8137"}],"curies":[{"name":"wp","href":"https:\/\/api.w.org\/{rel}","templated":true}]}}