{"id":8140,"date":"2025-11-28T11:11:09","date_gmt":"2025-11-28T14:11:09","guid":{"rendered":"https:\/\/noticiarioregional.com.br\/?p=8140"},"modified":"2025-11-28T11:11:11","modified_gmt":"2025-11-28T14:11:11","slug":"programacao-natalina-inicia-no-dia-06-de-dezembro-em-ipora-do-oeste","status":"publish","type":"post","link":"https:\/\/noticiarioregional.com.br\/?p=8140","title":{"rendered":"Programa\u00e7\u00e3o natalina inicia no dia 06 de dezembro em Ipor\u00e3 do Oeste"},"content":{"rendered":"\n<p class=\"has-text-align-center has-larger-font-size\"><strong>\u201cNosso Encanto de Natal\u201d<\/strong><\/p>\n\n\n\n<p><strong>Ipor\u00e3 do Oeste \u2013<\/strong> O clima natalino j\u00e1 come\u00e7a a estar presente nas fam\u00edlias, casas, com\u00e9rcios e espa\u00e7os p\u00fablicos. Para que a cidade esteja bonita para a data, servidores do Urbanismo e da garagem vem a semanas se dedicando a limpeza dos ambientes p\u00fablicos, plantio de flores que estar\u00e3o floridas no Natal e o ajardinamento em geral. A diretora de Cultura, M\u00e1rcia Philippsen Machado, destaca que esse trabalho ser\u00e1 complementado com a decora\u00e7\u00e3o dos espa\u00e7os, que ter\u00e1 ornamenta\u00e7\u00e3o tanto para o dia como para a noite.<\/p>\n\n\n\n<figure class=\"wp-block-image size-large\"><img fetchpriority=\"high\" decoding=\"async\" width=\"1024\" height=\"683\" src=\"http:\/\/noticiarioregional.com.br\/wp-content\/uploads\/2025\/11\/Marcia-1024x683.jpg\" alt=\"\" class=\"wp-image-8141\" srcset=\"https:\/\/noticiarioregional.com.br\/wp-content\/uploads\/2025\/11\/Marcia-1024x683.jpg 1024w, https:\/\/noticiarioregional.com.br\/wp-content\/uploads\/2025\/11\/Marcia-300x200.jpg 300w, https:\/\/noticiarioregional.com.br\/wp-content\/uploads\/2025\/11\/Marcia-768x512.jpg 768w, https:\/\/noticiarioregional.com.br\/wp-content\/uploads\/2025\/11\/Marcia-1536x1024.jpg 1536w, https:\/\/noticiarioregional.com.br\/wp-content\/uploads\/2025\/11\/Marcia-2048x1365.jpg 2048w, https:\/\/noticiarioregional.com.br\/wp-content\/uploads\/2025\/11\/Marcia-150x100.jpg 150w, https:\/\/noticiarioregional.com.br\/wp-content\/uploads\/2025\/11\/Marcia-450x300.jpg 450w, https:\/\/noticiarioregional.com.br\/wp-content\/uploads\/2025\/11\/Marcia-1200x800.jpg 1200w\" sizes=\"(max-width: 1024px) 100vw, 1024px\" \/><\/figure>\n\n\n\n<p>Para valorizar os talentos locais e reunir as fam\u00edlias nessa ocasi\u00e3o especial do ano, M\u00e1rcia cita que foram organizados seis momentos que integram a programa\u00e7\u00e3o de Natal deste ano, que tem como tema \u201cNosso Encanto de Natal\u201d. S\u00e3o eventos que est\u00e3o sendo planejados e organizados desde o m\u00eas de julho, e segundo a diretora, valorizam tanto a quest\u00e3o l\u00fadica da data, voltado as crian\u00e7as, como a quest\u00e3o religiosa do nascimento de Jesus.<\/p>\n\n\n\n<p>A diretora detalha que a abertura da programa\u00e7\u00e3o \u201cNosso Encanto de Natal\u201d ser\u00e1 no dia 06 de dezembro, a partir das 19h, na igreja matriz. Ser\u00e1 realizada uma missa cantada pelos corais e grupos do munic\u00edpio, sendo eles a Associa\u00e7\u00e3o Coral de Ipor\u00e3 do Oeste, coral infanto juvenil do INDACI, corais de S\u00e3o Louren\u00e7o, Quilombo, Macucozinho, grupo de cantos de Monte Maria, os grupos italianos Amici Della Cantoria e Um Toquetin Della It\u00e1lia. Ainda ap\u00f3s a celebra\u00e7\u00e3o, inicia o recital natalino dos coros.<\/p>\n\n\n\n<p>J\u00e1 no dia seguinte, dia 07, a programa\u00e7\u00e3o tem sequ\u00eancia com o concerto natalino, a partir das 17h30, na \u00e1rea coberta. O evento ocorre em parceria com o Lions Clube, que nesta noite ir\u00e1 inaugurar a \u201cLionsteca\u201d na pra\u00e7a Reinoldo Ruschel, com o objetivo de incentivar a leitura entre os mun\u00edcipes. Em seguida, \u00e0s 18h, iniciam as apresenta\u00e7\u00f5es culturais pelos alunos das oficinas de teclado, viol\u00e3o, gaita, a Orquestra Municipal e as oficinas dos alunos que frequentam o per\u00edodo integral do CIEF e do CIER.&nbsp; Ainda na noite do dia 07 haver\u00e1 a apresenta\u00e7\u00e3o de um show, que trar\u00e1 um report\u00f3rio de m\u00fasicas natalinas e ir\u00e1 proporcionar a intera\u00e7\u00e3o com o p\u00fablico.<\/p>\n\n\n\n<p>No dia 14 de dezembro ocorre o tradicional show do Clube de Patina\u00e7\u00e3o Asas da Liberdade, a partir das 18h30, no gin\u00e1sio poliesportivo Egon Marx. M\u00e1rcia comenta que mais uma noite natalina ser\u00e1 realizada no dia 21 de dezembro, com in\u00edcio \u00e0s 18h, no gin\u00e1sio poliesportivo. Nesta noite se apresentam os alunos da oficina de dan\u00e7as do CRAS, a invernada art\u00edstica do CTG Heran\u00e7a Pampiana e o grupo de dan\u00e7as alem\u00e3s Immer Lustig. Na oportunidade ser\u00e1 feita tamb\u00e9m a entrega da premia\u00e7\u00e3o do campeonato municipal. O evento encerra com show natalino de uma artista regional, e a esperada chegada do Papai Noel.<\/p>\n\n\n\n<p>Em parceria com a Associa\u00e7\u00e3o Empresarial de Ipor\u00e3 do Oeste, na tarde do dia 24 de dezembro ocorre o desfile dos Papais No\u00e9is pelas ruas da cidade, com a entrega dos presentes adquiridos no com\u00e9rcio local. Ainda no dia 27 de dezembro, a diretora ressalta que a partir das 17h, tendo como local a \u00e1rea coberta, ser\u00e1 realizada a \u00faltima noite natalina. O evento inicia com uma atra\u00e7\u00e3o gratuita para as crian\u00e7as, seguido de show cultural. Nesta noite o Grupo Escoteiro Tup\u00e3 far\u00e1 uma participa\u00e7\u00e3o especial com a m\u00edstica das luzes, e ser\u00e1 feito ainda o sorteio do Show de Pr\u00eamios da ACIIO.<\/p>\n\n\n\n<p>M\u00e1rcia refor\u00e7a que todos os eventos s\u00e3o gratuitos, e abertos ao p\u00fablico em geral. Algumas atra\u00e7\u00f5es, devido aos tr\u00e2mites legais, ainda ser\u00e3o confirmadas e divulgadas. Nas noites natalinas tamb\u00e9m haver\u00e1 venda de lanches e bebidas. A diretora enfatiza a importante parceria de todas as entidades e grupos envolvidos para a realiza\u00e7\u00e3o desta ampla programa\u00e7\u00e3o, voltada a todos os p\u00fablicos e idades.<\/p>\n","protected":false},"excerpt":{"rendered":"<p>\u201cNosso Encanto de Natal\u201d Ipor\u00e3 do Oeste \u2013 O clima natalino j\u00e1 come\u00e7a a estar presente nas fam\u00edlias, casas, com\u00e9rcios e espa\u00e7os p\u00fablicos. Para que a cidade esteja bonita para a data, servidores do Urbanismo e da garagem vem a semanas se dedicando a limpeza dos ambientes p\u00fablicos, plantio de flores que estar\u00e3o floridas no<\/p>\n","protected":false},"author":1,"featured_media":8142,"comment_status":"open","ping_status":"open","sticky":false,"template":"","format":"standard","meta":{"footnotes":""},"categories":[41],"tags":[],"class_list":{"0":"post-8140","1":"post","2":"type-post","3":"status-publish","4":"format-standard","5":"has-post-thumbnail","7":"category-noticias"},"_links":{"self":[{"href":"https:\/\/noticiarioregional.com.br\/index.php?rest_route=\/wp\/v2\/posts\/8140","targetHints":{"allow":["GET"]}}],"collection":[{"href":"https:\/\/noticiarioregional.com.br\/index.php?rest_route=\/wp\/v2\/posts"}],"about":[{"href":"https:\/\/noticiarioregional.com.br\/index.php?rest_route=\/wp\/v2\/types\/post"}],"author":[{"embeddable":true,"href":"https:\/\/noticiarioregional.com.br\/index.php?rest_route=\/wp\/v2\/users\/1"}],"replies":[{"embeddable":true,"href":"https:\/\/noticiarioregional.com.br\/index.php?rest_route=%2Fwp%2Fv2%2Fcomments&post=8140"}],"version-history":[{"count":1,"href":"https:\/\/noticiarioregional.com.br\/index.php?rest_route=\/wp\/v2\/posts\/8140\/revisions"}],"predecessor-version":[{"id":8143,"href":"https:\/\/noticiarioregional.com.br\/index.php?rest_route=\/wp\/v2\/posts\/8140\/revisions\/8143"}],"wp:featuredmedia":[{"embeddable":true,"href":"https:\/\/noticiarioregional.com.br\/index.php?rest_route=\/wp\/v2\/media\/8142"}],"wp:attachment":[{"href":"https:\/\/noticiarioregional.com.br\/index.php?rest_route=%2Fwp%2Fv2%2Fmedia&parent=8140"}],"wp:term":[{"taxonomy":"category","embeddable":true,"href":"https:\/\/noticiarioregional.com.br\/index.php?rest_route=%2Fwp%2Fv2%2Fcategories&post=8140"},{"taxonomy":"post_tag","embeddable":true,"href":"https:\/\/noticiarioregional.com.br\/index.php?rest_route=%2Fwp%2Fv2%2Ftags&post=8140"}],"curies":[{"name":"wp","href":"https:\/\/api.w.org\/{rel}","templated":true}]}}