{"id":8144,"date":"2025-11-28T11:15:40","date_gmt":"2025-11-28T14:15:40","guid":{"rendered":"https:\/\/noticiarioregional.com.br\/?p=8144"},"modified":"2025-11-28T11:15:43","modified_gmt":"2025-11-28T14:15:43","slug":"pai-e-filho-inovam-com-revenda-de-facas-artesanais-e-personalizacao-de-copos-stanley","status":"publish","type":"post","link":"https:\/\/noticiarioregional.com.br\/?p=8144","title":{"rendered":"Pai e filho inovam com revenda de facas artesanais e personaliza\u00e7\u00e3o de copos Stanley"},"content":{"rendered":"\n<p><strong>Riqueza &#8211;<\/strong> O empreendedorismo e a criatividade t\u00eam marcado a trajet\u00f3ria de Rafael Lang e seu filho Eduardo, que recentemente decidiram investir em um novo e promissor ramo de neg\u00f3cios: a revenda de facas artesanais e a personaliza\u00e7\u00e3o de copos Stanley. A dupla, que j\u00e1 \u00e9 conhecida na comunidade por sua dedica\u00e7\u00e3o e iniciativa, vem se destacando pela qualidade e pelo diferencial dos produtos oferecidos.<\/p>\n\n\n\n<p>Rafael conta que a paix\u00e3o pelas facas surgiu h\u00e1 algum tempo. \u201c<em>Teve uma \u00e9poca que a gente tinha trinta e poucas facas. Eu sempre gostei, e isso acabou virando mais que um hobby, virou uma oportunidade de neg\u00f3cio<\/em>\u201d, destaca. A partir desse interesse, o passo seguinte foi natural. As facas artesanais, conhecidas pelo design \u00fanico e acabamento refinado, come\u00e7aram a ser revendidas por eles, conquistando a clientela pela beleza e funcionalidade. Embora n\u00e3o produzam as pe\u00e7as, Rafael explica que cada item \u00e9 escolhido com cuidado, valorizando o trabalho manual e a tradi\u00e7\u00e3o artesanal.<\/p>\n\n\n\n<p>Com o sucesso das facas, uma nova ideia surgiu \u2014 a personaliza\u00e7\u00e3o de copos Stanley, tend\u00eancia que vem crescendo rapidamente. \u201c<em>Depois das facas, veio a ideia dos copos. Quem deu a ideia foi um amigo nosso, o mesmo com quem faz\u00edamos rifas. Hoje ele tem tr\u00eas m\u00e1quinas e produz bastante. N\u00f3s resolvemos comprar uma m\u00e1quina tamb\u00e9m e come\u00e7ar a personalizar aqui<\/em>\u201d, conta Rafael.<\/p>\n\n\n\n<figure class=\"wp-block-image size-large\"><img fetchpriority=\"high\" decoding=\"async\" width=\"1024\" height=\"683\" src=\"http:\/\/noticiarioregional.com.br\/wp-content\/uploads\/2025\/11\/IMG_6969-1024x683.jpg\" alt=\"\" class=\"wp-image-8146\" srcset=\"https:\/\/noticiarioregional.com.br\/wp-content\/uploads\/2025\/11\/IMG_6969-1024x683.jpg 1024w, https:\/\/noticiarioregional.com.br\/wp-content\/uploads\/2025\/11\/IMG_6969-300x200.jpg 300w, https:\/\/noticiarioregional.com.br\/wp-content\/uploads\/2025\/11\/IMG_6969-768x512.jpg 768w, https:\/\/noticiarioregional.com.br\/wp-content\/uploads\/2025\/11\/IMG_6969-1536x1024.jpg 1536w, https:\/\/noticiarioregional.com.br\/wp-content\/uploads\/2025\/11\/IMG_6969-2048x1365.jpg 2048w, https:\/\/noticiarioregional.com.br\/wp-content\/uploads\/2025\/11\/IMG_6969-150x100.jpg 150w, https:\/\/noticiarioregional.com.br\/wp-content\/uploads\/2025\/11\/IMG_6969-450x300.jpg 450w, https:\/\/noticiarioregional.com.br\/wp-content\/uploads\/2025\/11\/IMG_6969-1200x800.jpg 1200w\" sizes=\"(max-width: 1024px) 100vw, 1024px\" \/><\/figure>\n\n\n\n<p>O investimento na m\u00e1quina foi o in\u00edcio de uma nova fase para o empreendimento familiar. Os copos podem receber nomes, frases, logos de empresas ou at\u00e9 emblemas de times, conforme o gosto do cliente. A produ\u00e7\u00e3o \u00e9 totalmente local, garantindo agilidade e exclusividade. \u201c<em>A gente faz tudo aqui. D\u00e1 pra gravar o nome na faca ou no copo, do jeito que a pessoa quiser. \u00c9 um trabalho personalizado mesmo<\/em>\u201d, explica Eduardo.<\/p>\n\n\n\n<p>H\u00e1 cerca de tr\u00eas meses atuando com a personaliza\u00e7\u00e3o, Rafael e o filho j\u00e1 conquistaram uma clientela fiel, com destaque para empresas locais e institui\u00e7\u00f5es, como a CDL e diversas funer\u00e1rias que encomendaram copos personalizados para brindes e eventos. Com a chegada do fim de ano, o movimento promete crescer. \u201c<em>Agora estamos com bastante or\u00e7amento para o Natal. O pessoal procura muito para dar de presente. \u00e9 algo diferente, bonito e \u00fatil<\/em>\u201d, afirma Rafael.<\/p>\n\n\n\n<figure class=\"wp-block-image size-large\"><img decoding=\"async\" width=\"683\" height=\"1024\" src=\"http:\/\/noticiarioregional.com.br\/wp-content\/uploads\/2025\/11\/IMG_6988-683x1024.jpg\" alt=\"\" class=\"wp-image-8147\" srcset=\"https:\/\/noticiarioregional.com.br\/wp-content\/uploads\/2025\/11\/IMG_6988-683x1024.jpg 683w, https:\/\/noticiarioregional.com.br\/wp-content\/uploads\/2025\/11\/IMG_6988-200x300.jpg 200w, https:\/\/noticiarioregional.com.br\/wp-content\/uploads\/2025\/11\/IMG_6988-768x1152.jpg 768w, https:\/\/noticiarioregional.com.br\/wp-content\/uploads\/2025\/11\/IMG_6988-1024x1536.jpg 1024w, https:\/\/noticiarioregional.com.br\/wp-content\/uploads\/2025\/11\/IMG_6988-1365x2048.jpg 1365w, https:\/\/noticiarioregional.com.br\/wp-content\/uploads\/2025\/11\/IMG_6988-150x225.jpg 150w, https:\/\/noticiarioregional.com.br\/wp-content\/uploads\/2025\/11\/IMG_6988-450x675.jpg 450w, https:\/\/noticiarioregional.com.br\/wp-content\/uploads\/2025\/11\/IMG_6988-1200x1800.jpg 1200w, https:\/\/noticiarioregional.com.br\/wp-content\/uploads\/2025\/11\/IMG_6988-scaled.jpg 1707w\" sizes=\"(max-width: 683px) 100vw, 683px\" \/><\/figure>\n\n\n\n<p>Os copos mais populares s\u00e3o os pretos, que, segundo o empreendedor, oferecem o melhor resultado no processo de grava\u00e7\u00e3o a laser. \u201c<em>Outras cores at\u00e9 d\u00e1 pra fazer, mas a m\u00e1quina detecta melhor o preto, e o acabamento fica mais bonito e dur\u00e1vel<\/em>\u201d, explica. Al\u00e9m dos copos e facas, o neg\u00f3cio tamb\u00e9m oferece afiadores e outros acess\u00f3rios, sempre com o objetivo de trazer op\u00e7\u00f5es pr\u00e1ticas e criativas para o p\u00fablico.<\/p>\n\n\n\n<p>O empreendimento, batizado de Lange Facas, j\u00e1 est\u00e1 presente nas redes sociais e aceita pedidos pelo whatsApp (49) 99824-6613.&nbsp; Os pr\u00f3ximos passos incluem participar de feiras e eventos regionais, como o Rodeio nos dias 12 a 14 de dezembro, onde Rafael e Eduardo expor\u00e3o suas facas, copos e demonstrar\u00e3o o processo de personaliza\u00e7\u00e3o.<\/p>\n\n\n\n<p>Com dedica\u00e7\u00e3o, vis\u00e3o e esp\u00edrito inovador, pai e filho mostram que o sucesso nasce da uni\u00e3o entre tradi\u00e7\u00e3o e modernidade. E, em tempos em que o artesanal ganha cada vez mais valor, o neg\u00f3cio da fam\u00edlia Lang promete continuar crescendo \u2014 com brilho, fio afiado e um toque de personaliza\u00e7\u00e3o em cada detalhe.<\/p>\n","protected":false},"excerpt":{"rendered":"<p>Riqueza &#8211; O empreendedorismo e a criatividade t\u00eam marcado a trajet\u00f3ria de Rafael Lang e seu filho Eduardo, que recentemente decidiram investir em um novo e promissor ramo de neg\u00f3cios: a revenda de facas artesanais e a personaliza\u00e7\u00e3o de copos Stanley. A dupla, que j\u00e1 \u00e9 conhecida na comunidade por sua dedica\u00e7\u00e3o e iniciativa, vem<\/p>\n","protected":false},"author":1,"featured_media":8145,"comment_status":"open","ping_status":"open","sticky":false,"template":"","format":"standard","meta":{"footnotes":""},"categories":[41],"tags":[],"class_list":{"0":"post-8144","1":"post","2":"type-post","3":"status-publish","4":"format-standard","5":"has-post-thumbnail","7":"category-noticias"},"_links":{"self":[{"href":"https:\/\/noticiarioregional.com.br\/index.php?rest_route=\/wp\/v2\/posts\/8144","targetHints":{"allow":["GET"]}}],"collection":[{"href":"https:\/\/noticiarioregional.com.br\/index.php?rest_route=\/wp\/v2\/posts"}],"about":[{"href":"https:\/\/noticiarioregional.com.br\/index.php?rest_route=\/wp\/v2\/types\/post"}],"author":[{"embeddable":true,"href":"https:\/\/noticiarioregional.com.br\/index.php?rest_route=\/wp\/v2\/users\/1"}],"replies":[{"embeddable":true,"href":"https:\/\/noticiarioregional.com.br\/index.php?rest_route=%2Fwp%2Fv2%2Fcomments&post=8144"}],"version-history":[{"count":1,"href":"https:\/\/noticiarioregional.com.br\/index.php?rest_route=\/wp\/v2\/posts\/8144\/revisions"}],"predecessor-version":[{"id":8148,"href":"https:\/\/noticiarioregional.com.br\/index.php?rest_route=\/wp\/v2\/posts\/8144\/revisions\/8148"}],"wp:featuredmedia":[{"embeddable":true,"href":"https:\/\/noticiarioregional.com.br\/index.php?rest_route=\/wp\/v2\/media\/8145"}],"wp:attachment":[{"href":"https:\/\/noticiarioregional.com.br\/index.php?rest_route=%2Fwp%2Fv2%2Fmedia&parent=8144"}],"wp:term":[{"taxonomy":"category","embeddable":true,"href":"https:\/\/noticiarioregional.com.br\/index.php?rest_route=%2Fwp%2Fv2%2Fcategories&post=8144"},{"taxonomy":"post_tag","embeddable":true,"href":"https:\/\/noticiarioregional.com.br\/index.php?rest_route=%2Fwp%2Fv2%2Ftags&post=8144"}],"curies":[{"name":"wp","href":"https:\/\/api.w.org\/{rel}","templated":true}]}}