{"id":8149,"date":"2025-11-28T11:17:37","date_gmt":"2025-11-28T14:17:37","guid":{"rendered":"https:\/\/noticiarioregional.com.br\/?p=8149"},"modified":"2025-11-28T11:17:38","modified_gmt":"2025-11-28T14:17:38","slug":"sintraf-tera-chapa-unica-para-as-eleicoes-de-dezembro","status":"publish","type":"post","link":"https:\/\/noticiarioregional.com.br\/?p=8149","title":{"rendered":"Sintraf ter\u00e1 chapa \u00fanica para as elei\u00e7\u00f5es de dezembro"},"content":{"rendered":"\n<p><strong>Ipor\u00e3 do Oeste \u2013<\/strong> Na \u00faltima semana o Sindicato dos Trabalhadores Rurais Agricultores e Agricultoras Familiares divulgou o edital onde consta o registro de uma \u00fanica chapa para concorrer \u00e0 elei\u00e7\u00e3o que est\u00e1 agendada para o dia 05 de dezembro.&nbsp; O presidente da Comiss\u00e3o Eleitoral, Eloi Rockenbach, explica que a chapa foi registrada e atendeu aos requisitos, conforme o regimento eleitoral do Sindicato.<\/p>\n\n\n\n<p>Como presidente, se candidata \u00e0 reelei\u00e7\u00e3o Dalvo Mayer; vice-presidente: Waldemar Sasso; tesoureiro Can\u00edsio Reinehr; vice-tesoureiro Adilson de Souza; secret\u00e1rio Marcelo Marcon; vice-secret\u00e1ria Ivete Hillesheim Welter; conselho fiscal Liani Heck Ceccon, Jorge Kroetz e Leonir Schneiders e suplentes Jacinta Rohr Anschau, Jaci Guarnieri, Vilson Balzan e Rosane de Oliveira Klein.<\/p>\n\n\n\n<p>Eloi destaca que a elei\u00e7\u00e3o dia 05 de dezembro ser\u00e1 das 13h \u00e0s 16h, tendo como locais: a sede do Sindicato em Ipor\u00e3 do Oeste e nas comunidades de Aparecida, S\u00e3o Vendelino, S\u00e3o Louren\u00e7o e Macucozinho. Com o registro da chapa, o presidente comenta que ser\u00e3o definidos os mes\u00e1rios que ir\u00e3o atuar nos locais de vota\u00e7\u00e3o. Lembra que podem votar s\u00f3cios em dia com o Sindicato at\u00e9 dia 25 de novembro, sendo que o voto \u00e9 obrigat\u00f3rio, e devem ser associados a pelo menos seis meses antes da elei\u00e7\u00e3o.<\/p>\n","protected":false},"excerpt":{"rendered":"<p>Ipor\u00e3 do Oeste \u2013 Na \u00faltima semana o Sindicato dos Trabalhadores Rurais Agricultores e Agricultoras Familiares divulgou o edital onde consta o registro de uma \u00fanica chapa para concorrer \u00e0 elei\u00e7\u00e3o que est\u00e1 agendada para o dia 05 de dezembro.&nbsp; O presidente da Comiss\u00e3o Eleitoral, Eloi Rockenbach, explica que a chapa foi registrada e atendeu<\/p>\n","protected":false},"author":1,"featured_media":8150,"comment_status":"open","ping_status":"open","sticky":false,"template":"","format":"standard","meta":{"footnotes":""},"categories":[41],"tags":[],"class_list":{"0":"post-8149","1":"post","2":"type-post","3":"status-publish","4":"format-standard","5":"has-post-thumbnail","7":"category-noticias"},"_links":{"self":[{"href":"https:\/\/noticiarioregional.com.br\/index.php?rest_route=\/wp\/v2\/posts\/8149","targetHints":{"allow":["GET"]}}],"collection":[{"href":"https:\/\/noticiarioregional.com.br\/index.php?rest_route=\/wp\/v2\/posts"}],"about":[{"href":"https:\/\/noticiarioregional.com.br\/index.php?rest_route=\/wp\/v2\/types\/post"}],"author":[{"embeddable":true,"href":"https:\/\/noticiarioregional.com.br\/index.php?rest_route=\/wp\/v2\/users\/1"}],"replies":[{"embeddable":true,"href":"https:\/\/noticiarioregional.com.br\/index.php?rest_route=%2Fwp%2Fv2%2Fcomments&post=8149"}],"version-history":[{"count":1,"href":"https:\/\/noticiarioregional.com.br\/index.php?rest_route=\/wp\/v2\/posts\/8149\/revisions"}],"predecessor-version":[{"id":8151,"href":"https:\/\/noticiarioregional.com.br\/index.php?rest_route=\/wp\/v2\/posts\/8149\/revisions\/8151"}],"wp:featuredmedia":[{"embeddable":true,"href":"https:\/\/noticiarioregional.com.br\/index.php?rest_route=\/wp\/v2\/media\/8150"}],"wp:attachment":[{"href":"https:\/\/noticiarioregional.com.br\/index.php?rest_route=%2Fwp%2Fv2%2Fmedia&parent=8149"}],"wp:term":[{"taxonomy":"category","embeddable":true,"href":"https:\/\/noticiarioregional.com.br\/index.php?rest_route=%2Fwp%2Fv2%2Fcategories&post=8149"},{"taxonomy":"post_tag","embeddable":true,"href":"https:\/\/noticiarioregional.com.br\/index.php?rest_route=%2Fwp%2Fv2%2Ftags&post=8149"}],"curies":[{"name":"wp","href":"https:\/\/api.w.org\/{rel}","templated":true}]}}