{"id":8152,"date":"2025-11-28T11:20:42","date_gmt":"2025-11-28T14:20:42","guid":{"rendered":"https:\/\/noticiarioregional.com.br\/?p=8152"},"modified":"2025-11-28T11:20:43","modified_gmt":"2025-11-28T14:20:43","slug":"belmonte-premia-professores-pelas-boas-praticas-docentes","status":"publish","type":"post","link":"https:\/\/noticiarioregional.com.br\/?p=8152","title":{"rendered":"Belmonte premia professores pelas boas pr\u00e1ticas docentes"},"content":{"rendered":"\n<p class=\"has-larger-font-size\"><em><strong>Premia\u00e7\u00e3o foi divulgada e entregue na \u00faltima semana<\/strong><\/em><\/p>\n\n\n\n<p><strong>Belmonte \u2013<\/strong> Na sexta-feira, 07, a secretaria de Educa\u00e7\u00e3o, em parceria com a administra\u00e7\u00e3o municipal, divulgou o resultado do pr\u00eamio &#8220;As Boas Pr\u00e1ticas Docentes 2025&#8221;. A secret\u00e1ria, Marizete Basso Trevisan, explica que durante o ano foi aberto edital, e todos os professores do munic\u00edpio puderam se inscrever e participar. Comenta que a premia\u00e7\u00e3o objetivar reconhecer, celebrar e valorizar pr\u00e1ticas que os professores desenvolveram em sala de aula, e que contribuem na educa\u00e7\u00e3o dos estudantes.<\/p>\n\n\n\n<p>Na cerim\u00f4nia de premia\u00e7\u00e3o, realizada na C\u00e2mara de Vereadores, todos os educadores que apresentaram suas pr\u00e1ticas receberam um certificado de 80 horas de curso e um buque de girassol. A secret\u00e1ria ressalta que uma banca avaliou as pr\u00e1ticas, e tiveram direito ao voto os membros do Conselho Municipal de Educa\u00e7\u00e3o. O primeiro lugar de cada modalidade recebeu um certificado de honra ao m\u00e9rito e um pr\u00eamio em dinheiro no valor de R$ 1.000,00.<\/p>\n\n\n\n<p><strong>Na Educa\u00e7\u00e3o Infantil<\/strong> da escola Pingo de Ouro os vencedores e as respectivas pr\u00e1ticas apresentadas foram:<\/p>\n\n\n\n<ul class=\"wp-block-list\">\n<li>3\u00ba Lugar \u2013 professora La\u00edne Lorenski, com a tem\u00e1tica \u201cQual \u00e9 a cor do amor?\u201d;<\/li>\n\n\n\n<li>2\u00ba Lugar \u2013 professora Elisandra Sovrani, com a tem\u00e1tica \u201cSlime M\u00e1gico\u201d;<\/li>\n\n\n\n<li>1\u00ba Lugar \u2013 professoras Patr\u00edcia Fernanda Gomes e Daniela Geremia, com a tem\u00e1tica \u201cOs Tr\u00eas Porquinhos\u201d;<\/li>\n<\/ul>\n\n\n\n<figure class=\"wp-block-image size-large\"><img fetchpriority=\"high\" decoding=\"async\" width=\"576\" height=\"1024\" src=\"http:\/\/noticiarioregional.com.br\/wp-content\/uploads\/2025\/11\/Vencedoras-da-escola-Pingo-de-Ouro-576x1024.jpg\" alt=\"\" class=\"wp-image-8154\" srcset=\"https:\/\/noticiarioregional.com.br\/wp-content\/uploads\/2025\/11\/Vencedoras-da-escola-Pingo-de-Ouro-576x1024.jpg 576w, https:\/\/noticiarioregional.com.br\/wp-content\/uploads\/2025\/11\/Vencedoras-da-escola-Pingo-de-Ouro-169x300.jpg 169w, https:\/\/noticiarioregional.com.br\/wp-content\/uploads\/2025\/11\/Vencedoras-da-escola-Pingo-de-Ouro-768x1365.jpg 768w, https:\/\/noticiarioregional.com.br\/wp-content\/uploads\/2025\/11\/Vencedoras-da-escola-Pingo-de-Ouro-864x1536.jpg 864w, https:\/\/noticiarioregional.com.br\/wp-content\/uploads\/2025\/11\/Vencedoras-da-escola-Pingo-de-Ouro-150x267.jpg 150w, https:\/\/noticiarioregional.com.br\/wp-content\/uploads\/2025\/11\/Vencedoras-da-escola-Pingo-de-Ouro-450x800.jpg 450w, https:\/\/noticiarioregional.com.br\/wp-content\/uploads\/2025\/11\/Vencedoras-da-escola-Pingo-de-Ouro.jpg 900w\" sizes=\"(max-width: 576px) 100vw, 576px\" \/><figcaption class=\"wp-element-caption\">Vencedoras da escola Pingo de Ouro<\/figcaption><\/figure>\n\n\n\n<p>&nbsp;<strong>Anos Iniciais<\/strong> Escola Jo\u00e3o Revers:<\/p>\n\n\n\n<ul class=\"wp-block-list\">\n<li>\u00a02\u00ba Lugar \u2013 professora Marli Bernardi, com a tem\u00e1tica \u201cMatem\u00e1tica Divertida\u201d;<\/li>\n\n\n\n<li>1\u00ba Lugar \u2013 professora Fabiana Henrich, com a tem\u00e1tica \u201cMenina Bonita do La\u00e7o de Fita\u201d.<\/li>\n<\/ul>\n\n\n\n<figure class=\"wp-block-image size-large\"><img decoding=\"async\" width=\"623\" height=\"1024\" src=\"http:\/\/noticiarioregional.com.br\/wp-content\/uploads\/2025\/11\/Vencedora-da-escola-Joao-Revers-623x1024.jpg\" alt=\"\" class=\"wp-image-8155\" srcset=\"https:\/\/noticiarioregional.com.br\/wp-content\/uploads\/2025\/11\/Vencedora-da-escola-Joao-Revers-623x1024.jpg 623w, https:\/\/noticiarioregional.com.br\/wp-content\/uploads\/2025\/11\/Vencedora-da-escola-Joao-Revers-183x300.jpg 183w, https:\/\/noticiarioregional.com.br\/wp-content\/uploads\/2025\/11\/Vencedora-da-escola-Joao-Revers-768x1262.jpg 768w, https:\/\/noticiarioregional.com.br\/wp-content\/uploads\/2025\/11\/Vencedora-da-escola-Joao-Revers-935x1536.jpg 935w, https:\/\/noticiarioregional.com.br\/wp-content\/uploads\/2025\/11\/Vencedora-da-escola-Joao-Revers-150x246.jpg 150w, https:\/\/noticiarioregional.com.br\/wp-content\/uploads\/2025\/11\/Vencedora-da-escola-Joao-Revers-450x739.jpg 450w, https:\/\/noticiarioregional.com.br\/wp-content\/uploads\/2025\/11\/Vencedora-da-escola-Joao-Revers.jpg 974w\" sizes=\"(max-width: 623px) 100vw, 623px\" \/><figcaption class=\"wp-element-caption\">Vencedora da escola Jo\u00e3o Revers<\/figcaption><\/figure>\n\n\n\n<p><em>\u201cParabenizamos todas as professoras, que com suas pr\u00e1ticas inovadoras inspiram colegas e contribuem para a melhoria da aprendizagem de nossos estudantes. Cada projeto apresentado revelou dedica\u00e7\u00e3o, criatividade e amor pelo ensino, valores que fortalecem diariamente a nossa rede municipal de educa\u00e7\u00e3o&#8230; Parab\u00e9ns, professoras! Belmonte se orgulha de cada uma de voc\u00eas\u201d,<\/em> parabeniza a secret\u00e1ria Marizete.<\/p>\n","protected":false},"excerpt":{"rendered":"<p>Premia\u00e7\u00e3o foi divulgada e entregue na \u00faltima semana Belmonte \u2013 Na sexta-feira, 07, a secretaria de Educa\u00e7\u00e3o, em parceria com a administra\u00e7\u00e3o municipal, divulgou o resultado do pr\u00eamio &#8220;As Boas Pr\u00e1ticas Docentes 2025&#8221;. A secret\u00e1ria, Marizete Basso Trevisan, explica que durante o ano foi aberto edital, e todos os professores do munic\u00edpio puderam se inscrever<\/p>\n","protected":false},"author":1,"featured_media":8153,"comment_status":"open","ping_status":"open","sticky":false,"template":"","format":"standard","meta":{"footnotes":""},"categories":[41],"tags":[],"class_list":{"0":"post-8152","1":"post","2":"type-post","3":"status-publish","4":"format-standard","5":"has-post-thumbnail","7":"category-noticias"},"_links":{"self":[{"href":"https:\/\/noticiarioregional.com.br\/index.php?rest_route=\/wp\/v2\/posts\/8152","targetHints":{"allow":["GET"]}}],"collection":[{"href":"https:\/\/noticiarioregional.com.br\/index.php?rest_route=\/wp\/v2\/posts"}],"about":[{"href":"https:\/\/noticiarioregional.com.br\/index.php?rest_route=\/wp\/v2\/types\/post"}],"author":[{"embeddable":true,"href":"https:\/\/noticiarioregional.com.br\/index.php?rest_route=\/wp\/v2\/users\/1"}],"replies":[{"embeddable":true,"href":"https:\/\/noticiarioregional.com.br\/index.php?rest_route=%2Fwp%2Fv2%2Fcomments&post=8152"}],"version-history":[{"count":1,"href":"https:\/\/noticiarioregional.com.br\/index.php?rest_route=\/wp\/v2\/posts\/8152\/revisions"}],"predecessor-version":[{"id":8156,"href":"https:\/\/noticiarioregional.com.br\/index.php?rest_route=\/wp\/v2\/posts\/8152\/revisions\/8156"}],"wp:featuredmedia":[{"embeddable":true,"href":"https:\/\/noticiarioregional.com.br\/index.php?rest_route=\/wp\/v2\/media\/8153"}],"wp:attachment":[{"href":"https:\/\/noticiarioregional.com.br\/index.php?rest_route=%2Fwp%2Fv2%2Fmedia&parent=8152"}],"wp:term":[{"taxonomy":"category","embeddable":true,"href":"https:\/\/noticiarioregional.com.br\/index.php?rest_route=%2Fwp%2Fv2%2Fcategories&post=8152"},{"taxonomy":"post_tag","embeddable":true,"href":"https:\/\/noticiarioregional.com.br\/index.php?rest_route=%2Fwp%2Fv2%2Ftags&post=8152"}],"curies":[{"name":"wp","href":"https:\/\/api.w.org\/{rel}","templated":true}]}}