{"id":8157,"date":"2025-11-28T11:23:26","date_gmt":"2025-11-28T14:23:26","guid":{"rendered":"https:\/\/noticiarioregional.com.br\/?p=8157"},"modified":"2025-11-28T11:23:28","modified_gmt":"2025-11-28T14:23:28","slug":"um-mes-para-a-expo-descanso-2025","status":"publish","type":"post","link":"https:\/\/noticiarioregional.com.br\/?p=8157","title":{"rendered":"Um m\u00eas para a Expo Descanso 2025"},"content":{"rendered":"\n<p><strong>Descanso \u2013<\/strong> Em um m\u00eas, nos dias 12, 13 e 14 de dezembro, o munic\u00edpio e regi\u00e3o ir\u00e3o prestigiar uma nova edi\u00e7\u00e3o do evento, que ap\u00f3s 14 anos, ser\u00e1 realizado novamente com a denomina\u00e7\u00e3o de \u201cExpo Descanso 2025: Um novo recome\u00e7o\u201d. O lan\u00e7amento da feira foi realizado no dia 24 de outubro, tendo como local o Morro do Cristo, um dos principais atrativos tur\u00edsticos de Descanso.<\/p>\n\n\n\n<p>De acordo com o presidente da Comiss\u00e3o Central Organizadora, Jhoni Zortea <strong><em>(foto)<\/em><\/strong>, considerando o longo per\u00edodo que o evento n\u00e3o foi mais promovido, os trabalhos iniciaram praticamente do \u201czero\u201d. Comenta que a estrutura utilizada ser\u00e1 o gin\u00e1sio e o campo municipal, o complexo esportivo do munic\u00edpio.<\/p>\n\n\n\n<p>Jhoni ressalta que o complexo est\u00e1 passando por v\u00e1rias melhorias para receber os expositores e visitantes, como saneamento, sistemas hidr\u00e1ulico e el\u00e9trico e na acessibilidade. Ap\u00f3s o dia 20 de novembro j\u00e1 est\u00e1 prevista a vinda da estrutura para montagem das arenas de show, os estandes e a pra\u00e7a de alimenta\u00e7\u00e3o. O presidente antecipa que a gastronomia ser\u00e1 bem diversificada, com v\u00e1rios alimentos \u00e0 disposi\u00e7\u00e3o, al\u00e9m de bebidas, com destaque para o chopp da Big John.<\/p>\n\n\n\n<p><strong>Expo Descanso ter\u00e1 transporte rotativo<\/strong><\/p>\n\n\n\n<p>Para o coordenador, a maior preocupa\u00e7\u00e3o no momento s\u00e3o as demandas que envolvem a parte el\u00e9trica e estacionamento, considerando que ao redor do complexo esportivo n\u00e3o h\u00e1 disponibilidade de terrenos baldios para esta finalidade. Para solucionar este problema, Jhoni destaca que foi definido pela implanta\u00e7\u00e3o de um transporte rotativo dentro do munic\u00edpio nos dias da feira, incentivando os mun\u00edcipes a deixarem seus carros em casa, dessa forma disponibilizando as vagas aos visitantes. Lembra que ainda ser\u00e1 divulgado um mapa, que ser\u00e1 disponibilizado na p\u00e1gina da feira, informando os locais onde a rota ser\u00e1 feita e os pontos de parada.<\/p>\n\n\n\n<p>Conforme o coordenador, em rela\u00e7\u00e3o aos atrativos, o maior destaque at\u00e9 o momento \u00e9 o show nacional com Clayton e Rom\u00e1rio, no s\u00e1bado dia 13 de dezembro, que est\u00e1 registrando uma grande procura pelos ingressos, com as vendas j\u00e1 no quinto lote. Este ser\u00e1 o \u00fanico show com cobran\u00e7a, sendo que os demais, na sexta-feira, 12 de dezembro, com&nbsp;Ronaldo Raiz&nbsp;e&nbsp;Marcos Paulo &amp; Marcelo, e no domingo, 14, com&nbsp;Robson Brum&nbsp;e&nbsp;Banda Mercosul, s\u00e3o gratuitos. No palco I se apresentam as atra\u00e7\u00f5es nacionais, e o palco II ser\u00e1 destinado para as atra\u00e7\u00f5es culturais locais e regionais. Segundo o coordenador, durante os tr\u00eas dias haver\u00e1 artistas se apresentando, agradando os diferentes p\u00fablicos.<\/p>\n\n\n\n<p>No total ser\u00e3o 173 estandes, entre internos e externos. Desse total, o coordenador enfatiza que 90% dos espa\u00e7os j\u00e1 foram comercializados, totalizando mais de 120 expositores na Expo Descanso. Como a agricultura representa cerca de 84% da economia do munic\u00edpio Jhoni ressalta que boa parte dos expositores ser\u00e1 do setor agr\u00edcola, al\u00e9m do Desfile e Julgamento de Bovinos que ir\u00e1 movimentar a feira.<\/p>\n\n\n\n<p><em>\u201cApesar dos amplos desafios, os trabalhos est\u00e3o dentro do cronograma previsto. Nossa expectativa \u00e9 muito grande, os coment\u00e1rios, a procura por espa\u00e7os de exposi\u00e7\u00e3o e de ingressos est\u00e3o muito bons. Nos tr\u00eas dias de feira, acreditamos que iremos receber em torno de 35 a 40 mil pessoas, e atingindo essa meta, nossa Expo ser\u00e1 uma feira de grande porte\u201d,<\/em> destaca o coordenador da CCO.<\/p>\n","protected":false},"excerpt":{"rendered":"<p>Descanso \u2013 Em um m\u00eas, nos dias 12, 13 e 14 de dezembro, o munic\u00edpio e regi\u00e3o ir\u00e3o prestigiar uma nova edi\u00e7\u00e3o do evento, que ap\u00f3s 14 anos, ser\u00e1 realizado novamente com a denomina\u00e7\u00e3o de \u201cExpo Descanso 2025: Um novo recome\u00e7o\u201d. O lan\u00e7amento da feira foi realizado no dia 24 de outubro, tendo como local<\/p>\n","protected":false},"author":1,"featured_media":8158,"comment_status":"open","ping_status":"open","sticky":false,"template":"","format":"standard","meta":{"footnotes":""},"categories":[41],"tags":[],"class_list":{"0":"post-8157","1":"post","2":"type-post","3":"status-publish","4":"format-standard","5":"has-post-thumbnail","7":"category-noticias"},"_links":{"self":[{"href":"https:\/\/noticiarioregional.com.br\/index.php?rest_route=\/wp\/v2\/posts\/8157","targetHints":{"allow":["GET"]}}],"collection":[{"href":"https:\/\/noticiarioregional.com.br\/index.php?rest_route=\/wp\/v2\/posts"}],"about":[{"href":"https:\/\/noticiarioregional.com.br\/index.php?rest_route=\/wp\/v2\/types\/post"}],"author":[{"embeddable":true,"href":"https:\/\/noticiarioregional.com.br\/index.php?rest_route=\/wp\/v2\/users\/1"}],"replies":[{"embeddable":true,"href":"https:\/\/noticiarioregional.com.br\/index.php?rest_route=%2Fwp%2Fv2%2Fcomments&post=8157"}],"version-history":[{"count":1,"href":"https:\/\/noticiarioregional.com.br\/index.php?rest_route=\/wp\/v2\/posts\/8157\/revisions"}],"predecessor-version":[{"id":8159,"href":"https:\/\/noticiarioregional.com.br\/index.php?rest_route=\/wp\/v2\/posts\/8157\/revisions\/8159"}],"wp:featuredmedia":[{"embeddable":true,"href":"https:\/\/noticiarioregional.com.br\/index.php?rest_route=\/wp\/v2\/media\/8158"}],"wp:attachment":[{"href":"https:\/\/noticiarioregional.com.br\/index.php?rest_route=%2Fwp%2Fv2%2Fmedia&parent=8157"}],"wp:term":[{"taxonomy":"category","embeddable":true,"href":"https:\/\/noticiarioregional.com.br\/index.php?rest_route=%2Fwp%2Fv2%2Fcategories&post=8157"},{"taxonomy":"post_tag","embeddable":true,"href":"https:\/\/noticiarioregional.com.br\/index.php?rest_route=%2Fwp%2Fv2%2Ftags&post=8157"}],"curies":[{"name":"wp","href":"https:\/\/api.w.org\/{rel}","templated":true}]}}