{"id":8228,"date":"2025-12-01T09:34:52","date_gmt":"2025-12-01T12:34:52","guid":{"rendered":"https:\/\/noticiarioregional.com.br\/?p=8228"},"modified":"2025-12-01T09:34:54","modified_gmt":"2025-12-01T12:34:54","slug":"sucesso-e-valorizacao-da-cultura-marcam-a-2a-exposicao-regional-de-artesanato","status":"publish","type":"post","link":"https:\/\/noticiarioregional.com.br\/?p=8228","title":{"rendered":"Sucesso e valoriza\u00e7\u00e3o da cultura marcam a 2\u00aa Exposi\u00e7\u00e3o Regional de Artesanato"},"content":{"rendered":"\n<p>A Pra\u00e7a Central de Monda\u00ed se transformou em um verdadeiro palco de arte, cores e criatividade durante o fim de semana, dias 8 e 9 de novembro, com a realiza\u00e7\u00e3o da 2\u00aa Exposi\u00e7\u00e3o Regional de Artesanato, promovida pela Associa\u00e7\u00e3o de Artesanato de Monda\u00ed &#8211; Artemon. O evento, que reuniu artes\u00e3os, produtores, artistas e visitantes de toda a regi\u00e3o, superou as expectativas e reafirmou o potencial do artesanato como instrumento de valoriza\u00e7\u00e3o cultural e fortalecimento da economia criativa local.<\/p>\n\n\n\n<figure class=\"wp-block-image size-large\"><img fetchpriority=\"high\" decoding=\"async\" width=\"1024\" height=\"683\" src=\"http:\/\/noticiarioregional.com.br\/wp-content\/uploads\/2025\/12\/IMG_6494-1024x683.jpg\" alt=\"\" class=\"wp-image-8232\" srcset=\"https:\/\/noticiarioregional.com.br\/wp-content\/uploads\/2025\/12\/IMG_6494-1024x683.jpg 1024w, https:\/\/noticiarioregional.com.br\/wp-content\/uploads\/2025\/12\/IMG_6494-300x200.jpg 300w, https:\/\/noticiarioregional.com.br\/wp-content\/uploads\/2025\/12\/IMG_6494-768x512.jpg 768w, https:\/\/noticiarioregional.com.br\/wp-content\/uploads\/2025\/12\/IMG_6494-1536x1024.jpg 1536w, https:\/\/noticiarioregional.com.br\/wp-content\/uploads\/2025\/12\/IMG_6494-2048x1365.jpg 2048w, https:\/\/noticiarioregional.com.br\/wp-content\/uploads\/2025\/12\/IMG_6494-150x100.jpg 150w, https:\/\/noticiarioregional.com.br\/wp-content\/uploads\/2025\/12\/IMG_6494-450x300.jpg 450w, https:\/\/noticiarioregional.com.br\/wp-content\/uploads\/2025\/12\/IMG_6494-1200x800.jpg 1200w\" sizes=\"(max-width: 1024px) 100vw, 1024px\" \/><\/figure>\n\n\n\n<figure class=\"wp-block-image size-large\"><img decoding=\"async\" width=\"683\" height=\"1024\" src=\"http:\/\/noticiarioregional.com.br\/wp-content\/uploads\/2025\/12\/IMG_6567-683x1024.jpg\" alt=\"\" class=\"wp-image-8233\" srcset=\"https:\/\/noticiarioregional.com.br\/wp-content\/uploads\/2025\/12\/IMG_6567-683x1024.jpg 683w, https:\/\/noticiarioregional.com.br\/wp-content\/uploads\/2025\/12\/IMG_6567-200x300.jpg 200w, https:\/\/noticiarioregional.com.br\/wp-content\/uploads\/2025\/12\/IMG_6567-768x1152.jpg 768w, https:\/\/noticiarioregional.com.br\/wp-content\/uploads\/2025\/12\/IMG_6567-1024x1536.jpg 1024w, https:\/\/noticiarioregional.com.br\/wp-content\/uploads\/2025\/12\/IMG_6567-1365x2048.jpg 1365w, https:\/\/noticiarioregional.com.br\/wp-content\/uploads\/2025\/12\/IMG_6567-150x225.jpg 150w, https:\/\/noticiarioregional.com.br\/wp-content\/uploads\/2025\/12\/IMG_6567-450x675.jpg 450w, https:\/\/noticiarioregional.com.br\/wp-content\/uploads\/2025\/12\/IMG_6567-1200x1800.jpg 1200w, https:\/\/noticiarioregional.com.br\/wp-content\/uploads\/2025\/12\/IMG_6567-scaled.jpg 1707w\" sizes=\"(max-width: 683px) 100vw, 683px\" \/><\/figure>\n\n\n\n<p>De acordo com a presidente da Artemon, Clarice Schneider, participaram 54 artes\u00e3os de 19 munic\u00edpios, expondo uma ampla variedade de produtos \u2014 bordados, croch\u00eas, esculturas em madeira, cer\u00e2micas, artigos em materiais recicl\u00e1veis e pe\u00e7as em tecido, representando a riqueza e diversidade do artesanato regional. Al\u00e9m das exposi\u00e7\u00f5es, a estrutura do evento proporcionou conforto e lazer aos visitantes, com pra\u00e7a de alimenta\u00e7\u00e3o completa e diversas op\u00e7\u00f5es de lanches. As crian\u00e7as tamb\u00e9m tiveram um espa\u00e7o exclusivo, com brinquedos infl\u00e1veis.<\/p>\n\n\n\n<figure class=\"wp-block-image size-large\"><img decoding=\"async\" width=\"683\" height=\"1024\" src=\"http:\/\/noticiarioregional.com.br\/wp-content\/uploads\/2025\/12\/IMG_6328-683x1024.jpg\" alt=\"\" class=\"wp-image-8229\" srcset=\"https:\/\/noticiarioregional.com.br\/wp-content\/uploads\/2025\/12\/IMG_6328-683x1024.jpg 683w, https:\/\/noticiarioregional.com.br\/wp-content\/uploads\/2025\/12\/IMG_6328-200x300.jpg 200w, https:\/\/noticiarioregional.com.br\/wp-content\/uploads\/2025\/12\/IMG_6328-768x1152.jpg 768w, https:\/\/noticiarioregional.com.br\/wp-content\/uploads\/2025\/12\/IMG_6328-1024x1536.jpg 1024w, https:\/\/noticiarioregional.com.br\/wp-content\/uploads\/2025\/12\/IMG_6328-1365x2048.jpg 1365w, https:\/\/noticiarioregional.com.br\/wp-content\/uploads\/2025\/12\/IMG_6328-150x225.jpg 150w, https:\/\/noticiarioregional.com.br\/wp-content\/uploads\/2025\/12\/IMG_6328-450x675.jpg 450w, https:\/\/noticiarioregional.com.br\/wp-content\/uploads\/2025\/12\/IMG_6328-1200x1800.jpg 1200w, https:\/\/noticiarioregional.com.br\/wp-content\/uploads\/2025\/12\/IMG_6328-scaled.jpg 1707w\" sizes=\"(max-width: 683px) 100vw, 683px\" \/><\/figure>\n\n\n\n<p>A abertura oficial da exposi\u00e7\u00e3o ocorreu no s\u00e1bado, \u00e0s 14h, com ato solene e pronunciamentos de autoridades municipais. Na ocasi\u00e3o, Clarice Schneider agradeceu o apoio da administra\u00e7\u00e3o e o envolvimento dos participantes.&nbsp; \u201c<em>Um agradecimento especial \u00e0s nossas autoridades aqui presentes, cujo apoio \u00e9 fundamental para que as nossas tradi\u00e7\u00f5es permane\u00e7am vivas. Tamb\u00e9m agrade\u00e7o a presen\u00e7a dos 54 artes\u00e3os dos 19 munic\u00edpios que est\u00e3o presentes aqui hoje. Hoje testemunharemos algo extraordin\u00e1rio \u2014 nossa cultura em movimento e forma<\/em>. <em>O artesanato nos mostra a cultura que se pode tocar. As apresenta\u00e7\u00f5es culturais nos mostram a cultura que se pode sentir. Juntos, eles formam o ciclo completo da nossa identidade. Aos nossos artes\u00e3os e artistas, a nossa gratid\u00e3o. Voc\u00eas s\u00e3o os guardi\u00f5es deste patrim\u00f4nio vivo. Convidamos a todos a mergulharem nessa experi\u00eancia: admirem as pe\u00e7as, deixem-se emocionar pelas apresenta\u00e7\u00f5es e levem no cora\u00e7\u00e3o a certeza de que nossa cultura \u00e9 forte, viva e bela<\/em>.\u201d<\/p>\n\n\n\n<p>Representando o poder p\u00fablico, o vice-prefeito de Monda\u00ed, Ginther Otto Dreher, enalteceu o trabalho dos artes\u00e3os e artistas, ressaltando o papel da arte na integra\u00e7\u00e3o das comunidades regionais. \u201c<em>\u00c9 uma alegria poder participar desse momento t\u00e3o especial para Monda\u00ed e para toda a nossa regi\u00e3o. A segunda Exposi\u00e7\u00e3o Regional de Artesanato e Artes Pl\u00e1sticas \u00e9 um evento que valoriza o talento, a criatividade e a dedica\u00e7\u00e3o dos nossos artes\u00e3os e artistas, que com suas m\u00e3os e sua arte transformam ideias em cultura e tradi\u00e7\u00e3o. Parabenizo a Artemon pela organiza\u00e7\u00e3o e pelo empenho em promover esse encontro, que fortalece o setor e d\u00e1 visibilidade a tantos talentos locais e regionais&#8230;\u201d.<\/em><\/p>\n\n\n\n<figure class=\"wp-block-image size-large\"><img loading=\"lazy\" decoding=\"async\" width=\"683\" height=\"1024\" src=\"http:\/\/noticiarioregional.com.br\/wp-content\/uploads\/2025\/12\/IMG_6375-683x1024.jpg\" alt=\"\" class=\"wp-image-8230\" srcset=\"https:\/\/noticiarioregional.com.br\/wp-content\/uploads\/2025\/12\/IMG_6375-683x1024.jpg 683w, https:\/\/noticiarioregional.com.br\/wp-content\/uploads\/2025\/12\/IMG_6375-200x300.jpg 200w, https:\/\/noticiarioregional.com.br\/wp-content\/uploads\/2025\/12\/IMG_6375-768x1152.jpg 768w, https:\/\/noticiarioregional.com.br\/wp-content\/uploads\/2025\/12\/IMG_6375-1024x1536.jpg 1024w, https:\/\/noticiarioregional.com.br\/wp-content\/uploads\/2025\/12\/IMG_6375-1365x2048.jpg 1365w, https:\/\/noticiarioregional.com.br\/wp-content\/uploads\/2025\/12\/IMG_6375-150x225.jpg 150w, https:\/\/noticiarioregional.com.br\/wp-content\/uploads\/2025\/12\/IMG_6375-450x675.jpg 450w, https:\/\/noticiarioregional.com.br\/wp-content\/uploads\/2025\/12\/IMG_6375-1200x1800.jpg 1200w, https:\/\/noticiarioregional.com.br\/wp-content\/uploads\/2025\/12\/IMG_6375-scaled.jpg 1707w\" sizes=\"(max-width: 683px) 100vw, 683px\" \/><\/figure>\n\n\n\n<p>O prefeito Elizandro Mainardi tamb\u00e9m destacou a import\u00e2ncia da valoriza\u00e7\u00e3o cultural e o envolvimento da comunidade. \u201c<em>Fa\u00e7o das palavras do Ginther as minhas. A Administra\u00e7\u00e3o Municipal tem valorizado todos os setores, especialmente a cultura \u2014 e o trabalho da Artemon \u00e9 parte essencial dessa cultura viva de Monda\u00ed<\/em>.\u201d A programa\u00e7\u00e3o contou com intensa movimenta\u00e7\u00e3o art\u00edstica e cultural. No s\u00e1bado \u00e0 tarde, apresenta\u00e7\u00f5es encantaram o p\u00fablico, com a Casa da Cultura, Coral Renascer, Coral Vivere e Cantare de Riqueza, al\u00e9m do Grupo de Dan\u00e7a Liebe uns Freude. \u00c0s 18h, o p\u00fablico prestigiou o Bierwagen, uma das grandes novidades desta edi\u00e7\u00e3o. No domingo, 09, as atividades iniciaram com um culto ecum\u00eanico na Rua Coberta, seguido de shows musicais com Lizandro, Z\u00e9 e Dih e Erc\u00edlio Ribeiro, que garantiram anima\u00e7\u00e3o e integra\u00e7\u00e3o entre os visitantes.<\/p>\n\n\n\n<figure class=\"wp-block-image size-large\"><img loading=\"lazy\" decoding=\"async\" width=\"683\" height=\"1024\" src=\"http:\/\/noticiarioregional.com.br\/wp-content\/uploads\/2025\/12\/IMG_6412-683x1024.jpg\" alt=\"\" class=\"wp-image-8231\" srcset=\"https:\/\/noticiarioregional.com.br\/wp-content\/uploads\/2025\/12\/IMG_6412-683x1024.jpg 683w, https:\/\/noticiarioregional.com.br\/wp-content\/uploads\/2025\/12\/IMG_6412-200x300.jpg 200w, https:\/\/noticiarioregional.com.br\/wp-content\/uploads\/2025\/12\/IMG_6412-768x1152.jpg 768w, https:\/\/noticiarioregional.com.br\/wp-content\/uploads\/2025\/12\/IMG_6412-1024x1536.jpg 1024w, https:\/\/noticiarioregional.com.br\/wp-content\/uploads\/2025\/12\/IMG_6412-1365x2048.jpg 1365w, https:\/\/noticiarioregional.com.br\/wp-content\/uploads\/2025\/12\/IMG_6412-150x225.jpg 150w, https:\/\/noticiarioregional.com.br\/wp-content\/uploads\/2025\/12\/IMG_6412-450x675.jpg 450w, https:\/\/noticiarioregional.com.br\/wp-content\/uploads\/2025\/12\/IMG_6412-1200x1800.jpg 1200w, https:\/\/noticiarioregional.com.br\/wp-content\/uploads\/2025\/12\/IMG_6412-scaled.jpg 1707w\" sizes=\"(max-width: 683px) 100vw, 683px\" \/><\/figure>\n\n\n\n<p><\/p>\n","protected":false},"excerpt":{"rendered":"<p>A Pra\u00e7a Central de Monda\u00ed se transformou em um verdadeiro palco de arte, cores e criatividade durante o fim de semana, dias 8 e 9 de novembro, com a realiza\u00e7\u00e3o da 2\u00aa Exposi\u00e7\u00e3o Regional de Artesanato, promovida pela Associa\u00e7\u00e3o de Artesanato de Monda\u00ed &#8211; Artemon. O evento, que reuniu artes\u00e3os, produtores, artistas e visitantes de<\/p>\n","protected":false},"author":1,"featured_media":8234,"comment_status":"open","ping_status":"open","sticky":false,"template":"","format":"standard","meta":{"footnotes":""},"categories":[41],"tags":[],"class_list":{"0":"post-8228","1":"post","2":"type-post","3":"status-publish","4":"format-standard","5":"has-post-thumbnail","7":"category-noticias"},"_links":{"self":[{"href":"https:\/\/noticiarioregional.com.br\/index.php?rest_route=\/wp\/v2\/posts\/8228","targetHints":{"allow":["GET"]}}],"collection":[{"href":"https:\/\/noticiarioregional.com.br\/index.php?rest_route=\/wp\/v2\/posts"}],"about":[{"href":"https:\/\/noticiarioregional.com.br\/index.php?rest_route=\/wp\/v2\/types\/post"}],"author":[{"embeddable":true,"href":"https:\/\/noticiarioregional.com.br\/index.php?rest_route=\/wp\/v2\/users\/1"}],"replies":[{"embeddable":true,"href":"https:\/\/noticiarioregional.com.br\/index.php?rest_route=%2Fwp%2Fv2%2Fcomments&post=8228"}],"version-history":[{"count":1,"href":"https:\/\/noticiarioregional.com.br\/index.php?rest_route=\/wp\/v2\/posts\/8228\/revisions"}],"predecessor-version":[{"id":8235,"href":"https:\/\/noticiarioregional.com.br\/index.php?rest_route=\/wp\/v2\/posts\/8228\/revisions\/8235"}],"wp:featuredmedia":[{"embeddable":true,"href":"https:\/\/noticiarioregional.com.br\/index.php?rest_route=\/wp\/v2\/media\/8234"}],"wp:attachment":[{"href":"https:\/\/noticiarioregional.com.br\/index.php?rest_route=%2Fwp%2Fv2%2Fmedia&parent=8228"}],"wp:term":[{"taxonomy":"category","embeddable":true,"href":"https:\/\/noticiarioregional.com.br\/index.php?rest_route=%2Fwp%2Fv2%2Fcategories&post=8228"},{"taxonomy":"post_tag","embeddable":true,"href":"https:\/\/noticiarioregional.com.br\/index.php?rest_route=%2Fwp%2Fv2%2Ftags&post=8228"}],"curies":[{"name":"wp","href":"https:\/\/api.w.org\/{rel}","templated":true}]}}