{"id":8245,"date":"2025-12-17T09:32:06","date_gmt":"2025-12-17T12:32:06","guid":{"rendered":"https:\/\/noticiarioregional.com.br\/?p=8245"},"modified":"2025-12-17T09:32:07","modified_gmt":"2025-12-17T12:32:07","slug":"camara-de-vereadores-aprova-lei-que-cria-a-politica-municipal-de-desenvolvimento-economico-e-inovacao","status":"publish","type":"post","link":"https:\/\/noticiarioregional.com.br\/?p=8245","title":{"rendered":"C\u00e2mara de Vereadores aprova lei que cria a Pol\u00edtica Municipal de Desenvolvimento Econ\u00f4mico e Inova\u00e7\u00e3o"},"content":{"rendered":"\n<p><strong>Riqueza &#8211;<\/strong> A C\u00e2mara de Vereadores de Riqueza aprovou, na sess\u00e3o de ter\u00e7a-feira, 09, o Projeto de Lei Complementar do Executivo n\u00ba 048\/2025, que institui a Pol\u00edtica Municipal de Desenvolvimento Econ\u00f4mico e Inova\u00e7\u00e3o e cria oficialmente o Programa de Inova\u00e7\u00e3o do Munic\u00edpio de Riqueza. A proposta, enviada pelo prefeito Juliano Luiz Bortolanza, representa um dos mais avan\u00e7os marcos legislativos da hist\u00f3ria recente do munic\u00edpio, ao estabelecer um conjunto estruturado de normas, incentivos e instrumentos para impulsionar o crescimento econ\u00f4mico sustent\u00e1vel, a inova\u00e7\u00e3o tecnol\u00f3gica e o empreendedorismo local.<\/p>\n\n\n\n<p>De acordo com o projeto aprovado, a Pol\u00edtica Municipal de Desenvolvimento Econ\u00f4mico e Inova\u00e7\u00e3o tem como objetivos centrais fomentar o desenvolvimento econ\u00f4mico-social sustent\u00e1vel, incentivar investimentos produtivos e tecnol\u00f3gicos, estimular o empreendedorismo inovador, ampliar a gera\u00e7\u00e3o de empregos e renda e fortalecer a participa\u00e7\u00e3o da sociedade civil na constru\u00e7\u00e3o e execu\u00e7\u00e3o dessas pol\u00edticas p\u00fablicas.<\/p>\n\n\n\n<p>Um dos pilares da nova lei \u00e9 a cria\u00e7\u00e3o do Sistema Municipal de Inova\u00e7\u00e3o &#8211; SMI, concebido para integrar e articular os diversos agentes p\u00fablicos e privados que atuam direta ou indiretamente no desenvolvimento da inova\u00e7\u00e3o em Riqueza. O sistema re\u00fane a Prefeitura, a C\u00e2mara de Vereadores, institui\u00e7\u00f5es de ensino, associa\u00e7\u00f5es empresariais, empresas inovadoras, centros de inova\u00e7\u00e3o, habitats tecnol\u00f3gicos, entidades promotoras de inova\u00e7\u00e3o e fundos de investimento.<\/p>\n\n\n\n<p>A lei tamb\u00e9m institui o Conselho Municipal de Desenvolvimento Econ\u00f4mico e Inova\u00e7\u00e3o (CMDEI), \u00f3rg\u00e3o de car\u00e1ter consultivo e deliberativo, respons\u00e1vel por coordenar, fiscalizar e acompanhar a implementa\u00e7\u00e3o da pol\u00edtica p\u00fablica e do Programa Municipal de Inova\u00e7\u00e3o. O conselho ser\u00e1 composto por representantes do poder p\u00fablico, do setor empresarial, de institui\u00e7\u00f5es educacionais, cient\u00edficas e tecnol\u00f3gicas e da sociedade civil.<\/p>\n\n\n\n<p>Outro avan\u00e7o significativo \u00e9 a cria\u00e7\u00e3o do Fundo Municipal de Inova\u00e7\u00e3o (FMI), vinculado \u00e0 Secretaria de Administra\u00e7\u00e3o e Finan\u00e7as e orientado pelo CMDEI. O Fundo ser\u00e1 respons\u00e1vel por financiar, de forma reembols\u00e1vel ou n\u00e3o, projetos inovadores de interesse do munic\u00edpio, incluindo pesquisas aplicadas, capacita\u00e7\u00f5es, eventos, desenvolvimento tecnol\u00f3gico, incubadoras, parques tecnol\u00f3gicos e a\u00e7\u00f5es voltadas \u00e0 inclus\u00e3o digital. A legisla\u00e7\u00e3o prev\u00ea percentuais m\u00ednimos de investimento destinados a micro e pequenas empresas, projetos de inclus\u00e3o digital e manuten\u00e7\u00e3o do Centro de Inova\u00e7\u00e3o do munic\u00edpio.<\/p>\n\n\n\n<p>O Programa Municipal de Incentivo \u00e0 Ci\u00eancia, Tecnologia e Inova\u00e7\u00e3o autoriza a concess\u00e3o de incentivos fiscais relacionados ao ISSQN, IPTU, ITBI, taxas e alvar\u00e1s, por prazo de at\u00e9 dez anos, para empresas de setores considerados estrat\u00e9gicos. Entre eles est\u00e3o tecnologia da informa\u00e7\u00e3o, telecomunica\u00e7\u00f5es, desenvolvimento de softwares, energias renov\u00e1veis, cidades inteligentes, pesquisa cient\u00edfica e agroneg\u00f3cio. A lei ainda prev\u00ea a possibilidade de posterga\u00e7\u00e3o de at\u00e9 75% do incremento da arrecada\u00e7\u00e3o de ISSQN por at\u00e9 48 meses, vinculando o benef\u00edcio a investimentos em infraestrutura, inova\u00e7\u00e3o, pesquisa, capacita\u00e7\u00e3o profissional e forma\u00e7\u00e3o de capital humano.<\/p>\n\n\n\n<p>Na mensagem encaminhada ao Legislativo, o prefeito Juliano Luiz Bortolanza <strong><em>(foto)<\/em><\/strong> destacou que a aprova\u00e7\u00e3o do projeto coloca Riqueza em sintonia com as transforma\u00e7\u00f5es econ\u00f4micas e tecnol\u00f3gicas em curso no pa\u00eds e no mundo. Segundo o Executivo, a pol\u00edtica p\u00fablica tem como prop\u00f3sito estruturar um ambiente de neg\u00f3cios moderno, competitivo e inovador, capaz de atrair investimentos, reter talentos e garantir oportunidades para as futuras gera\u00e7\u00f5es.<\/p>\n","protected":false},"excerpt":{"rendered":"<p>Riqueza &#8211; A C\u00e2mara de Vereadores de Riqueza aprovou, na sess\u00e3o de ter\u00e7a-feira, 09, o Projeto de Lei Complementar do Executivo n\u00ba 048\/2025, que institui a Pol\u00edtica Municipal de Desenvolvimento Econ\u00f4mico e Inova\u00e7\u00e3o e cria oficialmente o Programa de Inova\u00e7\u00e3o do Munic\u00edpio de Riqueza. A proposta, enviada pelo prefeito Juliano Luiz Bortolanza, representa um dos<\/p>\n","protected":false},"author":1,"featured_media":8246,"comment_status":"open","ping_status":"open","sticky":false,"template":"","format":"standard","meta":{"footnotes":""},"categories":[41],"tags":[],"class_list":{"0":"post-8245","1":"post","2":"type-post","3":"status-publish","4":"format-standard","5":"has-post-thumbnail","7":"category-noticias"},"_links":{"self":[{"href":"https:\/\/noticiarioregional.com.br\/index.php?rest_route=\/wp\/v2\/posts\/8245","targetHints":{"allow":["GET"]}}],"collection":[{"href":"https:\/\/noticiarioregional.com.br\/index.php?rest_route=\/wp\/v2\/posts"}],"about":[{"href":"https:\/\/noticiarioregional.com.br\/index.php?rest_route=\/wp\/v2\/types\/post"}],"author":[{"embeddable":true,"href":"https:\/\/noticiarioregional.com.br\/index.php?rest_route=\/wp\/v2\/users\/1"}],"replies":[{"embeddable":true,"href":"https:\/\/noticiarioregional.com.br\/index.php?rest_route=%2Fwp%2Fv2%2Fcomments&post=8245"}],"version-history":[{"count":1,"href":"https:\/\/noticiarioregional.com.br\/index.php?rest_route=\/wp\/v2\/posts\/8245\/revisions"}],"predecessor-version":[{"id":8247,"href":"https:\/\/noticiarioregional.com.br\/index.php?rest_route=\/wp\/v2\/posts\/8245\/revisions\/8247"}],"wp:featuredmedia":[{"embeddable":true,"href":"https:\/\/noticiarioregional.com.br\/index.php?rest_route=\/wp\/v2\/media\/8246"}],"wp:attachment":[{"href":"https:\/\/noticiarioregional.com.br\/index.php?rest_route=%2Fwp%2Fv2%2Fmedia&parent=8245"}],"wp:term":[{"taxonomy":"category","embeddable":true,"href":"https:\/\/noticiarioregional.com.br\/index.php?rest_route=%2Fwp%2Fv2%2Fcategories&post=8245"},{"taxonomy":"post_tag","embeddable":true,"href":"https:\/\/noticiarioregional.com.br\/index.php?rest_route=%2Fwp%2Fv2%2Ftags&post=8245"}],"curies":[{"name":"wp","href":"https:\/\/api.w.org\/{rel}","templated":true}]}}