{"id":8248,"date":"2025-12-17T09:34:50","date_gmt":"2025-12-17T12:34:50","guid":{"rendered":"https:\/\/noticiarioregional.com.br\/?p=8248"},"modified":"2025-12-17T09:34:52","modified_gmt":"2025-12-17T12:34:52","slug":"refis-mondai-2025-prazo-final-para-adesao-encerra-dia-20","status":"publish","type":"post","link":"https:\/\/noticiarioregional.com.br\/?p=8248","title":{"rendered":"REFIS MONDA\u00cd 2025 &#8211; Prazo final para ades\u00e3o encerra dia 20"},"content":{"rendered":"\n<p><strong>Monda\u00ed <\/strong>\u2013 A Administra\u00e7\u00e3o Municipal refor\u00e7a o alerta aos contribuintes: o prazo para ades\u00e3o ao REFIS MONDA\u00cd 2025 termina no pr\u00f3ximo dia 20 de dezembro. Lan\u00e7ado oficialmente no in\u00edcio do ano, o programa especial de Recupera\u00e7\u00e3o Fiscal oferece descontos de at\u00e9 100% em juros e multas, representando uma oportunidade decisiva para quem deseja regularizar d\u00e9bitos junto ao munic\u00edpio antes do encerramento de 2025.<\/p>\n\n\n\n<p>Conforme informa\u00e7\u00f5es do <a>secret\u00e1rio de Administra\u00e7\u00e3o e Fazenda, Juliano de Oliveira<\/a>, o REFIS foi criado com o objetivo de facilitar a vida do contribuinte e, ao mesmo tempo, fortalecer a capacidade de investimento do poder p\u00fablico. \u201c<em>Estamos nos aproximando do prazo final e \u00e9 importante que os mun\u00edcipes aproveitem essa chance. O REFIS permite que pessoas f\u00edsicas e jur\u00eddicas regularizem pend\u00eancias com condi\u00e7\u00f5es muito vantajosas, algo que dificilmente se repete<\/em>\u201d, enfatiza.<\/p>\n\n\n\n<p>O programa \u00e9 destinado a pessoas f\u00edsicas e jur\u00eddicas que possuam d\u00e9bitos com o munic\u00edpio, abrangendo d\u00edvidas tribut\u00e1rias e n\u00e3o tribut\u00e1rias vencidas at\u00e9 31 de dezembro de 2024. Entre os d\u00e9bitos que podem ser inclu\u00eddos no REFIS est\u00e3o:<\/p>\n\n\n\n<ul class=\"wp-block-list\">\n<li>D\u00edvidas lan\u00e7adas pelo pr\u00f3prio munic\u00edpio ou declaradas pelo contribuinte;<\/li>\n\n\n\n<li>D\u00e9bitos j\u00e1 ajuizados, protestados ou com exigibilidade suspensa;<\/li>\n\n\n\n<li>Parcelamentos anteriores n\u00e3o quitados;<\/li>\n\n\n\n<li>Multas e obriga\u00e7\u00f5es acess\u00f3rias.<\/li>\n<\/ul>\n\n\n\n<p>No entanto, a Administra\u00e7\u00e3o Municipal esclarece que o REFIS n\u00e3o se aplica a d\u00edvidas referentes ao ITBI, custas judiciais e honor\u00e1rios advocat\u00edcios.<\/p>\n\n\n\n<p>A ades\u00e3o ao REFIS\/MONDA\u00cd 2025 deve ser realizada presencialmente na Prefeitura, mediante a apresenta\u00e7\u00e3o de requerimento devidamente assinado. O contribuinte precisa apresentar documentos pessoais e, no caso de empresas, \u00e9 obrigat\u00f3ria a entrega do contrato social e dos documentos dos representantes legais.<\/p>\n\n\n\n<p>O secret\u00e1rio Juliano de Oliveira destaca que o atendimento est\u00e1 preparado para orientar os contribuintes sobre a melhor forma de negocia\u00e7\u00e3o. \u201c<em>Nossa equipe est\u00e1 pronta para auxiliar, esclarecer d\u00favidas e encontrar a solu\u00e7\u00e3o mais adequada para cada situa\u00e7\u00e3o. O importante \u00e9 n\u00e3o deixar para a \u00faltima hora, j\u00e1 que o prazo se encerra no dia 20 de dezembro<\/em>\u201d, refor\u00e7a.<\/p>\n\n\n\n<p>Al\u00e9m de proporcionar al\u00edvio financeiro aos contribuintes, o programa tamb\u00e9m desempenha papel estrat\u00e9gico para a gest\u00e3o p\u00fablica. Segundo Juliano, a recupera\u00e7\u00e3o desses cr\u00e9ditos permite ao munic\u00edpio refor\u00e7ar investimentos em \u00e1reas priorit\u00e1rias. \u201c<em>O REFIS \u00e9 uma via de m\u00e3o dupla: o contribuinte regulariza sua situa\u00e7\u00e3o e o munic\u00edpio fortalece sua arrecada\u00e7\u00e3o, garantindo recursos para obras, servi\u00e7os e melhorias que retornam \u00e0 comunidade\u201d<\/em>, salienta.<\/p>\n\n\n\n<p><\/p>\n","protected":false},"excerpt":{"rendered":"<p>Monda\u00ed \u2013 A Administra\u00e7\u00e3o Municipal refor\u00e7a o alerta aos contribuintes: o prazo para ades\u00e3o ao REFIS MONDA\u00cd 2025 termina no pr\u00f3ximo dia 20 de dezembro. Lan\u00e7ado oficialmente no in\u00edcio do ano, o programa especial de Recupera\u00e7\u00e3o Fiscal oferece descontos de at\u00e9 100% em juros e multas, representando uma oportunidade decisiva para quem deseja regularizar d\u00e9bitos<\/p>\n","protected":false},"author":1,"featured_media":8249,"comment_status":"open","ping_status":"open","sticky":false,"template":"","format":"standard","meta":{"footnotes":""},"categories":[41],"tags":[],"class_list":{"0":"post-8248","1":"post","2":"type-post","3":"status-publish","4":"format-standard","5":"has-post-thumbnail","7":"category-noticias"},"_links":{"self":[{"href":"https:\/\/noticiarioregional.com.br\/index.php?rest_route=\/wp\/v2\/posts\/8248","targetHints":{"allow":["GET"]}}],"collection":[{"href":"https:\/\/noticiarioregional.com.br\/index.php?rest_route=\/wp\/v2\/posts"}],"about":[{"href":"https:\/\/noticiarioregional.com.br\/index.php?rest_route=\/wp\/v2\/types\/post"}],"author":[{"embeddable":true,"href":"https:\/\/noticiarioregional.com.br\/index.php?rest_route=\/wp\/v2\/users\/1"}],"replies":[{"embeddable":true,"href":"https:\/\/noticiarioregional.com.br\/index.php?rest_route=%2Fwp%2Fv2%2Fcomments&post=8248"}],"version-history":[{"count":1,"href":"https:\/\/noticiarioregional.com.br\/index.php?rest_route=\/wp\/v2\/posts\/8248\/revisions"}],"predecessor-version":[{"id":8250,"href":"https:\/\/noticiarioregional.com.br\/index.php?rest_route=\/wp\/v2\/posts\/8248\/revisions\/8250"}],"wp:featuredmedia":[{"embeddable":true,"href":"https:\/\/noticiarioregional.com.br\/index.php?rest_route=\/wp\/v2\/media\/8249"}],"wp:attachment":[{"href":"https:\/\/noticiarioregional.com.br\/index.php?rest_route=%2Fwp%2Fv2%2Fmedia&parent=8248"}],"wp:term":[{"taxonomy":"category","embeddable":true,"href":"https:\/\/noticiarioregional.com.br\/index.php?rest_route=%2Fwp%2Fv2%2Fcategories&post=8248"},{"taxonomy":"post_tag","embeddable":true,"href":"https:\/\/noticiarioregional.com.br\/index.php?rest_route=%2Fwp%2Fv2%2Ftags&post=8248"}],"curies":[{"name":"wp","href":"https:\/\/api.w.org\/{rel}","templated":true}]}}