{"id":8251,"date":"2025-12-17T09:38:15","date_gmt":"2025-12-17T12:38:15","guid":{"rendered":"https:\/\/noticiarioregional.com.br\/?p=8251"},"modified":"2025-12-17T09:38:16","modified_gmt":"2025-12-17T12:38:16","slug":"orcamento-do-municipio-para-2026-tera-aumento-de-cerca-de-12","status":"publish","type":"post","link":"https:\/\/noticiarioregional.com.br\/?p=8251","title":{"rendered":"Or\u00e7amento do Munic\u00edpio para 2026 ter\u00e1 aumento de cerca de 12%"},"content":{"rendered":"\n<p class=\"has-text-align-center has-large-font-size\"><em>Projeto prev\u00ea receitas, despesas e principais investimentos para o pr\u00f3ximo ano<\/em><\/p>\n\n\n\n<p><strong>S\u00e3o Jo\u00e3o do Oeste<\/strong> \u2013 O Executivo encaminhou para a C\u00e2mara de Vereadores o projeto de lei n\u00famero 070\/2025 que estima a receita e fixa a despesa do munic\u00edpio para o exerc\u00edcio de 2026. Conforme o projeto, aprovado pelos vereadores, o or\u00e7amento geral do munic\u00edpio para o pr\u00f3ximo exerc\u00edcio financeiro est\u00e1 previsto em R$ 53 milh\u00f5es.<\/p>\n\n\n\n<p>O secret\u00e1rio de Administra\u00e7\u00e3o, Claudir Rauber, explica que em compara\u00e7\u00e3o ao or\u00e7amento deste ano, o or\u00e7amento de 2026 teve um acr\u00e9scimo de cerca de 12%, passando de R$ 47,5 milh\u00f5es para R$ 53 milh\u00f5es. Comenta que o valor em cada setor \u00e9 definido com base no or\u00e7amento anterior, mais os reajustes previstos. A sa\u00fade e educa\u00e7\u00e3o, por exemplo, precisam respeitar os percentuais m\u00ednimos previstos em lei, de 15% e 25%, respectivamente. Al\u00e9m da discuss\u00e3o entre os setores da Administra\u00e7\u00e3o, o secret\u00e1rio lembra que o or\u00e7amento passa por aprova\u00e7\u00e3o em audi\u00eancia p\u00fablica e depois \u00e9 encaminhado para aprova\u00e7\u00e3o no Legislativo.<\/p>\n\n\n\n<p>O or\u00e7amento para 2026, por fun\u00e7\u00f5es de governo, est\u00e1 estimado em:<\/p>\n\n\n\n<ul class=\"wp-block-list\">\n<li><strong>C\u00e2mara de Vereadores<\/strong> \u2013 R$ <strong>1.200.000,00;<\/strong><\/li>\n\n\n\n<li><strong>Administra\u00e7\u00e3o<\/strong> \u2013 R$ <strong>5.400.000,00;<\/strong><\/li>\n\n\n\n<li><strong>Seguran\u00e7a P\u00fablica<\/strong> \u2013 R$ <strong>330.000,00;<\/strong><\/li>\n\n\n\n<li><strong>Assist\u00eancia Social<\/strong> \u2013 R$ <strong>2.370.000,00;<\/strong><\/li>\n\n\n\n<li><strong>Previd\u00eancia Social<\/strong> \u2013 R$ <strong>40.000,00;<\/strong><\/li>\n\n\n\n<li><strong>Sa\u00fade<\/strong> \u2013 R$ <strong>9.860.000,00;<\/strong><\/li>\n\n\n\n<li><strong>Educa\u00e7\u00e3o<\/strong> \u2013 R<strong>$ 12.120.000,00;<\/strong><\/li>\n\n\n\n<li><strong>Cultura<\/strong> \u2013 R$ <strong>970.000,00;<\/strong><\/li>\n\n\n\n<li><strong>Urbanismo<\/strong> \u2013 R$ <strong>2.890.000,00;<\/strong><\/li>\n\n\n\n<li><strong>Habita\u00e7\u00e3o<\/strong> \u2013 R$ <strong>50.000,00;<\/strong><\/li>\n\n\n\n<li><strong>Saneamento<\/strong> \u2013 R$ <strong>3.810.000,00;<\/strong><\/li>\n\n\n\n<li><strong>Gest\u00e3o Ambiental<\/strong> \u2013 R$ <strong>850.000,00;<\/strong><\/li>\n\n\n\n<li><strong>Agricultura<\/strong> \u2013 R$ <strong>3.900.000,00;<\/strong><\/li>\n\n\n\n<li><strong>Ind\u00fastria<\/strong> \u2013 R$ <strong>100.000,00;<\/strong><\/li>\n\n\n\n<li><strong>Com\u00e9rcio e Servi\u00e7os<\/strong> \u2013 R$ <strong>620.000,00;<\/strong><\/li>\n\n\n\n<li><strong>Energia<\/strong> \u2013 R$ <strong>50.000,00;<\/strong><\/li>\n\n\n\n<li><strong>Transporte<\/strong> \u2013 R$ <strong>4.600.000,00;<\/strong><\/li>\n\n\n\n<li><strong>Desporto e Lazer<\/strong> \u2013 R$ <strong>870.000,00;<\/strong><\/li>\n\n\n\n<li><strong>Encargos Especiais<\/strong> \u2013 R$ <strong>2.940.000,00;<\/strong><\/li>\n\n\n\n<li><strong>Reserva de Conting\u00eancia<\/strong> \u2013 R$ <strong>30.000,00.<\/strong><\/li>\n<\/ul>\n\n\n\n<p>Conforme o secret\u00e1rio, entre os investimentos previstos para o pr\u00f3ximo ano, e que est\u00e3o no or\u00e7amento, est\u00e1 a constru\u00e7\u00e3o da ponte na Linha Macuco, a amplia\u00e7\u00e3o da rede de \u00e1gua a partir da conclus\u00e3o da ETA de Macuco para a regi\u00e3o de Macuco, Itacuru\u00e7u, Alto Macuco e Medianeira, asfaltos no interior, a revitaliza\u00e7\u00e3o da pra\u00e7a matriz, a amplia\u00e7\u00e3o do Centro de Sa\u00fade, al\u00e9m da aquisi\u00e7\u00e3o de ve\u00edculos e a execu\u00e7\u00e3o dos programas nas diferentes secretarias.<\/p>\n","protected":false},"excerpt":{"rendered":"<p>Projeto prev\u00ea receitas, despesas e principais investimentos para o pr\u00f3ximo ano S\u00e3o Jo\u00e3o do Oeste \u2013 O Executivo encaminhou para a C\u00e2mara de Vereadores o projeto de lei n\u00famero 070\/2025 que estima a receita e fixa a despesa do munic\u00edpio para o exerc\u00edcio de 2026. Conforme o projeto, aprovado pelos vereadores, o or\u00e7amento geral do<\/p>\n","protected":false},"author":1,"featured_media":8252,"comment_status":"open","ping_status":"open","sticky":false,"template":"","format":"standard","meta":{"footnotes":""},"categories":[41],"tags":[],"class_list":{"0":"post-8251","1":"post","2":"type-post","3":"status-publish","4":"format-standard","5":"has-post-thumbnail","7":"category-noticias"},"_links":{"self":[{"href":"https:\/\/noticiarioregional.com.br\/index.php?rest_route=\/wp\/v2\/posts\/8251","targetHints":{"allow":["GET"]}}],"collection":[{"href":"https:\/\/noticiarioregional.com.br\/index.php?rest_route=\/wp\/v2\/posts"}],"about":[{"href":"https:\/\/noticiarioregional.com.br\/index.php?rest_route=\/wp\/v2\/types\/post"}],"author":[{"embeddable":true,"href":"https:\/\/noticiarioregional.com.br\/index.php?rest_route=\/wp\/v2\/users\/1"}],"replies":[{"embeddable":true,"href":"https:\/\/noticiarioregional.com.br\/index.php?rest_route=%2Fwp%2Fv2%2Fcomments&post=8251"}],"version-history":[{"count":1,"href":"https:\/\/noticiarioregional.com.br\/index.php?rest_route=\/wp\/v2\/posts\/8251\/revisions"}],"predecessor-version":[{"id":8253,"href":"https:\/\/noticiarioregional.com.br\/index.php?rest_route=\/wp\/v2\/posts\/8251\/revisions\/8253"}],"wp:featuredmedia":[{"embeddable":true,"href":"https:\/\/noticiarioregional.com.br\/index.php?rest_route=\/wp\/v2\/media\/8252"}],"wp:attachment":[{"href":"https:\/\/noticiarioregional.com.br\/index.php?rest_route=%2Fwp%2Fv2%2Fmedia&parent=8251"}],"wp:term":[{"taxonomy":"category","embeddable":true,"href":"https:\/\/noticiarioregional.com.br\/index.php?rest_route=%2Fwp%2Fv2%2Fcategories&post=8251"},{"taxonomy":"post_tag","embeddable":true,"href":"https:\/\/noticiarioregional.com.br\/index.php?rest_route=%2Fwp%2Fv2%2Ftags&post=8251"}],"curies":[{"name":"wp","href":"https:\/\/api.w.org\/{rel}","templated":true}]}}