{"id":8254,"date":"2025-12-17T09:40:27","date_gmt":"2025-12-17T12:40:27","guid":{"rendered":"https:\/\/noticiarioregional.com.br\/?p=8254"},"modified":"2025-12-17T09:40:28","modified_gmt":"2025-12-17T12:40:28","slug":"reforma-tributaria-entenda-como-sera-a-implantacao-gradativa-da-mudanca-que-objetiva-reduzir-burocracia-para-empresas-e-maior-transparencia-ao-consumidor","status":"publish","type":"post","link":"https:\/\/noticiarioregional.com.br\/?p=8254","title":{"rendered":"Reforma Tribut\u00e1ria &#8211; Entenda como ser\u00e1 a implanta\u00e7\u00e3o gradativa da mudan\u00e7a que objetiva reduzir burocracia para empresas e maior transpar\u00eancia ao consumidor"},"content":{"rendered":"\n<p><strong>Ipor\u00e3 do Oeste \u2013<\/strong> A Emenda Constitucional (PEC) 45, aprovada no Congresso Nacional, tamb\u00e9m conhecida como Reforma Tribut\u00e1ria, \u00e9 respons\u00e1vel por&nbsp;alterar de forma significativa o modelo brasileiro de tributa\u00e7\u00e3o sobre o consumo, extinguindo os tributos atuais (PIS, COFINS, IPI, ICMS e ISS) e estabelecendo dois novos tributos sobre valor agregado: a&nbsp;CBS (Contribui\u00e7\u00e3o sobre Bens e Servi\u00e7os)&nbsp;e o&nbsp;IBS (Imposto sobre Bens e Servi\u00e7os).<\/p>\n\n\n\n<p>A mudan\u00e7a para o novo modelo ocorrer\u00e1 de forma gradativa, com in\u00edcio em 2026 e conclus\u00e3o em 2032.&nbsp;Para esclarecer como vai funcionar a tributa\u00e7\u00e3o no pa\u00eds com a nova legisla\u00e7\u00e3o, conversamos com o contador do Escrit\u00f3rio Cont\u00e1bil Oeste, Marciano Muller, que explicou, de forma resumida, as principais altera\u00e7\u00f5es trazidas pela Reforma Tribut\u00e1ria.<\/p>\n\n\n\n<p><strong>NR: O que \u00e9 a Reforma Tribut\u00e1ria e qual seu objetivo?<\/strong><\/p>\n\n\n\n<p><strong>Marciano Muller<\/strong><strong> &#8211;<\/strong> A Reforma Tribut\u00e1ria \u00e9 uma grande mudan\u00e7a na forma como os impostos ser\u00e3o cobrados no Brasil, principalmente aqueles que incidem sobre tudo o que compramos e vendemos, como produtos e servi\u00e7os. Hoje, o sistema \u00e9 confuso, cheio de regras diferentes, impostos sobre impostos e muitas burocracias, o que acaba encarecendo tudo para empresas e consumidores.<\/p>\n\n\n\n<p>Com a reforma, v\u00e1rios tributos ser\u00e3o substitu\u00eddos por dois principais: o <strong>IBS (Imposto sobre Bens e Servi\u00e7os)<\/strong><strong> <\/strong>e a<strong>CBS (Contribui\u00e7\u00e3o sobre Bens e Servi\u00e7os)<\/strong><strong>. <\/strong>A ideia \u00e9 ter um modelo mais simples, parecido com o que j\u00e1 funciona em muitos outros pa\u00edses, em que o imposto \u00e9 cobrado apenas em cada etapa da produ\u00e7\u00e3o ou venda, sem \u201cefeito cascata\u201d.<\/p>\n\n\n\n<p>O principal objetivo \u00e9 <strong>simplificar o sistema<\/strong>, reduzir a burocracia, dar mais clareza ao que se paga de imposto e tornar a cobran\u00e7a mais justa, ajudando a diminuir custos para as empresas e, com o tempo, favorecer pre\u00e7os mais equilibrados ao consumidor.<\/p>\n\n\n\n<p><strong>NR \u2013 Haver\u00e1 um cronograma de implanta\u00e7\u00e3o da reforma?<\/strong><\/p>\n\n\n\n<p><strong>Marciano Muller<\/strong><strong> &#8211;<\/strong> Sim, a reforma n\u00e3o vai come\u00e7ar de uma vez s\u00f3. Ela ser\u00e1 implantada aos poucos, justamente para que empresas, contadores e o pr\u00f3prio governo consigam se adaptar sem grandes impactos.<\/p>\n\n\n\n<p>Em 2026, come\u00e7a a fase de testes. As empresas j\u00e1 v\u00e3o informar o IBS e a CBS nas notas fiscais, mas ainda sem cobran\u00e7a efetiva. \u00c9 como um per\u00edodo de aprendizado, para ajuste de sistemas, regras e procedimentos.<\/p>\n\n\n\n<p>Depois disso, de 2027 at\u00e9 2032, acontece uma etapa de transi\u00e7\u00e3o: os impostos antigos v\u00e3o diminuindo gradualmente enquanto os novos aumentam aos poucos. Esse processo evita uma mudan\u00e7a brusca.<\/p>\n\n\n\n<p>A partir de 2033, o novo sistema entra em funcionamento completo, com os impostos antigos sobre consumo sendo definitivamente encerrados.<\/p>\n\n\n\n<p><strong>NR &#8211; Quais as principais mudan\u00e7as que a reforma vai gerar no dia a dia das pessoas\/contribuintes?<\/strong><\/p>\n\n\n\n<p><strong>Marciano Muller<\/strong><strong> &#8211;<\/strong> O objetivo principal seria a <strong>simplifica\u00e7\u00e3o tribut\u00e1ria p<\/strong>ara as empresas, isso significa menos confus\u00e3o, menos tipos de impostos para controlar e uma forma mais padronizada de apura\u00e7\u00e3o em todo o pa\u00eds.<\/p>\n\n\n\n<p>Tamb\u00e9m haver\u00e1 <strong>mais transpar\u00eancia<\/strong>. O imposto passar\u00e1 a aparecer de forma mais clara nas notas fiscais e no pre\u00e7o final, permitindo que as pessoas saibam exatamente quanto est\u00e3o pagando de tributo em cada compra.<\/p>\n\n\n\n<p>Outro ponto importante \u00e9 o sistema de<strong>cr\u00e9dito de impostos<\/strong>. As empresas poder\u00e3o aproveitar praticamente tudo aquilo que pagarem de tributos em compras, reduzindo custos escondidos no processo de produ\u00e7\u00e3o e venda.<\/p>\n\n\n\n<p>Para o consumidor, isso pode representar pre\u00e7os mais justos ao longo do tempo e maior clareza sobre a carga tribut\u00e1ria. Para o empres\u00e1rio, significa mais controle, menos risco fiscal e um ambiente de neg\u00f3cios mais organizado.<\/p>\n\n\n\n<p>C<strong>ontudo, a complexidade inicial dessa reforma est\u00e1 trazendo muitas d\u00favidas e incertezas, ocasionando diversos debates e mudan\u00e7as no regramento.<\/strong><strong><\/strong><\/p>\n\n\n\n<p><strong>NR \u2013 Qual a orienta\u00e7\u00e3o, como profissional e quanto escrit\u00f3rio de contabilidade, para que as empresas j\u00e1 possam se preparar para as mudan\u00e7as em 2026?<\/strong><\/p>\n\n\n\n<p><strong>Marciano Muller<\/strong><strong> &#8211;<\/strong> A principal dica \u00e9: come\u00e7ar a se preparar desde j\u00e1. A reforma n\u00e3o est\u00e1 distante \u2014 ela come\u00e7a a ser aplicada em 2026 \u2014 e quem estiver organizado vai passar por essa transi\u00e7\u00e3o com muito mais tranquilidade.<\/p>\n\n\n\n<p>\u00c9 importante revisar sistemas de emiss\u00e3o de notas, controles financeiros e processos internos. Tamb\u00e9m vale a pena fazer simula\u00e7\u00f5es com o contador para entender como os novos impostos podem afetar o pre\u00e7o dos produtos, a margem de lucro e o caixa da empresa. Al\u00e9m disso, \u00e9 fundamental investir em informa\u00e7\u00e3o e capacita\u00e7\u00e3o da equipe administrativa, mantendo o escrit\u00f3rio de contabilidade sempre pr\u00f3ximo das decis\u00f5es estrat\u00e9gicas.<\/p>\n\n\n\n<p>Quem se antecipa reduz riscos, evita problemas com o Fisco e ainda pode encontrar oportunidades de melhorar a gest\u00e3o e a competitividade do neg\u00f3cio durante essa grande mudan\u00e7a tribut\u00e1ria.<\/p>\n","protected":false},"excerpt":{"rendered":"<p>Ipor\u00e3 do Oeste \u2013 A Emenda Constitucional (PEC) 45, aprovada no Congresso Nacional, tamb\u00e9m conhecida como Reforma Tribut\u00e1ria, \u00e9 respons\u00e1vel por&nbsp;alterar de forma significativa o modelo brasileiro de tributa\u00e7\u00e3o sobre o consumo, extinguindo os tributos atuais (PIS, COFINS, IPI, ICMS e ISS) e estabelecendo dois novos tributos sobre valor agregado: a&nbsp;CBS (Contribui\u00e7\u00e3o sobre Bens e<\/p>\n","protected":false},"author":1,"featured_media":8255,"comment_status":"open","ping_status":"open","sticky":false,"template":"","format":"standard","meta":{"footnotes":""},"categories":[41],"tags":[],"class_list":{"0":"post-8254","1":"post","2":"type-post","3":"status-publish","4":"format-standard","5":"has-post-thumbnail","7":"category-noticias"},"_links":{"self":[{"href":"https:\/\/noticiarioregional.com.br\/index.php?rest_route=\/wp\/v2\/posts\/8254","targetHints":{"allow":["GET"]}}],"collection":[{"href":"https:\/\/noticiarioregional.com.br\/index.php?rest_route=\/wp\/v2\/posts"}],"about":[{"href":"https:\/\/noticiarioregional.com.br\/index.php?rest_route=\/wp\/v2\/types\/post"}],"author":[{"embeddable":true,"href":"https:\/\/noticiarioregional.com.br\/index.php?rest_route=\/wp\/v2\/users\/1"}],"replies":[{"embeddable":true,"href":"https:\/\/noticiarioregional.com.br\/index.php?rest_route=%2Fwp%2Fv2%2Fcomments&post=8254"}],"version-history":[{"count":1,"href":"https:\/\/noticiarioregional.com.br\/index.php?rest_route=\/wp\/v2\/posts\/8254\/revisions"}],"predecessor-version":[{"id":8256,"href":"https:\/\/noticiarioregional.com.br\/index.php?rest_route=\/wp\/v2\/posts\/8254\/revisions\/8256"}],"wp:featuredmedia":[{"embeddable":true,"href":"https:\/\/noticiarioregional.com.br\/index.php?rest_route=\/wp\/v2\/media\/8255"}],"wp:attachment":[{"href":"https:\/\/noticiarioregional.com.br\/index.php?rest_route=%2Fwp%2Fv2%2Fmedia&parent=8254"}],"wp:term":[{"taxonomy":"category","embeddable":true,"href":"https:\/\/noticiarioregional.com.br\/index.php?rest_route=%2Fwp%2Fv2%2Fcategories&post=8254"},{"taxonomy":"post_tag","embeddable":true,"href":"https:\/\/noticiarioregional.com.br\/index.php?rest_route=%2Fwp%2Fv2%2Ftags&post=8254"}],"curies":[{"name":"wp","href":"https:\/\/api.w.org\/{rel}","templated":true}]}}