{"id":8264,"date":"2025-12-17T09:51:07","date_gmt":"2025-12-17T12:51:07","guid":{"rendered":"https:\/\/noticiarioregional.com.br\/?p=8264"},"modified":"2025-12-17T09:51:08","modified_gmt":"2025-12-17T12:51:08","slug":"cief-e-destaque-na-olimpiada-de-matematica-do-oeste-catarinense","status":"publish","type":"post","link":"https:\/\/noticiarioregional.com.br\/?p=8264","title":{"rendered":"CIEF \u00e9 destaque na Olimp\u00edada de Matem\u00e1tica do Oeste Catarinense"},"content":{"rendered":"\n<p><strong>Ipor\u00e3 do Oeste &#8211;<\/strong> No s\u00e1bado, 06, o Centro Integrado de Ensino Fundamental participou da cerim\u00f4nia de premia\u00e7\u00e3o da Olimp\u00edada de Matem\u00e1tica do Oeste Catarinense (OMOC), realizada em Chapec\u00f3, nas depend\u00eancias da UFFS.<\/p>\n\n\n\n<p>A OMOC \u00e9 uma olimp\u00edada que re\u00fane estudantes de toda a regi\u00e3o Oeste de Santa Catarina para resolver desafios matem\u00e1ticos e estimular o racioc\u00ednio l\u00f3gico. Nesta edi\u00e7\u00e3o, mais de 20 munic\u00edpios participaram, envolvendo tanto escolas p\u00fablicas quanto particulares.<\/p>\n\n\n\n<p>O munic\u00edpio celebra com orgulho o reconhecimento recebido: o Centro Integrado foi homenageado como a escola p\u00fablica com o maior n\u00famero de estudantes premiados, totalizando 14 alunos destaque na competi\u00e7\u00e3o.<\/p>\n\n\n\n<p>A professora de matem\u00e1tica Julia Dammann acompanhou os estudantes at\u00e9 Chapec\u00f3, onde todos receberam suas homenagens durante a cerim\u00f4nia oficial.<\/p>\n","protected":false},"excerpt":{"rendered":"<p>Ipor\u00e3 do Oeste &#8211; No s\u00e1bado, 06, o Centro Integrado de Ensino Fundamental participou da cerim\u00f4nia de premia\u00e7\u00e3o da Olimp\u00edada de Matem\u00e1tica do Oeste Catarinense (OMOC), realizada em Chapec\u00f3, nas depend\u00eancias da UFFS. A OMOC \u00e9 uma olimp\u00edada que re\u00fane estudantes de toda a regi\u00e3o Oeste de Santa Catarina para resolver desafios matem\u00e1ticos e estimular<\/p>\n","protected":false},"author":1,"featured_media":8265,"comment_status":"open","ping_status":"open","sticky":false,"template":"","format":"standard","meta":{"footnotes":""},"categories":[41],"tags":[],"class_list":{"0":"post-8264","1":"post","2":"type-post","3":"status-publish","4":"format-standard","5":"has-post-thumbnail","7":"category-noticias"},"_links":{"self":[{"href":"https:\/\/noticiarioregional.com.br\/index.php?rest_route=\/wp\/v2\/posts\/8264","targetHints":{"allow":["GET"]}}],"collection":[{"href":"https:\/\/noticiarioregional.com.br\/index.php?rest_route=\/wp\/v2\/posts"}],"about":[{"href":"https:\/\/noticiarioregional.com.br\/index.php?rest_route=\/wp\/v2\/types\/post"}],"author":[{"embeddable":true,"href":"https:\/\/noticiarioregional.com.br\/index.php?rest_route=\/wp\/v2\/users\/1"}],"replies":[{"embeddable":true,"href":"https:\/\/noticiarioregional.com.br\/index.php?rest_route=%2Fwp%2Fv2%2Fcomments&post=8264"}],"version-history":[{"count":1,"href":"https:\/\/noticiarioregional.com.br\/index.php?rest_route=\/wp\/v2\/posts\/8264\/revisions"}],"predecessor-version":[{"id":8266,"href":"https:\/\/noticiarioregional.com.br\/index.php?rest_route=\/wp\/v2\/posts\/8264\/revisions\/8266"}],"wp:featuredmedia":[{"embeddable":true,"href":"https:\/\/noticiarioregional.com.br\/index.php?rest_route=\/wp\/v2\/media\/8265"}],"wp:attachment":[{"href":"https:\/\/noticiarioregional.com.br\/index.php?rest_route=%2Fwp%2Fv2%2Fmedia&parent=8264"}],"wp:term":[{"taxonomy":"category","embeddable":true,"href":"https:\/\/noticiarioregional.com.br\/index.php?rest_route=%2Fwp%2Fv2%2Fcategories&post=8264"},{"taxonomy":"post_tag","embeddable":true,"href":"https:\/\/noticiarioregional.com.br\/index.php?rest_route=%2Fwp%2Fv2%2Ftags&post=8264"}],"curies":[{"name":"wp","href":"https:\/\/api.w.org\/{rel}","templated":true}]}}