{"id":8267,"date":"2025-12-17T09:54:37","date_gmt":"2025-12-17T12:54:37","guid":{"rendered":"https:\/\/noticiarioregional.com.br\/?p=8267"},"modified":"2025-12-17T09:54:38","modified_gmt":"2025-12-17T12:54:38","slug":"estudantes-da-vendelino-seidel-lancam-livro-sobre-centenario-de-ipora-do-oeste","status":"publish","type":"post","link":"https:\/\/noticiarioregional.com.br\/?p=8267","title":{"rendered":"Estudantes da Vendelino Seidel lan\u00e7am livro sobre centen\u00e1rio de Ipor\u00e3 do Oeste"},"content":{"rendered":"\n<p><strong>Ipor\u00e3 do Oeste \u2013 <\/strong>Na segunda-feira, 08, a turma 12, da 1\u00aa s\u00e9rie do ensino m\u00e9dio da Escola de Educa\u00e7\u00e3o B\u00e1sica Padre Vendelino Seidel, realizou o lan\u00e7amento oficial do livro \u201cVozes do Centen\u00e1rio\u201d, obra liter\u00e1ria que narra fatos dos 100 anos do munic\u00edpio, que ser\u00e3o comemorados em 2026, atrav\u00e9s do olhar dos jovens. O livro foi elaborado em conjunto com a turma 11, tamb\u00e9m da 1\u00aa s\u00e9rie, que teria o ato de lan\u00e7amento realizado na ter\u00e7a-feira, 09, mas que foi adiado devido ao cancelamento das aulas.<\/p>\n\n\n\n<figure class=\"wp-block-image size-large\"><img fetchpriority=\"high\" decoding=\"async\" width=\"1024\" height=\"512\" src=\"http:\/\/noticiarioregional.com.br\/wp-content\/uploads\/2025\/12\/Turma-11-da-1o-ano-do-ensino-medio-da-escola-estadual-1024x512.jpg\" alt=\"\" class=\"wp-image-8269\" srcset=\"https:\/\/noticiarioregional.com.br\/wp-content\/uploads\/2025\/12\/Turma-11-da-1o-ano-do-ensino-medio-da-escola-estadual-1024x512.jpg 1024w, https:\/\/noticiarioregional.com.br\/wp-content\/uploads\/2025\/12\/Turma-11-da-1o-ano-do-ensino-medio-da-escola-estadual-300x150.jpg 300w, https:\/\/noticiarioregional.com.br\/wp-content\/uploads\/2025\/12\/Turma-11-da-1o-ano-do-ensino-medio-da-escola-estadual-768x384.jpg 768w, https:\/\/noticiarioregional.com.br\/wp-content\/uploads\/2025\/12\/Turma-11-da-1o-ano-do-ensino-medio-da-escola-estadual-1536x768.jpg 1536w, https:\/\/noticiarioregional.com.br\/wp-content\/uploads\/2025\/12\/Turma-11-da-1o-ano-do-ensino-medio-da-escola-estadual-150x75.jpg 150w, https:\/\/noticiarioregional.com.br\/wp-content\/uploads\/2025\/12\/Turma-11-da-1o-ano-do-ensino-medio-da-escola-estadual-450x225.jpg 450w, https:\/\/noticiarioregional.com.br\/wp-content\/uploads\/2025\/12\/Turma-11-da-1o-ano-do-ensino-medio-da-escola-estadual-1200x600.jpg 1200w, https:\/\/noticiarioregional.com.br\/wp-content\/uploads\/2025\/12\/Turma-11-da-1o-ano-do-ensino-medio-da-escola-estadual.jpg 1600w\" sizes=\"(max-width: 1024px) 100vw, 1024px\" \/><\/figure>\n\n\n\n<p>O projeto iniciou em sala de aula, sob a orienta\u00e7\u00e3o dos professores da \u00e1rea de Humanas, Augustinho Petry e Ilton Vogt. As turmas 11 e 12 realizaram uma pesquisa interdisciplinar que envolveu Hist\u00f3ria, Geografia, Filosofia e Sociologia. A partir desse trabalho, foi organizado o livro com aproximadamente 140 p\u00e1ginas. Durante meses, os estudantes realizaram pesquisas, entrevistas e estudos. Conforme os professores, os alunos entrevistaram pioneiros, reviraram arquivos familiares, visitaram locais hist\u00f3ricos e resgataram mem\u00f3rias que moldam a identidade de Ipor\u00e3 do Oeste.<\/p>\n\n\n\n<p>O trabalho em equipe resultou na obra, que conta em v\u00e1rios cap\u00edtulos, a hist\u00f3ria da EEB Padre Vendelino Seidel; a chegada dos primeiros imigrantes alem\u00e3es e italianos; a evolu\u00e7\u00e3o da agricultura local; o processo de emancipa\u00e7\u00e3o pol\u00edtica do munic\u00edpio; as festas tradicionais que movem a cidade, como a Kerbfest e a FAIC; hist\u00f3rias de institui\u00e7\u00f5es centen\u00e1rias; o perfil de personalidades que marcaram a comunidade; o papel fundamental das mulheres na coloniza\u00e7\u00e3o; tradi\u00e7\u00f5es culturais e esportivas que permanecem vivas; a for\u00e7a das mulheres centen\u00e1rias, e hist\u00f3rias como a do ex-diretor Pedro Gauer, o Tile, de entidades como o CTG, Patina\u00e7\u00e3o, Gr\u00eamio Uni\u00e3o, das soberanas, da feira FAIC entre outros.<\/p>\n\n\n\n<p><em>\u201cMais do que cumprir uma atividade escolar, esses jovens assumiram o papel de guardi\u00f5es da nossa hist\u00f3ria. Eles descobriram, na pr\u00e1tica, que s\u00e3o herdeiros de uma trajet\u00f3ria bonita e cheia de significado, e agora s\u00e3o autores da sua pr\u00f3pria narrativa\u201d<\/em>, destaca o professor Augustinho Petry, idealizador do projeto.<\/p>\n\n\n\n<p>O livro \u201cVozes do Centen\u00e1rio\u201d ter\u00e1 c\u00f3pias distribu\u00eddas na biblioteca municipal e escolar, servindo como material de consulta e inspira\u00e7\u00e3o para as futuras gera\u00e7\u00f5es. <em>\u201cEstamos plantando uma semente de valoriza\u00e7\u00e3o da nossa hist\u00f3ria. Que o empenho e a dedica\u00e7\u00e3o desses jovens autores possam inspirar outros estudantes a se reconhecerem como parte fundamental da continuidade dessa bela trajet\u00f3ria\u201d<\/em>, enaltecem os professores orientadores do projeto, Augustinho e Ilton.<\/p>\n\n\n\n<p>Durante o evento de lan\u00e7amento, na segunda-feira, a diretoria de Cultura, M\u00e1rcia Machado, representando a secretaria de Educa\u00e7\u00e3o e o prefeito, apresentou o of\u00edcio que reconhece Ipor\u00e3 do Oeste como integrante da hist\u00f3ria dos 100 anos de Porto Novo, atual Itapiranga, que em 2026 completa o centen\u00e1rio. Essa integra\u00e7\u00e3o de Ipor\u00e3, junto com Tun\u00e1polis, S\u00e3o Jo\u00e3o do Oeste e Itapiranga, foi poss\u00edvel devido ao projeto \u201cMinha hist\u00f3ria, minha vida\u201d, desenvolvido pela escola Padre Vendelino Seidel, e tamb\u00e9m em fun\u00e7\u00e3o do livro do professor Augustinho Petry, \u201c100 anos de Itapiranga: A jornada heroica da fam\u00edlia D\u00fcngersleber no Porto Novo\u201d, lan\u00e7ado no m\u00eas de setembro.<\/p>\n","protected":false},"excerpt":{"rendered":"<p>Ipor\u00e3 do Oeste \u2013 Na segunda-feira, 08, a turma 12, da 1\u00aa s\u00e9rie do ensino m\u00e9dio da Escola de Educa\u00e7\u00e3o B\u00e1sica Padre Vendelino Seidel, realizou o lan\u00e7amento oficial do livro \u201cVozes do Centen\u00e1rio\u201d, obra liter\u00e1ria que narra fatos dos 100 anos do munic\u00edpio, que ser\u00e3o comemorados em 2026, atrav\u00e9s do olhar dos jovens. O livro<\/p>\n","protected":false},"author":1,"featured_media":8268,"comment_status":"open","ping_status":"open","sticky":false,"template":"","format":"standard","meta":{"footnotes":""},"categories":[41],"tags":[],"class_list":{"0":"post-8267","1":"post","2":"type-post","3":"status-publish","4":"format-standard","5":"has-post-thumbnail","7":"category-noticias"},"_links":{"self":[{"href":"https:\/\/noticiarioregional.com.br\/index.php?rest_route=\/wp\/v2\/posts\/8267","targetHints":{"allow":["GET"]}}],"collection":[{"href":"https:\/\/noticiarioregional.com.br\/index.php?rest_route=\/wp\/v2\/posts"}],"about":[{"href":"https:\/\/noticiarioregional.com.br\/index.php?rest_route=\/wp\/v2\/types\/post"}],"author":[{"embeddable":true,"href":"https:\/\/noticiarioregional.com.br\/index.php?rest_route=\/wp\/v2\/users\/1"}],"replies":[{"embeddable":true,"href":"https:\/\/noticiarioregional.com.br\/index.php?rest_route=%2Fwp%2Fv2%2Fcomments&post=8267"}],"version-history":[{"count":1,"href":"https:\/\/noticiarioregional.com.br\/index.php?rest_route=\/wp\/v2\/posts\/8267\/revisions"}],"predecessor-version":[{"id":8270,"href":"https:\/\/noticiarioregional.com.br\/index.php?rest_route=\/wp\/v2\/posts\/8267\/revisions\/8270"}],"wp:featuredmedia":[{"embeddable":true,"href":"https:\/\/noticiarioregional.com.br\/index.php?rest_route=\/wp\/v2\/media\/8268"}],"wp:attachment":[{"href":"https:\/\/noticiarioregional.com.br\/index.php?rest_route=%2Fwp%2Fv2%2Fmedia&parent=8267"}],"wp:term":[{"taxonomy":"category","embeddable":true,"href":"https:\/\/noticiarioregional.com.br\/index.php?rest_route=%2Fwp%2Fv2%2Fcategories&post=8267"},{"taxonomy":"post_tag","embeddable":true,"href":"https:\/\/noticiarioregional.com.br\/index.php?rest_route=%2Fwp%2Fv2%2Ftags&post=8267"}],"curies":[{"name":"wp","href":"https:\/\/api.w.org\/{rel}","templated":true}]}}