{"id":8274,"date":"2025-12-17T09:59:49","date_gmt":"2025-12-17T12:59:49","guid":{"rendered":"https:\/\/noticiarioregional.com.br\/?p=8274"},"modified":"2025-12-17T09:59:51","modified_gmt":"2025-12-17T12:59:51","slug":"padre-hugo-jose-mentges-celebra-40-anos-de-ordenacao-sacerdotal","status":"publish","type":"post","link":"https:\/\/noticiarioregional.com.br\/?p=8274","title":{"rendered":"Padre Hugo Jos\u00e9 Mentges celebra 40 anos de ordena\u00e7\u00e3o sacerdotal"},"content":{"rendered":"\n<p class=\"has-text-align-center has-larger-font-size\"><em>Par\u00f3quia S\u00e3o Jo\u00e3o Berchmans organiza programa\u00e7\u00e3o festiva<\/em><\/p>\n\n\n\n<p><strong>S\u00e3o Jo\u00e3o do Oeste \u2013<\/strong> No domingo, 21 de dezembro, ser\u00e1 realizada uma programa\u00e7\u00e3o especial alusiva aos 40 anos da ordena\u00e7\u00e3o sacerdotal do padre Hugo Jos\u00e9 Mentges, p\u00e1roco h\u00e1 nove anos da par\u00f3quia S\u00e3o Jo\u00e3o Berchmans. O evento inicia \u00e0s 9h30, com missa na igreja matriz, celebrada com a presen\u00e7a de padres convidados da regi\u00e3o. Na sequ\u00eancia ser\u00e1 servido almo\u00e7o no pavilh\u00e3o comunit\u00e1rio, para o qual as fichas est\u00e3o sendo vendidas ao valor de R$ 50,00, at\u00e9 no s\u00e1bado, 20. Os pontos de venda s\u00e3o a Farm\u00e1cia Sime\u00e3o, Escrit\u00f3rio de L\u00facio Bracht, A\u00e7ougue Stuepl e na secretaria da par\u00f3quia.<\/p>\n\n\n\n<p>Padre Hugo destaca que para este momento especial est\u00e1 convidando seus familiares, amigos e todas as pessoas da par\u00f3quia e das localidades vizinhas que tenham considera\u00e7\u00e3o e se sintam felizes em comemorar com ele esta data. Em conversa recente com o provincial do Rio de Janeiro, padre Hugo afirma que obteve a confirma\u00e7\u00e3o de sua perman\u00eancia na par\u00f3quia de S\u00e3o Jo\u00e3o do Oeste.<\/p>\n\n\n\n<p><strong>Trajet\u00f3ria religiosa do padre Hugo<\/strong><\/p>\n\n\n\n<p>O padre Hugo Jos\u00e9 Mentges, 74 anos, nasceu em Cerro Largo, Rio Grande do Sul, no dia 16 de dezembro de 1951. At\u00e9 completar 25 anos, trabalhou com seus pais na agricultura. Como irm\u00e3o mais velho, era respons\u00e1vel pelo manejo das m\u00e1quinas agr\u00edcolas. Somente depois que os irm\u00e3os cresceram \u00e9 que decidiu seguir a vida religiosa.<\/p>\n\n\n\n<p>Fez seus estudos prim\u00e1rios na Escola Dom Pedro II na Linha Santo Ant\u00f4nio, Cerro Largo, e os estudos secund\u00e1rios no Col\u00e9gio Medianeira, dos Irm\u00e3os Lassalistas, em Cerro Largo, RS. Em fevereiro de 1977 ingressou no Noviciado dos Jesu\u00edtas, em Porto Alegre. Ap\u00f3s dois anos fez sua consagra\u00e7\u00e3o religiosa.<\/p>\n\n\n\n<p>No per\u00edodo de 1979 at\u00e9 1982 cursou Filosofia, na UNISINOS de S\u00e3o Leopoldo, RS, se formando em licenciatura plena. Junto com filosofia cursou tamb\u00e9m ci\u00eancias sociais. Nos anos de 1983 at\u00e9 1985 cursou Teologia no Centro de Estudos Superiores dos Jesu\u00edtas, em Belo Horizonte, MG. Em 04 de janeiro de 1986 foi ordenado sacerdote jesu\u00edta, em sua Terra Natal, sob o lema: \u201cEscolhido entre os homens para servir o Povo de Deus\u201d.<\/p>\n\n\n\n<p>Em 1986 atuou como vig\u00e1rio paroquial em Missal, Paran\u00e1, e em 1987 no Santu\u00e1rio Nossa Senhora da Medianeira, em Santa Maria, RS. Nos anos de 1888 at\u00e9 1991 cursou Cooperativismo na Philips Universit\u00e4t Marburg, na Alemanha. Em 1992 cursou Espiritualidade Inaciana, em Santiago do Chile.<\/p>\n\n\n\n<p>Em dezembro de 1992 iniciou seus trabalhos pastorais em Nova Petr\u00f3polis, diocese de Novo Hamburgo. E durante 12 anos dedicou-se a organiza\u00e7\u00e3o da par\u00f3quia, dando uma aten\u00e7\u00e3o especial a catequese, a liturgia, e dando vida aos diferentes movimentos paroquiais. Padre Hugo sempre foi aberto para o ecumenismo, e por isso Nova Petr\u00f3polis, na \u00e9poca, foi considerado um dos melhores lugares para viv\u00eancia ecum\u00eanica.<\/p>\n\n\n\n<p>Dom Osvino Both, o ent\u00e3o Bispo da Diocese de Novo Hamburgo, acreditando na capacidade do padre Hugo e sabedor de seu grande amor pela igreja, confiou-lhe, em janeiro de 2002, uma segunda par\u00f3quia, a S\u00e3o Louren\u00e7o M\u00e1rtir, da Linha Imperial, Nova Petr\u00f3polis. O padre Hugo, tamb\u00e9m jesu\u00edta, assumiu, no Ber\u00e7o Nacional do Cooperativismo, a dire\u00e7\u00e3o espiritual da Igreja Cat\u00f3lica, na Linha Imperial, Nova Petr\u00f3polis.<\/p>\n\n\n\n<p>Por tr\u00eas vezes padre Hugo foi eleito coordenador da \u00c1rea Pastoral da Serra, integrada pelas par\u00f3quias de Nova Petr\u00f3polis, Linha Imperial, Gramado e Canela. E na condi\u00e7\u00e3o de Coordenador de \u00c1rea, ele tamb\u00e9m era conselheiro do Bispo Diocesano, de Novo Hamburgo.<\/p>\n\n\n\n<p>Dia 31 de julho de 2003 a C\u00e2mara de Vereadores de Nova Petr\u00f3polis, outorgou-lhe o t\u00edtulo de cidad\u00e3o honor\u00e1rio de Nova Petr\u00f3polis, pelos relevantes servi\u00e7os prestados \u00e1 comunidade. Em fevereiro de 2005 foi transferido para S\u00e3o Leopoldo, RS, onde foi empossado como reitor do Santu\u00e1rio Sagrado Cora\u00e7\u00e3o de Jesus, junto ao t\u00famulo do Padre Reus. Neste per\u00edodo ele tamb\u00e9m foi administrador do Santu\u00e1rio e superior dos jesu\u00edtas que atuam no Santu\u00e1rio. Em janeiro de 2011 assumiu como p\u00e1roco a Par\u00f3quia Tr\u00eas Santos M\u00e1rtires das Miss\u00f5es, em Salvador do Sul, diocese de Montenegro.<\/p>\n\n\n\n<p>Em 2016, quando se completaram 80 anos de presen\u00e7a jesu\u00edtica e 20 anos da cria\u00e7\u00e3o da par\u00f3quia Tr\u00eas Santo M\u00e1rtires de Salvador do Sul, a C\u00e2mara de Vereadores local, por unanimidade, aprovou o t\u00edtulo de Cidad\u00e3o Honor\u00e1rio Salvadorense ao padre Hugo pelos relevantes servi\u00e7os prestados, n\u00e3o somente a comunidade cat\u00f3lica, mas a toda comunidade Salvadorense. Sua atua\u00e7\u00e3o e lideran\u00e7a foi reconhecida pelos fi\u00e9is da Igreja Evang\u00e9lica, sob a dire\u00e7\u00e3o espiritual do pastor Neuri Elvanger. A outorga do t\u00edtulo foi concedida dia 11 de julho de 2016. O mesmo t\u00edtulo, de cidad\u00e3o honor\u00e1rio, foi concedido ao padre Hugo pela C\u00e2mara de Vereadores de S\u00e3o Jo\u00e3o do Oeste, no dia 19 dezembro de 2023.<\/p>\n\n\n\n<p>Durante o ano de 2017 foi vig\u00e1rio paroquial tanto em S\u00e3o Jo\u00e3o do Oeste, como em Itapiranga, atuando em 43 comunidades. E desde o in\u00edcio de 2018 responde como p\u00e1roco de S\u00e3o Jo\u00e3o do Oeste.<\/p>\n","protected":false},"excerpt":{"rendered":"<p>Par\u00f3quia S\u00e3o Jo\u00e3o Berchmans organiza programa\u00e7\u00e3o festiva S\u00e3o Jo\u00e3o do Oeste \u2013 No domingo, 21 de dezembro, ser\u00e1 realizada uma programa\u00e7\u00e3o especial alusiva aos 40 anos da ordena\u00e7\u00e3o sacerdotal do padre Hugo Jos\u00e9 Mentges, p\u00e1roco h\u00e1 nove anos da par\u00f3quia S\u00e3o Jo\u00e3o Berchmans. O evento inicia \u00e0s 9h30, com missa na igreja matriz, celebrada com<\/p>\n","protected":false},"author":1,"featured_media":8275,"comment_status":"open","ping_status":"open","sticky":false,"template":"","format":"standard","meta":{"footnotes":""},"categories":[41],"tags":[],"class_list":{"0":"post-8274","1":"post","2":"type-post","3":"status-publish","4":"format-standard","5":"has-post-thumbnail","7":"category-noticias"},"_links":{"self":[{"href":"https:\/\/noticiarioregional.com.br\/index.php?rest_route=\/wp\/v2\/posts\/8274","targetHints":{"allow":["GET"]}}],"collection":[{"href":"https:\/\/noticiarioregional.com.br\/index.php?rest_route=\/wp\/v2\/posts"}],"about":[{"href":"https:\/\/noticiarioregional.com.br\/index.php?rest_route=\/wp\/v2\/types\/post"}],"author":[{"embeddable":true,"href":"https:\/\/noticiarioregional.com.br\/index.php?rest_route=\/wp\/v2\/users\/1"}],"replies":[{"embeddable":true,"href":"https:\/\/noticiarioregional.com.br\/index.php?rest_route=%2Fwp%2Fv2%2Fcomments&post=8274"}],"version-history":[{"count":1,"href":"https:\/\/noticiarioregional.com.br\/index.php?rest_route=\/wp\/v2\/posts\/8274\/revisions"}],"predecessor-version":[{"id":8276,"href":"https:\/\/noticiarioregional.com.br\/index.php?rest_route=\/wp\/v2\/posts\/8274\/revisions\/8276"}],"wp:featuredmedia":[{"embeddable":true,"href":"https:\/\/noticiarioregional.com.br\/index.php?rest_route=\/wp\/v2\/media\/8275"}],"wp:attachment":[{"href":"https:\/\/noticiarioregional.com.br\/index.php?rest_route=%2Fwp%2Fv2%2Fmedia&parent=8274"}],"wp:term":[{"taxonomy":"category","embeddable":true,"href":"https:\/\/noticiarioregional.com.br\/index.php?rest_route=%2Fwp%2Fv2%2Fcategories&post=8274"},{"taxonomy":"post_tag","embeddable":true,"href":"https:\/\/noticiarioregional.com.br\/index.php?rest_route=%2Fwp%2Fv2%2Ftags&post=8274"}],"curies":[{"name":"wp","href":"https:\/\/api.w.org\/{rel}","templated":true}]}}