{"id":8277,"date":"2025-12-17T10:19:00","date_gmt":"2025-12-17T13:19:00","guid":{"rendered":"https:\/\/noticiarioregional.com.br\/?p=8277"},"modified":"2025-12-17T10:19:02","modified_gmt":"2025-12-17T13:19:02","slug":"50-anos-como-ministro-da-palavra-e-da-eucaristia","status":"publish","type":"post","link":"https:\/\/noticiarioregional.com.br\/?p=8277","title":{"rendered":"50 anos como ministro da palavra e da eucaristia"},"content":{"rendered":"\n<p class=\"has-larger-font-size\"><strong>Ministro relata mudan\u00e7as que acompanhou na igreja e a import\u00e2ncia do voluntariado na comunidade<\/strong><\/p>\n\n\n\n<p><strong>S\u00e3o Jo\u00e3o do Oeste \u2013<\/strong> Em 20 novembro Jo\u00e3o Lu\u00eds Flach, de 74 anos, completou 50 anos da sua forma\u00e7\u00e3o e atua\u00e7\u00e3o como ministro da palavra e da eucaristia e 40 anos tamb\u00e9m como ministro de batismo. Alusivo a data, recebeu uma homenagem prestada pela comunidade de Catres, Monda\u00ed, onde atuou na fun\u00e7\u00e3o por 40 anos. H\u00e1 10 anos, continua exercendo o cargo volunt\u00e1rio na par\u00f3quia de S\u00e3o Jo\u00e3o do Oeste, cidade onde reside com a esposa Maria. Tamb\u00e9m na par\u00f3quia de S\u00e3o Jo\u00e3o, foi homenageado em novembro, junto com outros ministros, pelo tempo de trabalho dedicado a igreja.<\/p>\n\n\n\n<p>Jo\u00e3o fez parte da primeira turma de ministros que se formou na par\u00f3quia de Monda\u00ed, empossada em 20 de novembro de 1975. Na \u00e9poca, a Diocese de Chapec\u00f3, atrav\u00e9s do bispo Dom Jos\u00e9, foi uma das primeiras a oferecer a forma\u00e7\u00e3o para que os ministros iniciassem a atua\u00e7\u00e3o nas comunidades. Isso foi poss\u00edvel gra\u00e7as a mudan\u00e7a na igreja cat\u00f3lica, dando abertura aos leigos para que assumissem fun\u00e7\u00f5es antes apenas exercidas pelo padre. At\u00e9 o ano de 1964 a missa era rezada em latim, sendo que a celebra\u00e7\u00e3o era feita pelo padre de costas para os fi\u00e9is. Jo\u00e3o foi coroinha nesta \u00e9poca, e presenciou esse per\u00edodo.<\/p>\n\n\n\n<figure class=\"wp-block-image size-large\"><img fetchpriority=\"high\" decoding=\"async\" width=\"768\" height=\"1024\" src=\"http:\/\/noticiarioregional.com.br\/wp-content\/uploads\/2025\/12\/Ministros-da-comunidade-de-Catres-onde-Joao-atuou-por-40-anos-768x1024.jpg\" alt=\"\" class=\"wp-image-8281\" srcset=\"https:\/\/noticiarioregional.com.br\/wp-content\/uploads\/2025\/12\/Ministros-da-comunidade-de-Catres-onde-Joao-atuou-por-40-anos-768x1024.jpg 768w, https:\/\/noticiarioregional.com.br\/wp-content\/uploads\/2025\/12\/Ministros-da-comunidade-de-Catres-onde-Joao-atuou-por-40-anos-225x300.jpg 225w, https:\/\/noticiarioregional.com.br\/wp-content\/uploads\/2025\/12\/Ministros-da-comunidade-de-Catres-onde-Joao-atuou-por-40-anos-1152x1536.jpg 1152w, https:\/\/noticiarioregional.com.br\/wp-content\/uploads\/2025\/12\/Ministros-da-comunidade-de-Catres-onde-Joao-atuou-por-40-anos-150x200.jpg 150w, https:\/\/noticiarioregional.com.br\/wp-content\/uploads\/2025\/12\/Ministros-da-comunidade-de-Catres-onde-Joao-atuou-por-40-anos-450x600.jpg 450w, https:\/\/noticiarioregional.com.br\/wp-content\/uploads\/2025\/12\/Ministros-da-comunidade-de-Catres-onde-Joao-atuou-por-40-anos.jpg 1200w\" sizes=\"(max-width: 768px) 100vw, 768px\" \/><figcaption class=\"wp-element-caption\">Ministros da comunidade de Catres, onde Jo\u00e3o atuou por 40 anos<\/figcaption><\/figure>\n\n\n\n<p>Para a forma\u00e7\u00e3o dos ministros, realizada na pr\u00f3pria par\u00f3quia, Jo\u00e3o conta que as comunidades indicaram os nomes, e ele foi um dos indicados. Junto com ele, na primeira turma, esteve In\u00e1cio Spielmann, que faleceu no in\u00edcio deste ano. Jo\u00e3o e In\u00e1cio atuaram juntos por 40 anos na comunidade de Catres, sendo os dois ministros que mais tempo trabalharam juntos na mesma localidade.<\/p>\n\n\n\n<p>Nesses 50 anos em que assume a fun\u00e7\u00e3o volunt\u00e1ria na igreja, Jo\u00e3o conta que no in\u00edcio, quando se formou como ministro, os fi\u00e9is participavam bem mais da igreja. Na Linha Catres, diferente de outros locais, Jo\u00e3o recorda que n\u00e3o teve rejei\u00e7\u00e3o dos moradores, o que avalia que foi uma contribui\u00e7\u00e3o do padre na \u00e9poca, Vendelino Seidel, que orientou o povo sobre essa mudan\u00e7a que a igreja estava passando, com a introdu\u00e7\u00e3o dos leigos nas fun\u00e7\u00f5es religiosas. O bispo Dom Jos\u00e9 tamb\u00e9m participou de forma ativa de todo esse processo nas comunidades, deixando claro aos fi\u00e9is o papel dos ministros e sua import\u00e2ncia.<\/p>\n\n\n\n<p>Na pr\u00e1tica, Jo\u00e3o explica que o ministro da eucaristia e da palavra exerce v\u00e1rias fun\u00e7\u00f5es de apoio ao padre e tamb\u00e9m preside celebra\u00e7\u00f5es em que o padre n\u00e3o est\u00e1 presente, leva a mensagem aos fi\u00e9is, prepara o altar e a entrega da comunh\u00e3o. As atribui\u00e7\u00f5es do ministro tamb\u00e9m podem variar conforme a congrega\u00e7\u00e3o do p\u00e1roco que assume a par\u00f3quia. Para fun\u00e7\u00f5es como batismo e matrim\u00f4nio, \u00e9 necess\u00e1rio que o ministro fa\u00e7a as forma\u00e7\u00f5es espec\u00edficas. Cerca de 10 anos depois da primeira forma\u00e7\u00e3o, em 1985, Jo\u00e3o tamb\u00e9m se formou como ministro do batismo.<\/p>\n\n\n\n<figure class=\"wp-block-image size-large\"><img decoding=\"async\" width=\"768\" height=\"1024\" src=\"http:\/\/noticiarioregional.com.br\/wp-content\/uploads\/2025\/12\/Joao-junto-com-o-padre-da-paroquia-de-Mondai-Jose-de-Freitas-quando-da-homenagem-prestada-na-comunidade-de-Catres-768x1024.jpg\" alt=\"\" class=\"wp-image-8280\" srcset=\"https:\/\/noticiarioregional.com.br\/wp-content\/uploads\/2025\/12\/Joao-junto-com-o-padre-da-paroquia-de-Mondai-Jose-de-Freitas-quando-da-homenagem-prestada-na-comunidade-de-Catres-768x1024.jpg 768w, https:\/\/noticiarioregional.com.br\/wp-content\/uploads\/2025\/12\/Joao-junto-com-o-padre-da-paroquia-de-Mondai-Jose-de-Freitas-quando-da-homenagem-prestada-na-comunidade-de-Catres-225x300.jpg 225w, https:\/\/noticiarioregional.com.br\/wp-content\/uploads\/2025\/12\/Joao-junto-com-o-padre-da-paroquia-de-Mondai-Jose-de-Freitas-quando-da-homenagem-prestada-na-comunidade-de-Catres-1152x1536.jpg 1152w, https:\/\/noticiarioregional.com.br\/wp-content\/uploads\/2025\/12\/Joao-junto-com-o-padre-da-paroquia-de-Mondai-Jose-de-Freitas-quando-da-homenagem-prestada-na-comunidade-de-Catres-150x200.jpg 150w, https:\/\/noticiarioregional.com.br\/wp-content\/uploads\/2025\/12\/Joao-junto-com-o-padre-da-paroquia-de-Mondai-Jose-de-Freitas-quando-da-homenagem-prestada-na-comunidade-de-Catres-450x600.jpg 450w, https:\/\/noticiarioregional.com.br\/wp-content\/uploads\/2025\/12\/Joao-junto-com-o-padre-da-paroquia-de-Mondai-Jose-de-Freitas-quando-da-homenagem-prestada-na-comunidade-de-Catres.jpg 1200w\" sizes=\"(max-width: 768px) 100vw, 768px\" \/><figcaption class=\"wp-element-caption\">Jo\u00e3o, junto com o padre da par\u00f3quia de Monda\u00ed, Jos\u00e9 de Freitas, quando da homenagem prestada na comunidade de Catres<\/figcaption><\/figure>\n\n\n\n<p>A esposa Maria acrescenta que em todos esses anos sempre acompanhou o marido, sendo que ele \u00e9 o primeiro que chega na igreja e \u00e9 o \u00faltimo a sair. Devido ao compromisso que representava ser ministro na comunidade, Jo\u00e3o lembra que no in\u00edcio a orienta\u00e7\u00e3o do bispo e do padre era n\u00e3o assumir outras fun\u00e7\u00f5es, o que foi mudando ao longo do tempo.<\/p>\n\n\n\n<p>Em 50 anos como ministro, Jo\u00e3o tamb\u00e9m acompanhou as mudan\u00e7as na igreja no que diz respeito aos religiosos que ocupam os cargos nas par\u00f3quias e diocese. Nesse per\u00edodo, foram seis papas, tr\u00eas bispos e 12 p\u00e1rocos nas duas par\u00f3quias, Monda\u00ed e S\u00e3o Jo\u00e3o do Oeste, sem contar os padres auxiliares.<\/p>\n\n\n\n<p>Para esta mat\u00e9ria, tivemos a importante contribui\u00e7\u00e3o de Edemar Spielmann, de 56 anos, que \u00e9 amigo de Jo\u00e3o e morador de Linha Catres. Ele tamb\u00e9m se formou como ministro em 1992, completando 33 anos na fun\u00e7\u00e3o. Edemar recorda que quando Jo\u00e3o e In\u00e1cio assumiram as fun\u00e7\u00f5es de ministro em Catres, enfrentaram muitas dificuldades, entre elas, a dist\u00e2ncia de suas resid\u00eancias at\u00e9 a igreja. Al\u00e9m da pr\u00f3pria mudan\u00e7a que a igreja passou naquela \u00e9poca, e a pouca comunica\u00e7\u00e3o que havia, o que dificultava a quest\u00e3o de levar a informa\u00e7\u00e3o as pessoas. E ainda, de certa forma, tiveram que enfrentar a resist\u00eancia dos fi\u00e9is com o fato de que a partir de ent\u00e3o os ministros iriam auxiliar em fun\u00e7\u00f5es que antes eram apenas exercidas pelo padre.<\/p>\n\n\n\n<figure class=\"wp-block-image size-large\"><img decoding=\"async\" width=\"1024\" height=\"683\" src=\"http:\/\/noticiarioregional.com.br\/wp-content\/uploads\/2025\/12\/Joao-e-o-amigo-Edemar-Spielmann-tambem-ministro-demonstrando-a-lembranca-entregue-na-homenagem-realizada-em-Catres-1024x683.jpg\" alt=\"\" class=\"wp-image-8279\" srcset=\"https:\/\/noticiarioregional.com.br\/wp-content\/uploads\/2025\/12\/Joao-e-o-amigo-Edemar-Spielmann-tambem-ministro-demonstrando-a-lembranca-entregue-na-homenagem-realizada-em-Catres-1024x683.jpg 1024w, https:\/\/noticiarioregional.com.br\/wp-content\/uploads\/2025\/12\/Joao-e-o-amigo-Edemar-Spielmann-tambem-ministro-demonstrando-a-lembranca-entregue-na-homenagem-realizada-em-Catres-300x200.jpg 300w, https:\/\/noticiarioregional.com.br\/wp-content\/uploads\/2025\/12\/Joao-e-o-amigo-Edemar-Spielmann-tambem-ministro-demonstrando-a-lembranca-entregue-na-homenagem-realizada-em-Catres-768x512.jpg 768w, https:\/\/noticiarioregional.com.br\/wp-content\/uploads\/2025\/12\/Joao-e-o-amigo-Edemar-Spielmann-tambem-ministro-demonstrando-a-lembranca-entregue-na-homenagem-realizada-em-Catres-1536x1024.jpg 1536w, https:\/\/noticiarioregional.com.br\/wp-content\/uploads\/2025\/12\/Joao-e-o-amigo-Edemar-Spielmann-tambem-ministro-demonstrando-a-lembranca-entregue-na-homenagem-realizada-em-Catres-2048x1365.jpg 2048w, https:\/\/noticiarioregional.com.br\/wp-content\/uploads\/2025\/12\/Joao-e-o-amigo-Edemar-Spielmann-tambem-ministro-demonstrando-a-lembranca-entregue-na-homenagem-realizada-em-Catres-150x100.jpg 150w, https:\/\/noticiarioregional.com.br\/wp-content\/uploads\/2025\/12\/Joao-e-o-amigo-Edemar-Spielmann-tambem-ministro-demonstrando-a-lembranca-entregue-na-homenagem-realizada-em-Catres-450x300.jpg 450w, https:\/\/noticiarioregional.com.br\/wp-content\/uploads\/2025\/12\/Joao-e-o-amigo-Edemar-Spielmann-tambem-ministro-demonstrando-a-lembranca-entregue-na-homenagem-realizada-em-Catres-1200x800.jpg 1200w\" sizes=\"(max-width: 1024px) 100vw, 1024px\" \/><figcaption class=\"wp-element-caption\">Jo\u00e3o e o amigo Edemar Spielmann, tamb\u00e9m ministro, demonstrando a lembran\u00e7a entregue na homenagem realizada em Catres<\/figcaption><\/figure>\n","protected":false},"excerpt":{"rendered":"<p>Ministro relata mudan\u00e7as que acompanhou na igreja e a import\u00e2ncia do voluntariado na comunidade S\u00e3o Jo\u00e3o do Oeste \u2013 Em 20 novembro Jo\u00e3o Lu\u00eds Flach, de 74 anos, completou 50 anos da sua forma\u00e7\u00e3o e atua\u00e7\u00e3o como ministro da palavra e da eucaristia e 40 anos tamb\u00e9m como ministro de batismo. Alusivo a data, recebeu<\/p>\n","protected":false},"author":1,"featured_media":8278,"comment_status":"open","ping_status":"open","sticky":false,"template":"","format":"standard","meta":{"footnotes":""},"categories":[41],"tags":[],"class_list":{"0":"post-8277","1":"post","2":"type-post","3":"status-publish","4":"format-standard","5":"has-post-thumbnail","7":"category-noticias"},"_links":{"self":[{"href":"https:\/\/noticiarioregional.com.br\/index.php?rest_route=\/wp\/v2\/posts\/8277","targetHints":{"allow":["GET"]}}],"collection":[{"href":"https:\/\/noticiarioregional.com.br\/index.php?rest_route=\/wp\/v2\/posts"}],"about":[{"href":"https:\/\/noticiarioregional.com.br\/index.php?rest_route=\/wp\/v2\/types\/post"}],"author":[{"embeddable":true,"href":"https:\/\/noticiarioregional.com.br\/index.php?rest_route=\/wp\/v2\/users\/1"}],"replies":[{"embeddable":true,"href":"https:\/\/noticiarioregional.com.br\/index.php?rest_route=%2Fwp%2Fv2%2Fcomments&post=8277"}],"version-history":[{"count":1,"href":"https:\/\/noticiarioregional.com.br\/index.php?rest_route=\/wp\/v2\/posts\/8277\/revisions"}],"predecessor-version":[{"id":8282,"href":"https:\/\/noticiarioregional.com.br\/index.php?rest_route=\/wp\/v2\/posts\/8277\/revisions\/8282"}],"wp:featuredmedia":[{"embeddable":true,"href":"https:\/\/noticiarioregional.com.br\/index.php?rest_route=\/wp\/v2\/media\/8278"}],"wp:attachment":[{"href":"https:\/\/noticiarioregional.com.br\/index.php?rest_route=%2Fwp%2Fv2%2Fmedia&parent=8277"}],"wp:term":[{"taxonomy":"category","embeddable":true,"href":"https:\/\/noticiarioregional.com.br\/index.php?rest_route=%2Fwp%2Fv2%2Fcategories&post=8277"},{"taxonomy":"post_tag","embeddable":true,"href":"https:\/\/noticiarioregional.com.br\/index.php?rest_route=%2Fwp%2Fv2%2Ftags&post=8277"}],"curies":[{"name":"wp","href":"https:\/\/api.w.org\/{rel}","templated":true}]}}