{"id":8283,"date":"2025-12-17T10:23:54","date_gmt":"2025-12-17T13:23:54","guid":{"rendered":"https:\/\/noticiarioregional.com.br\/?p=8283"},"modified":"2025-12-17T10:23:55","modified_gmt":"2025-12-17T13:23:55","slug":"corpo-de-bombeiros-realiza-formatura-promocoes-e-entrega-de-investimentos","status":"publish","type":"post","link":"https:\/\/noticiarioregional.com.br\/?p=8283","title":{"rendered":"Corpo de Bombeiros realiza formatura, promo\u00e7\u00f5es e entrega de investimentos"},"content":{"rendered":"\n<p><strong>Monda\u00ed &#8211;<\/strong> Na noite de sexta-feira, 05, o Corpo de Bombeiros Militar de Santa Catarina, por meio do Grupamento de Monda\u00ed, realizou uma cerim\u00f4nia marcante. O evento reuniu autoridades civis e militares, familiares, imprensa e comunidade para celebrar um ciclo de conquistas: a formatura da segunda turma de Bombeiros Comunit\u00e1rios do munic\u00edpio, a promo\u00e7\u00e3o de volunt\u00e1rios com anos de dedica\u00e7\u00e3o e a entrega de materiais, equipamentos e melhorias estruturais no quartel.<\/p>\n\n\n\n<p>A solenidade contou com a presen\u00e7a do Subcomandante do 12\u00b0 Batalh\u00e3o de Bombeiros Militar, Major BM Michael Magrini, que presidiu a cerim\u00f4nia. Tamb\u00e9m participaram o comandante do GBM Monda\u00ed, 2\u00b0 Sargento BM Tiago Sidnei Bieger, o 3\u00b0 Sargento BM Thiago Caspers, respons\u00e1vel pela apresenta\u00e7\u00e3o da tropa, al\u00e9m de representantes dos munic\u00edpios de Monda\u00ed e Riqueza.<\/p>\n\n\n\n<p>Um dos pontos altos da noite foi a apresenta\u00e7\u00e3o dos investimentos realizados ao longo de 2025, considerados fundamentais para elevar a qualidade e a seguran\u00e7a dos atendimentos prestados \u00e0 popula\u00e7\u00e3o. Ao todo, os valores somaram R$ 96.300,00, distribu\u00eddos entre:<\/p>\n\n\n\n<ul class=\"wp-block-list\">\n<li>12 conjuntos de Equipamento de Prote\u00e7\u00e3o Individual Multimiss\u00e3o, totalizando R$ 54.000,00 \u2014 com recursos dos munic\u00edpios de Monda\u00ed e Riqueza;<\/li>\n\n\n\n<li>Pintura do quartel e adequa\u00e7\u00e3o ao novo padr\u00e3o visual do CBMSC &#8211; R$ 11.600,00;<\/li>\n\n\n\n<li>Maca cesto e equipamentos de salvamento em altura, adquiridos via Associa\u00e7\u00e3o Comunit\u00e1ria e programa ApoiAR (Sicredi Ra\u00edzes) &#8211; R$ 8.000,00;<\/li>\n\n\n\n<li>Proporcionador de espuma e drone, obtidos junto ao F\u00f3rum de Monda\u00ed via edital p\u00fablico &#8211; R$ 22.700,00.<\/li>\n<\/ul>\n\n\n\n<p>Al\u00e9m disso, o quartel aguarda a chegada de um compressor de ar para recarga de cilindros de EPR e mergulho, cujo investimento de R$ 19.600,00 est\u00e1 em fase final de nacionaliza\u00e7\u00e3o. Tamb\u00e9m foi anunciado o processo licitat\u00f3rio para constru\u00e7\u00e3o de um WC acess\u00edvel, com aporte municipal de R$ 20 mil. A entrega simb\u00f3lica dos materiais foi conduzida por autoridades dos dois munic\u00edpios e do CBMSC.<\/p>\n\n\n\n<p>O Programa Bombeiro Comunit\u00e1rio, trip\u00e9 formado por Estado, munic\u00edpio e comunidade, teve nesta noite um momento de valoriza\u00e7\u00e3o especial. Diversos volunt\u00e1rios foram promovidos com base nas horas de servi\u00e7o prestadas:<\/p>\n\n\n\n<ul class=\"wp-block-list\">\n<li>Bombeiro Comunit\u00e1rio Pleno Classe 1: Valmir Sommer<\/li>\n\n\n\n<li>Bombeiro Comunit\u00e1rio S\u00eanior Classe 1: Claudinei Dall Vitt, F\u00e1bio Ariquel Flach, Maicon Klagenberg.<\/li>\n\n\n\n<li>Bombeiro Comunit\u00e1rio S\u00eanior Classe 3:\u00a0 Cristiano Maldaner Krug, La\u00e9rcio Roden, Margarete Marlene Oliveira Pinto. \u00a0<\/li>\n\n\n\n<li>Bombeiro Comunit\u00e1rio J\u00fanior Classe 2: Andressa Krenzel, Carlise Flach Schons, Cristiano Metz, Erich Mueller, Joel Junior da Fonseca, Kely Mueller, Marciel Alex Winkelmann, Odair Zundel, Sidiomar Rosa, Sulismar da Silva Barros.<\/li>\n\n\n\n<li>Bombeiro Comunit\u00e1rio J\u00fanior Classe 3: Fernando Rodrigo B\u00easing<\/li>\n<\/ul>\n\n\n\n<p class=\"has-text-align-center has-larger-font-size\"><strong>Formatura da segunda turma de Bombeiros Comunit\u00e1rios<\/strong><\/p>\n\n\n\n<figure class=\"wp-block-gallery has-nested-images columns-default is-cropped wp-block-gallery-1 is-layout-flex wp-block-gallery-is-layout-flex\">\n<figure class=\"wp-block-image size-large\"><img fetchpriority=\"high\" decoding=\"async\" width=\"1024\" height=\"768\" data-id=\"8285\" src=\"https:\/\/noticiarioregional.com.br\/wp-content\/uploads\/2025\/12\/20251205_192736-1024x768.jpg\" alt=\"\" class=\"wp-image-8285\" srcset=\"https:\/\/noticiarioregional.com.br\/wp-content\/uploads\/2025\/12\/20251205_192736-1024x768.jpg 1024w, https:\/\/noticiarioregional.com.br\/wp-content\/uploads\/2025\/12\/20251205_192736-300x225.jpg 300w, https:\/\/noticiarioregional.com.br\/wp-content\/uploads\/2025\/12\/20251205_192736-768x576.jpg 768w, https:\/\/noticiarioregional.com.br\/wp-content\/uploads\/2025\/12\/20251205_192736-1536x1152.jpg 1536w, https:\/\/noticiarioregional.com.br\/wp-content\/uploads\/2025\/12\/20251205_192736-2048x1536.jpg 2048w, https:\/\/noticiarioregional.com.br\/wp-content\/uploads\/2025\/12\/20251205_192736-150x113.jpg 150w, https:\/\/noticiarioregional.com.br\/wp-content\/uploads\/2025\/12\/20251205_192736-450x338.jpg 450w, https:\/\/noticiarioregional.com.br\/wp-content\/uploads\/2025\/12\/20251205_192736-1200x900.jpg 1200w\" sizes=\"(max-width: 1024px) 100vw, 1024px\" \/><\/figure>\n\n\n\n<figure class=\"wp-block-image size-large\"><img decoding=\"async\" width=\"1024\" height=\"768\" data-id=\"8286\" src=\"https:\/\/noticiarioregional.com.br\/wp-content\/uploads\/2025\/12\/20251205_195551-1024x768.jpg\" alt=\"\" class=\"wp-image-8286\" srcset=\"https:\/\/noticiarioregional.com.br\/wp-content\/uploads\/2025\/12\/20251205_195551-1024x768.jpg 1024w, https:\/\/noticiarioregional.com.br\/wp-content\/uploads\/2025\/12\/20251205_195551-300x225.jpg 300w, https:\/\/noticiarioregional.com.br\/wp-content\/uploads\/2025\/12\/20251205_195551-768x576.jpg 768w, https:\/\/noticiarioregional.com.br\/wp-content\/uploads\/2025\/12\/20251205_195551-1536x1152.jpg 1536w, https:\/\/noticiarioregional.com.br\/wp-content\/uploads\/2025\/12\/20251205_195551-2048x1536.jpg 2048w, https:\/\/noticiarioregional.com.br\/wp-content\/uploads\/2025\/12\/20251205_195551-150x113.jpg 150w, https:\/\/noticiarioregional.com.br\/wp-content\/uploads\/2025\/12\/20251205_195551-450x338.jpg 450w, https:\/\/noticiarioregional.com.br\/wp-content\/uploads\/2025\/12\/20251205_195551-1200x900.jpg 1200w\" sizes=\"(max-width: 1024px) 100vw, 1024px\" \/><\/figure>\n<\/figure>\n\n\n\n<p>Com carga hor\u00e1ria de 414 horas\/aula, 16 alunos conclu\u00edram o curso de Bombeiros Comunit\u00e1rios de 2025. O primeiro colocado, Djonatan Cl\u00e9ver Flores, obteve m\u00e9dia final de 9,35 e recebeu uma lembran\u00e7a entregue por autoridades da corpora\u00e7\u00e3o e seus padrinhos.<\/p>\n\n\n\n<p>A formanda Karoline Markoski conduziu a leitura do juramento, seguido pelos demais alunos em voz firme diante da Bandeira Nacional. Em seguida, padrinhos e madrinhas entregaram as coberturas aos novos bombeiros comunit\u00e1rios.<\/p>\n\n\n\n<p>Formandos:<\/p>\n\n\n\n<p>Ana Julia S\u00e2nder Vieira, Arist\u00f3toles Willyan Dias, Daniel Fernando Boff, Djonatan Cl\u00e9ver Flores, Douglas Cristian L\u00e9nz, Eduarda Saz\u00e2my Miotto, \u00c9rick Vin\u00edcius Coimbra, Fernanda W\u00f4lchick, Iago Anderson Buss, Jean Douglas da Silva, Jean Schmitz, Juliana Etget\u00f4n, Karoline Mark\u00f3ski, Nadia Luiza Zimmermann, Rodrigo Roberto Weber e Vanessa Sp\u00e9sier.<\/p>\n\n\n\n<p>A turma escolheu como Paraninfo o Sargento Thiago Caspers e como Patrono o Sargento Tiago Sidnei Bieger, ambos reconhecidos por sua lideran\u00e7a, dedica\u00e7\u00e3o e contribui\u00e7\u00e3o direta na forma\u00e7\u00e3o dos novos bombeiros comunit\u00e1rios. As homenagens foram entregues pela comiss\u00e3o de formatura e pelo Major Magrini.<\/p>\n\n\n\n<p>No discurso mais esperado da noite, o comandante do quartel, Sargento Tiago Sidnei Bieger, fez uma reflex\u00e3o emocionante sobre o crescimento da corpora\u00e7\u00e3o e o significado daquela solenidade. Ele destacou que as melhorias alcan\u00e7adas n\u00e3o foram \u201cobra do acaso\u201d, mas fruto da uni\u00e3o entre Estado, munic\u00edpios e comunidade. \u201c<em>Pintura nova, EPI Multimiss\u00e3o, equipamentos de resgate, drone, compressor de ar e obras a caminho&#8230; nada disso caiu do c\u00e9u. Foram conquistas constru\u00eddas por tr\u00eas for\u00e7as que se somam<\/em>\u201d, afirmou.<\/p>\n\n\n\n<p>O comandante tamb\u00e9m recordou o intenso processo de forma\u00e7\u00e3o da turma de 2025, que come\u00e7ou com 80 inscritos e chegou a 16 concluintes. \u201c<em>O que o p\u00fablico v\u00ea hoje \u00e9 o topo do iceberg. A parte bonita. Mas por baixo da \u00e1gua houve estudo, ren\u00fancia, suor \u2014 e at\u00e9 a chuva veio colaborar<\/em>\u201d, disse. Durante o discurso, Bieger ainda destacou o trabalho do quartel ao longo do ano: simulados, programas educativos, treinamentos e mais de 1.118 ocorr\u00eancias atendidas. Ele encerrou com uma mensagem motivadora: \u201c<em>Hoje voc\u00eas n\u00e3o recebem apenas um certificado. Recebem um compromisso. O compromisso de servir. O Corpo de Bombeiros Militar de Santa Catarina n\u00e3o \u00e9 feito apenas de equipamentos, mas de pessoas, vontade e prop\u00f3sito. 2026 j\u00e1 est\u00e1 batendo \u00e0 porta \u2014 e n\u00f3s estaremos prontos\u201d<\/em><\/p>\n","protected":false},"excerpt":{"rendered":"<p>Monda\u00ed &#8211; Na noite de sexta-feira, 05, o Corpo de Bombeiros Militar de Santa Catarina, por meio do Grupamento de Monda\u00ed, realizou uma cerim\u00f4nia marcante. O evento reuniu autoridades civis e militares, familiares, imprensa e comunidade para celebrar um ciclo de conquistas: a formatura da segunda turma de Bombeiros Comunit\u00e1rios do munic\u00edpio, a promo\u00e7\u00e3o de<\/p>\n","protected":false},"author":1,"featured_media":8284,"comment_status":"open","ping_status":"open","sticky":false,"template":"","format":"standard","meta":{"footnotes":""},"categories":[41],"tags":[],"class_list":{"0":"post-8283","1":"post","2":"type-post","3":"status-publish","4":"format-standard","5":"has-post-thumbnail","7":"category-noticias"},"_links":{"self":[{"href":"https:\/\/noticiarioregional.com.br\/index.php?rest_route=\/wp\/v2\/posts\/8283","targetHints":{"allow":["GET"]}}],"collection":[{"href":"https:\/\/noticiarioregional.com.br\/index.php?rest_route=\/wp\/v2\/posts"}],"about":[{"href":"https:\/\/noticiarioregional.com.br\/index.php?rest_route=\/wp\/v2\/types\/post"}],"author":[{"embeddable":true,"href":"https:\/\/noticiarioregional.com.br\/index.php?rest_route=\/wp\/v2\/users\/1"}],"replies":[{"embeddable":true,"href":"https:\/\/noticiarioregional.com.br\/index.php?rest_route=%2Fwp%2Fv2%2Fcomments&post=8283"}],"version-history":[{"count":1,"href":"https:\/\/noticiarioregional.com.br\/index.php?rest_route=\/wp\/v2\/posts\/8283\/revisions"}],"predecessor-version":[{"id":8287,"href":"https:\/\/noticiarioregional.com.br\/index.php?rest_route=\/wp\/v2\/posts\/8283\/revisions\/8287"}],"wp:featuredmedia":[{"embeddable":true,"href":"https:\/\/noticiarioregional.com.br\/index.php?rest_route=\/wp\/v2\/media\/8284"}],"wp:attachment":[{"href":"https:\/\/noticiarioregional.com.br\/index.php?rest_route=%2Fwp%2Fv2%2Fmedia&parent=8283"}],"wp:term":[{"taxonomy":"category","embeddable":true,"href":"https:\/\/noticiarioregional.com.br\/index.php?rest_route=%2Fwp%2Fv2%2Fcategories&post=8283"},{"taxonomy":"post_tag","embeddable":true,"href":"https:\/\/noticiarioregional.com.br\/index.php?rest_route=%2Fwp%2Fv2%2Ftags&post=8283"}],"curies":[{"name":"wp","href":"https:\/\/api.w.org\/{rel}","templated":true}]}}