{"id":8309,"date":"2026-01-23T10:02:50","date_gmt":"2026-01-23T13:02:50","guid":{"rendered":"https:\/\/noticiarioregional.com.br\/?p=8309"},"modified":"2026-01-23T10:02:52","modified_gmt":"2026-01-23T13:02:52","slug":"de-hobby-para-geracao-de-renda","status":"publish","type":"post","link":"https:\/\/noticiarioregional.com.br\/?p=8309","title":{"rendered":"De hobby para gera\u00e7\u00e3o de renda"},"content":{"rendered":"\n<p><em>Melicultor de Santa Helena cultiva mais de dez esp\u00e9cies de abelha sem ferr\u00e3o<\/em><\/p>\n\n\n\n<p><strong>Santa Helena \u2013<\/strong> Desde a inf\u00e2ncia o melicultor Gelso Formagini convive com o manejo de abelhas e o cultivo de mel. De uma fam\u00edlia de apicultores, Gelso teve muito incentivo do seu av\u00f4 que criava abelhas com ferr\u00e3o no Rio Grande do Sul, sendo um dos maiores criadores de abelhas do estado, com mais de mil colmeias.<\/p>\n\n\n\n<p>Gelso manteve a tradi\u00e7\u00e3o familiar, mas optou pela cria\u00e7\u00e3o de abelhas sem ferr\u00e3o, por considerar o manejo mais tranquilo e assim poder aliar a atividade com o trabalho que exerce como marceneiro. O melicultor, profissional que se dedica a produ\u00e7\u00e3o de mel, cultiva abelhas sem ferr\u00e3o de mais de 10 esp\u00e9cies, sendo elas mandaguari preta e amarela, jata\u00ed, bor\u00e1, emerina, droryana, ira\u00ed, mirim-gua\u00e7u, manda\u00e7aia, manduri e mirim-pregui\u00e7a.<\/p>\n\n\n\n<p>Por residir pr\u00f3ximo a rodovia, o produtor mudou as colmeias para um lugar mais tranquilo, no interior, onde aproveitou pedras e outras estruturas da propriedade que servem de suporte para as caixas, e inclusive embelezam o local. Al\u00e9m da venda do mel, para uma associa\u00e7\u00e3o de Curitiba, Paran\u00e1, Gelso tamb\u00e9m comercializa o produto direto ao consumidor e vende as colmeias para quem quer come\u00e7ar ou ampliar a atividade.<\/p>\n\n\n\n<p>O que come\u00e7ou como um hobby, hoje \u00e9 uma fonte de renda extra para Gelso. Atualmente s\u00e3o 140 colmeias, entre todas as esp\u00e9cies, em que a m\u00e9dia por safra \u00e9 de 75 a 80 quilos de mel por ano. A colheita do mel \u00e9 realizada neste per\u00edodo do ano. Gelso comenta que a florada este ano foi boa, e as expectativas s\u00e3o de um bom rendimento na produ\u00e7\u00e3o.<\/p>\n\n\n\n<p>O melicultor lamenta que uma das principais dificuldades que vem registrando na atividade \u00e9 o ataque da abelha lim\u00e3o, como \u00e9 conhecida popularmente. S\u00e3o abelhas invasoras da natureza, que atacam as colmeias, exalam um odor t\u00f3xico que mata as outras abelhas, e com isso roubam o mel.<\/p>\n\n\n\n<p>A atividade tamb\u00e9m chama aten\u00e7\u00e3o de outras pessoas, como estudantes e entidades ligadas a agricultura que agendam visitas para conhecer as colmeias. Nestas oportunidades, Gelso explica sobre o manejo e a import\u00e2ncia que as abelhas representam para a natureza e o meio em que todos vivemos.<\/p>\n\n\n\n<figure class=\"wp-block-image size-large\"><img fetchpriority=\"high\" decoding=\"async\" width=\"1024\" height=\"683\" src=\"https:\/\/noticiarioregional.com.br\/wp-content\/uploads\/2026\/01\/Colmeias-ficam-localizadas-no-interior-onde-o-produtor-aproveitou-pedras-e-outras-estruturas-da-propriedade-que-servem-de-suporte-para-as-caixas-1024x683.jpg\" alt=\"\" class=\"wp-image-8311\" srcset=\"https:\/\/noticiarioregional.com.br\/wp-content\/uploads\/2026\/01\/Colmeias-ficam-localizadas-no-interior-onde-o-produtor-aproveitou-pedras-e-outras-estruturas-da-propriedade-que-servem-de-suporte-para-as-caixas-1024x683.jpg 1024w, https:\/\/noticiarioregional.com.br\/wp-content\/uploads\/2026\/01\/Colmeias-ficam-localizadas-no-interior-onde-o-produtor-aproveitou-pedras-e-outras-estruturas-da-propriedade-que-servem-de-suporte-para-as-caixas-300x200.jpg 300w, https:\/\/noticiarioregional.com.br\/wp-content\/uploads\/2026\/01\/Colmeias-ficam-localizadas-no-interior-onde-o-produtor-aproveitou-pedras-e-outras-estruturas-da-propriedade-que-servem-de-suporte-para-as-caixas-768x512.jpg 768w, https:\/\/noticiarioregional.com.br\/wp-content\/uploads\/2026\/01\/Colmeias-ficam-localizadas-no-interior-onde-o-produtor-aproveitou-pedras-e-outras-estruturas-da-propriedade-que-servem-de-suporte-para-as-caixas-1536x1024.jpg 1536w, https:\/\/noticiarioregional.com.br\/wp-content\/uploads\/2026\/01\/Colmeias-ficam-localizadas-no-interior-onde-o-produtor-aproveitou-pedras-e-outras-estruturas-da-propriedade-que-servem-de-suporte-para-as-caixas-2048x1365.jpg 2048w, https:\/\/noticiarioregional.com.br\/wp-content\/uploads\/2026\/01\/Colmeias-ficam-localizadas-no-interior-onde-o-produtor-aproveitou-pedras-e-outras-estruturas-da-propriedade-que-servem-de-suporte-para-as-caixas-150x100.jpg 150w, https:\/\/noticiarioregional.com.br\/wp-content\/uploads\/2026\/01\/Colmeias-ficam-localizadas-no-interior-onde-o-produtor-aproveitou-pedras-e-outras-estruturas-da-propriedade-que-servem-de-suporte-para-as-caixas-450x300.jpg 450w, https:\/\/noticiarioregional.com.br\/wp-content\/uploads\/2026\/01\/Colmeias-ficam-localizadas-no-interior-onde-o-produtor-aproveitou-pedras-e-outras-estruturas-da-propriedade-que-servem-de-suporte-para-as-caixas-1200x800.jpg 1200w\" sizes=\"(max-width: 1024px) 100vw, 1024px\" \/><figcaption class=\"wp-element-caption\">Colmeias ficam localizadas no interior, onde o produtor aproveitou pedras e outras estruturas da propriedade que servem de suporte para as caixas<\/figcaption><\/figure>\n","protected":false},"excerpt":{"rendered":"<p>Melicultor de Santa Helena cultiva mais de dez esp\u00e9cies de abelha sem ferr\u00e3o Santa Helena \u2013 Desde a inf\u00e2ncia o melicultor Gelso Formagini convive com o manejo de abelhas e o cultivo de mel. De uma fam\u00edlia de apicultores, Gelso teve muito incentivo do seu av\u00f4 que criava abelhas com ferr\u00e3o no Rio Grande do<\/p>\n","protected":false},"author":1,"featured_media":8310,"comment_status":"open","ping_status":"open","sticky":false,"template":"","format":"standard","meta":{"footnotes":""},"categories":[42],"tags":[],"class_list":{"0":"post-8309","1":"post","2":"type-post","3":"status-publish","4":"format-standard","5":"has-post-thumbnail","7":"category-destaque"},"_links":{"self":[{"href":"https:\/\/noticiarioregional.com.br\/index.php?rest_route=\/wp\/v2\/posts\/8309","targetHints":{"allow":["GET"]}}],"collection":[{"href":"https:\/\/noticiarioregional.com.br\/index.php?rest_route=\/wp\/v2\/posts"}],"about":[{"href":"https:\/\/noticiarioregional.com.br\/index.php?rest_route=\/wp\/v2\/types\/post"}],"author":[{"embeddable":true,"href":"https:\/\/noticiarioregional.com.br\/index.php?rest_route=\/wp\/v2\/users\/1"}],"replies":[{"embeddable":true,"href":"https:\/\/noticiarioregional.com.br\/index.php?rest_route=%2Fwp%2Fv2%2Fcomments&post=8309"}],"version-history":[{"count":1,"href":"https:\/\/noticiarioregional.com.br\/index.php?rest_route=\/wp\/v2\/posts\/8309\/revisions"}],"predecessor-version":[{"id":8312,"href":"https:\/\/noticiarioregional.com.br\/index.php?rest_route=\/wp\/v2\/posts\/8309\/revisions\/8312"}],"wp:featuredmedia":[{"embeddable":true,"href":"https:\/\/noticiarioregional.com.br\/index.php?rest_route=\/wp\/v2\/media\/8310"}],"wp:attachment":[{"href":"https:\/\/noticiarioregional.com.br\/index.php?rest_route=%2Fwp%2Fv2%2Fmedia&parent=8309"}],"wp:term":[{"taxonomy":"category","embeddable":true,"href":"https:\/\/noticiarioregional.com.br\/index.php?rest_route=%2Fwp%2Fv2%2Fcategories&post=8309"},{"taxonomy":"post_tag","embeddable":true,"href":"https:\/\/noticiarioregional.com.br\/index.php?rest_route=%2Fwp%2Fv2%2Ftags&post=8309"}],"curies":[{"name":"wp","href":"https:\/\/api.w.org\/{rel}","templated":true}]}}