{"id":8320,"date":"2026-01-28T11:35:02","date_gmt":"2026-01-28T14:35:02","guid":{"rendered":"https:\/\/noticiarioregional.com.br\/?p=8320"},"modified":"2026-01-28T11:35:04","modified_gmt":"2026-01-28T14:35:04","slug":"auri-mathias-avalia-primeiros-encaminhamentos-do-ano-e-anuncia-mudancas-nas-secretarias","status":"publish","type":"post","link":"https:\/\/noticiarioregional.com.br\/?p=8320","title":{"rendered":"Auri Mathias avalia primeiros encaminhamentos do ano e anuncia mudan\u00e7as nas secretarias"},"content":{"rendered":"\n<p><strong>Ipor\u00e3 do Oeste \u2013<\/strong> Dos dias 05 a 14 de janeiro o vice-prefeito Auri Mathias assumiu o Executivo, no per\u00edodo de f\u00e9rias do prefeito Michel Barth. Durante estes dias, Mathias destaca que acompanhou os trabalhos em andamento, encaminhou ajustes internos nas secretarias e recebeu parlamentares que anunciaram recursos.<\/p>\n\n\n\n<p>Sobre o per\u00edodo a frente do Executivo, Mathias define que <em>\u201c\u00e9 um orgulho poder representar nosso munic\u00edpio. \u00c9 um momento de responsabilidade e confian\u00e7a. Mantemos a responsabilidade administrativa, o bom atendimento \u00e0 popula\u00e7\u00e3o e o andamento dos projetos. Foram poucos dias, mas bem movimentados e com boas not\u00edcias para come\u00e7ar o ano\u201d.<\/em> Esta \u00e9 a segunda vez que Auri Mathias assume como prefeito, sendo que a primeira vez foi no mandato de Ad\u00e9lio Marx e C\u00e9lio Jantsch, na gest\u00e3o de 2009 a 2012, quando na \u00e9poca Mathias era o presidente da C\u00e2mara de Vereadores.<\/p>\n\n\n\n<p>No dia 09 de janeiro o prefeito em exerc\u00edcio recebeu no gabinete a visita do deputado estadual Edilson Massocco, do PL. O parlamentar confirmou a destina\u00e7\u00e3o de R$ 650 mil em emendas parlamentares, sendo R$ 500 mil para pavimenta\u00e7\u00e3o de ruas e R$ 150 mil que j\u00e1 est\u00e3o na conta para investimentos na \u00e1rea da educa\u00e7\u00e3o. A vinda dos recursos \u00e9 resultado da articula\u00e7\u00e3o do vereador Odolir Bordignon. O deputado sinalizou ainda a destina\u00e7\u00e3o de mais uma emenda de R$ 350 mil, a ser liberada durante o mandato da atual gest\u00e3o municipal. Ainda na ter\u00e7a-feira, 14, esteve no gabinete o deputado Oscar Gutz, tamb\u00e9m do PL, sinalizando a destina\u00e7\u00e3o de emenda para o munic\u00edpio.<\/p>\n\n\n\n<p>Mathias avalia que esta articula\u00e7\u00e3o com os parlamentares \u00e9 importante para garantia de recursos ao munic\u00edpio, sendo que em fun\u00e7\u00e3o do per\u00edodo eleitoral, tamb\u00e9m est\u00e3o previstas viagens a Florian\u00f3polis em busca de mais emendas para investimentos. Neste primeiro m\u00eas do ano, Mathias afirma que a maioria dos setores est\u00e1 com a equipe de servidores reduzida, devido as f\u00e9rias. Comenta que no setor de Obras os servidores em f\u00e9rias come\u00e7aram a retornar na \u00faltima semana, e a partir disso os servi\u00e7os de recupera\u00e7\u00e3o das estradas ser\u00e3o intensificados, em fun\u00e7\u00e3o de estragos causados pelas chuvas e o intenso movimento de m\u00e1quinas nesse per\u00edodo.<\/p>\n\n\n\n<p>Em rela\u00e7\u00e3o ao planejamento para este ano, Mathias refor\u00e7a que a infraestrutura \u00e9 uma das maiores prioridades da Administra\u00e7\u00e3o, tanto na cidade como no interior. Cita o asfaltamento dos dois trechos do interior pelo programa Estrada Boa Rural, o in\u00edcio das obras da pr\u00e9-escola e a licita\u00e7\u00e3o para constru\u00e7\u00e3o da nova creche e da pista de atletismo.<\/p>\n\n\n\n<p>No dia 09 de janeiro o ent\u00e3o prefeito em exerc\u00edcio recebeu representantes da empresa vencedora da licita\u00e7\u00e3o para constru\u00e7\u00e3o da pr\u00e9-escola, que j\u00e1 no final do m\u00eas ir\u00e1 se instalar no munic\u00edpio para in\u00edcio da obra. A empresa tem prazo de 180 dias para concluir a edifica\u00e7\u00e3o, a partir da emiss\u00e3o da ordem de servi\u00e7o. Na \u00faltima semana Mathias acompanhou os servi\u00e7os de terraplanagem no terreno onde a nova escola ser\u00e1 constru\u00edda, aos fundos dos gin\u00e1sios <strong><em>(foto).<\/em><\/strong><\/p>\n\n\n\n<p><strong>Altera\u00e7\u00f5es nas secretarias municipais<\/strong><\/p>\n\n\n\n<p>O primeiro m\u00eas do ano tamb\u00e9m foi de ajustes internos nas secretariais municipais, com a desvincula\u00e7\u00e3o de pastas e a nomea\u00e7\u00e3o de novos secret\u00e1rios. A posse dos novos secret\u00e1rios foi conduzida pelo prefeito em exerc\u00edcio, no dia da transmiss\u00e3o de cargo, em 05 de janeiro. Auri Mathias explica que as mudan\u00e7as fazem parte da reestrutura\u00e7\u00e3o administrativa, com o objetivo de melhorar a gest\u00e3o, os trabalhos e as demandas de cada \u00e1rea, e consequentemente o atendimento \u00e0 popula\u00e7\u00e3o.<\/p>\n\n\n\n<p>A secretaria de Sa\u00fade, antes vinculada ao setor de Assist\u00eancia Social, passa a ser uma secretaria \u00fanica, que continua sob o comando de Oldair Schmitz. Com isso, foi criada a secretaria de Desenvolvimento Social, pasta assumida por Izabel Schaefer, a Nina. Na secretaria de Administra\u00e7\u00e3o e Finan\u00e7as permanece a secret\u00e1ria Andressa Mees, e na secretaria de Planejamento e Gest\u00e3o, Diana Barth.<\/p>\n\n\n\n<p>Tamb\u00e9m ocorreu a desvincula\u00e7\u00e3o da secretaria de Agricultura, Meio Ambiente, Transportes e Obras, com a cria\u00e7\u00e3o da secretaria de Transportes, Obras e Servi\u00e7os Urbanos, assumida por Adroaldo Cola. O setor de Urbanismo foi desvinculado da secretaria de Desenvolvimento Econ\u00f4mico e Turismo. Dessa forma, a secretaria de Agricultura e Meio Ambiente tamb\u00e9m passa a atuar de forma independente. Nesta pasta, assumida no primeiro ano da gest\u00e3o por Roque Marx, o novo secret\u00e1rio nomeado pela Administra\u00e7\u00e3o no dia 13 de janeiro \u00e9 o suinocultor e at\u00e9 ent\u00e3o vereador, Adriano Klein.<\/p>\n\n\n\n<p>Est\u00e3o previstas mudan\u00e7as tamb\u00e9m na secretaria de Educa\u00e7\u00e3o, Desporto e Cultura com o an\u00fancio da sa\u00edda da ent\u00e3o secret\u00e1ria Lori Dill, em que o novo gestor da pasta ainda est\u00e1 sendo definido pela Administra\u00e7\u00e3o.<\/p>\n","protected":false},"excerpt":{"rendered":"<p>Ipor\u00e3 do Oeste \u2013 Dos dias 05 a 14 de janeiro o vice-prefeito Auri Mathias assumiu o Executivo, no per\u00edodo de f\u00e9rias do prefeito Michel Barth. Durante estes dias, Mathias destaca que acompanhou os trabalhos em andamento, encaminhou ajustes internos nas secretarias e recebeu parlamentares que anunciaram recursos. Sobre o per\u00edodo a frente do Executivo,<\/p>\n","protected":false},"author":1,"featured_media":8321,"comment_status":"open","ping_status":"open","sticky":false,"template":"","format":"standard","meta":{"footnotes":""},"categories":[41],"tags":[],"class_list":{"0":"post-8320","1":"post","2":"type-post","3":"status-publish","4":"format-standard","5":"has-post-thumbnail","7":"category-noticias"},"_links":{"self":[{"href":"https:\/\/noticiarioregional.com.br\/index.php?rest_route=\/wp\/v2\/posts\/8320","targetHints":{"allow":["GET"]}}],"collection":[{"href":"https:\/\/noticiarioregional.com.br\/index.php?rest_route=\/wp\/v2\/posts"}],"about":[{"href":"https:\/\/noticiarioregional.com.br\/index.php?rest_route=\/wp\/v2\/types\/post"}],"author":[{"embeddable":true,"href":"https:\/\/noticiarioregional.com.br\/index.php?rest_route=\/wp\/v2\/users\/1"}],"replies":[{"embeddable":true,"href":"https:\/\/noticiarioregional.com.br\/index.php?rest_route=%2Fwp%2Fv2%2Fcomments&post=8320"}],"version-history":[{"count":1,"href":"https:\/\/noticiarioregional.com.br\/index.php?rest_route=\/wp\/v2\/posts\/8320\/revisions"}],"predecessor-version":[{"id":8322,"href":"https:\/\/noticiarioregional.com.br\/index.php?rest_route=\/wp\/v2\/posts\/8320\/revisions\/8322"}],"wp:featuredmedia":[{"embeddable":true,"href":"https:\/\/noticiarioregional.com.br\/index.php?rest_route=\/wp\/v2\/media\/8321"}],"wp:attachment":[{"href":"https:\/\/noticiarioregional.com.br\/index.php?rest_route=%2Fwp%2Fv2%2Fmedia&parent=8320"}],"wp:term":[{"taxonomy":"category","embeddable":true,"href":"https:\/\/noticiarioregional.com.br\/index.php?rest_route=%2Fwp%2Fv2%2Fcategories&post=8320"},{"taxonomy":"post_tag","embeddable":true,"href":"https:\/\/noticiarioregional.com.br\/index.php?rest_route=%2Fwp%2Fv2%2Ftags&post=8320"}],"curies":[{"name":"wp","href":"https:\/\/api.w.org\/{rel}","templated":true}]}}