{"id":8326,"date":"2026-01-28T11:38:14","date_gmt":"2026-01-28T14:38:14","guid":{"rendered":"https:\/\/noticiarioregional.com.br\/?p=8326"},"modified":"2026-01-28T11:38:15","modified_gmt":"2026-01-28T14:38:15","slug":"prefeito-em-exercicio-aponta-trabalhos-em-andamento-e-prioridades-no-inicio-do-ano","status":"publish","type":"post","link":"https:\/\/noticiarioregional.com.br\/?p=8326","title":{"rendered":"Prefeito em exerc\u00edcio aponta trabalhos em andamento e prioridades no in\u00edcio do ano"},"content":{"rendered":"\n<p><strong>S\u00e3o Jo\u00e3o do Oeste \u2013<\/strong> Durante 20 dias, dos dias 05 a 25 de janeiro, o vice-prefeito Orlando Royer assume o Executivo, nas f\u00e9rias do prefeito, S\u00e9rgio Theisen. O prefeito em exerc\u00edcio destaca que neste primeiro m\u00eas do ano os trabalhos se concentram principalmente nas atividades internas, com a renova\u00e7\u00e3o de contratos, conv\u00eanios e licita\u00e7\u00f5es. Comenta que s\u00e3o quest\u00f5es burocr\u00e1ticas que precisam ser resolvidas para que a partir de fevereiro os servi\u00e7os e obras sejam retomados.<\/p>\n\n\n\n<p>A partir desta semana, Orlando cita que os trabalhos se voltam para o asfaltamento do trecho at\u00e9 Linha Ervalzinho, onde mais da metade da estrada j\u00e1 est\u00e1 com a base conclu\u00edda, para receber a camada de asfalto. A obra ser\u00e1 executada com recursos de emenda do deputado Mauro de Nadal, no valor de R$ 2 milh\u00f5es. Ainda com rela\u00e7\u00e3o a pavimenta\u00e7\u00e3o asf\u00e1ltica, o prefeito em exerc\u00edcio ressalta os projetos para asfaltamento dos trechos at\u00e9 Jaboticaba e Macuco, pelo programa Estrada Boa Rural. Lembra que j\u00e1 est\u00e1 em fase de licita\u00e7\u00e3o o servi\u00e7o de m\u00e1quinas para deixar o leito da estrada de Jaboticaba pronto, e seguir com o asfaltamento assim que o estado liberar o valor. Em dire\u00e7\u00e3o a Macuco boa parte do trecho j\u00e1 est\u00e1 pronto para receber o asfalto. Da mesma forma, est\u00e3o previstas pavimenta\u00e7\u00f5es de ruas na cidade com recursos pr\u00f3prios.<\/p>\n\n\n\n<p>No Urbanismo, onde segundo o prefeito em exerc\u00edcio o setor teve muitas dificuldades no in\u00edcio da gest\u00e3o devido a falta de equipamentos e ferramentas, o munic\u00edpio investiu na terceiriza\u00e7\u00e3o de empresa que faz a ro\u00e7ada no trecho de acesso a cidade, e avalia de forma positiva o servi\u00e7o que est\u00e1 sendo prestado. Comenta que o setor teve um foco maior no \u00faltimo ano na decora\u00e7\u00e3o da cidade, em eventos comemorativos como P\u00e1scoa, Semana Alem\u00e3 e Natal. Orlando afirma que este ano a prioridade ser\u00e1 a cidade como um todo, com a pintura das ruas, reforma de cal\u00e7adas e limpeza em geral, contribuindo para o embelezamento.<\/p>\n\n\n\n<p>Na equipe administrativa, Orlando ressalta que nenhuma altera\u00e7\u00e3o est\u00e1 prevista, o que avalia como algo positivo, pois demonstra a uni\u00e3o e o trabalho conjunto de todos, e contribui para o bom andamento dos trabalhos.<\/p>\n\n\n\n<p>Como respons\u00e1vel tamb\u00e9m pela secretaria de Agricultura e Meio Ambiente, Orlando explica a cria\u00e7\u00e3o e ajustes em programas que passam a vigorar a partir deste ano, ap\u00f3s aprova\u00e7\u00e3o na C\u00e2mara de Vereadores. Pelo projeto de Lei n\u00famero 079\/2025 o munic\u00edpio cria o Programa Municipal de Incentivo Ambiental para Cobertura de Solo com Aduba\u00e7\u00e3o Verde. Atrav\u00e9s deste, antes da altera\u00e7\u00e3o na lei o munic\u00edpio licitava a semente, e distribu\u00eda aos produtores. A partir de agora, o agricultor faz a compra das sementes no com\u00e9rcio local, apresenta a nota fiscal na secretaria de Agricultura, e o munic\u00edpio paga R$ 70,00 por hectare cultivado, o que ser\u00e1 feito a partir de laudo fornecido pela agropecu\u00e1ria. O limite de incentivo \u00e9 de 10 hectares por propriedade, o que em valores representa R$ 700,00 por propriedade.<\/p>\n\n\n\n<p>Pelo projeto de Lei n\u00famero 080\/2025 o munic\u00edpio institui o Programa Municipal de Incentivo ao Cercamento e Prote\u00e7\u00e3o de \u00c1reas de Preserva\u00e7\u00e3o Permanente nas propriedades rurais do munic\u00edpio. Neste programa, anteriormente o munic\u00edpio fornecia os palanques, e a partir de agora o produtor recebe um ressarcimento fixo de at\u00e9 R$ 15,00 por metro linear de cercamento instalado, limitado a 120 metros por produtor rural e por exerc\u00edcio fiscal, considerando o valor comprovado pelas notas fiscais apresentadas.<\/p>\n\n\n\n<p>E ainda o projeto de Lei n\u00famero 081\/2025 que trata da cria\u00e7\u00e3o do Programa Municipal de Incentivo \u00e0 Constru\u00e7\u00e3o de Fontes Protegidas. Pelo programa o agricultor receber\u00e1 R$ 250,00 para a constru\u00e7\u00e3o da fonte protegida.<\/p>\n\n\n\n<p>Orlando lembra que o pagamento dos incentivos ser\u00e1 atrav\u00e9s de um novo cart\u00e3o, tamb\u00e9m aprovado por projeto de lei enviado ao Legislativo. Este cart\u00e3o est\u00e1 na fase de licita\u00e7\u00e3o, e ser\u00e1 entregue aos agricultores para custear compras realizadas no com\u00e9rcio local.<\/p>\n","protected":false},"excerpt":{"rendered":"<p>S\u00e3o Jo\u00e3o do Oeste \u2013 Durante 20 dias, dos dias 05 a 25 de janeiro, o vice-prefeito Orlando Royer assume o Executivo, nas f\u00e9rias do prefeito, S\u00e9rgio Theisen. O prefeito em exerc\u00edcio destaca que neste primeiro m\u00eas do ano os trabalhos se concentram principalmente nas atividades internas, com a renova\u00e7\u00e3o de contratos, conv\u00eanios e licita\u00e7\u00f5es.<\/p>\n","protected":false},"author":1,"featured_media":8327,"comment_status":"open","ping_status":"open","sticky":false,"template":"","format":"standard","meta":{"footnotes":""},"categories":[41],"tags":[],"class_list":{"0":"post-8326","1":"post","2":"type-post","3":"status-publish","4":"format-standard","5":"has-post-thumbnail","7":"category-noticias"},"_links":{"self":[{"href":"https:\/\/noticiarioregional.com.br\/index.php?rest_route=\/wp\/v2\/posts\/8326","targetHints":{"allow":["GET"]}}],"collection":[{"href":"https:\/\/noticiarioregional.com.br\/index.php?rest_route=\/wp\/v2\/posts"}],"about":[{"href":"https:\/\/noticiarioregional.com.br\/index.php?rest_route=\/wp\/v2\/types\/post"}],"author":[{"embeddable":true,"href":"https:\/\/noticiarioregional.com.br\/index.php?rest_route=\/wp\/v2\/users\/1"}],"replies":[{"embeddable":true,"href":"https:\/\/noticiarioregional.com.br\/index.php?rest_route=%2Fwp%2Fv2%2Fcomments&post=8326"}],"version-history":[{"count":1,"href":"https:\/\/noticiarioregional.com.br\/index.php?rest_route=\/wp\/v2\/posts\/8326\/revisions"}],"predecessor-version":[{"id":8328,"href":"https:\/\/noticiarioregional.com.br\/index.php?rest_route=\/wp\/v2\/posts\/8326\/revisions\/8328"}],"wp:featuredmedia":[{"embeddable":true,"href":"https:\/\/noticiarioregional.com.br\/index.php?rest_route=\/wp\/v2\/media\/8327"}],"wp:attachment":[{"href":"https:\/\/noticiarioregional.com.br\/index.php?rest_route=%2Fwp%2Fv2%2Fmedia&parent=8326"}],"wp:term":[{"taxonomy":"category","embeddable":true,"href":"https:\/\/noticiarioregional.com.br\/index.php?rest_route=%2Fwp%2Fv2%2Fcategories&post=8326"},{"taxonomy":"post_tag","embeddable":true,"href":"https:\/\/noticiarioregional.com.br\/index.php?rest_route=%2Fwp%2Fv2%2Ftags&post=8326"}],"curies":[{"name":"wp","href":"https:\/\/api.w.org\/{rel}","templated":true}]}}