{"id":8330,"date":"2026-01-29T07:32:07","date_gmt":"2026-01-29T10:32:07","guid":{"rendered":"https:\/\/noticiarioregional.com.br\/?p=8330"},"modified":"2026-01-29T07:32:08","modified_gmt":"2026-01-29T10:32:08","slug":"camara-de-vereadores-tem-novo-presidente-para-2026","status":"publish","type":"post","link":"https:\/\/noticiarioregional.com.br\/?p=8330","title":{"rendered":"C\u00e2mara de Vereadores tem novo presidente para 2026"},"content":{"rendered":"\n<p class=\"has-text-align-center has-large-font-size\"><em>No voto a voto, S\u00edrio Assmann, do PSD foi eleito presidente por cinco votos a quatro, derrotando o candidato do governo, Nereu Jos\u00e9 Barth, do MDB<\/em><\/p>\n\n\n\n<p><strong>Ipor\u00e3 do Oeste \u2013<\/strong> Com os votos da bancada de oposi\u00e7\u00e3o, o vereador S\u00edrio Assmann, o Feio, do PSD, foi eleito o novo presidente da C\u00e2mara Municipal de Vereadores para o exerc\u00edcio de 2026. A elei\u00e7\u00e3o foi realizada na segunda-feira, 22 de dezembro, \u00faltima sess\u00e3o ordin\u00e1ria de 2025. Assmann derrotou, por cinco votos a quatro, o candidato do governo, o emedebista Nereu Jos\u00e9 Barth.<\/p>\n\n\n\n<p>&nbsp;&nbsp;&nbsp;&nbsp;&nbsp;&nbsp;&nbsp;&nbsp;&nbsp;&nbsp;&nbsp; Toda a Mesa Diretora para o exerc\u00edcio de 2026 ficou sob o comando da oposi\u00e7\u00e3o. Al\u00e9m do presidente S\u00edrio Assmann, do PSD, o vereador Alexandre Barros, do PSD, foi eleito vice-presidente; Ast\u00e9ria Kist, do Progressistas assume como secret\u00e1ria, enquanto Jac\u00ed Guarnieri, do Partido dos Trabalhadores ocupar\u00e1 o cargo de 2\u00ba secret\u00e1rio. A posse da nova diretoria do Legislativo Municipal ocorreu automaticamente em 1\u00ba de janeiro.<\/p>\n\n\n\n<p>Ainda durante a \u00faltima sess\u00e3o ordin\u00e1ria de 2025, foram definidas as composi\u00e7\u00f5es das Comiss\u00f5es Permanentes da Casa. A escolha dos cargos de cada vereador nas comiss\u00f5es, presidente, relator e membro, ocorre na primeira reuni\u00e3o do novo ano legislativo. Confira como ficaram formadas as comiss\u00f5es:<\/p>\n\n\n\n<ul class=\"wp-block-list\">\n<li><strong>Comiss\u00e3o de Educa\u00e7\u00e3o, Sa\u00fade e Assist\u00eancia Social<\/strong><\/li>\n<\/ul>\n\n\n\n<p>M\u00e1rio Heck (PSD), Ast\u00e9ria Kist (PP) e Osni Simon (MDB)<\/p>\n\n\n\n<ul class=\"wp-block-list\">\n<li><strong>Comiss\u00e3o de Obras, Servi\u00e7os P\u00fablicos, Ind\u00fastria, Com\u00e9rcio, Agricultura, Meio Ambiente e Turismo<\/strong><\/li>\n<\/ul>\n\n\n\n<p>Jac\u00ed Guarnieri (PT), Alexandre Barros (PSD) e Noiri Kosmann (MDB)<\/p>\n\n\n\n<ul class=\"wp-block-list\">\n<li><strong>Comiss\u00e3o de Finan\u00e7as e Or\u00e7amentos<\/strong><\/li>\n<\/ul>\n\n\n\n<p>M\u00e1rio Heck (PSD), Alexandre Barros (PSD) e Nereu Barth (MDB)<\/p>\n\n\n\n<ul class=\"wp-block-list\">\n<li><strong>Comiss\u00e3o de Legisla\u00e7\u00e3o, Justi\u00e7a e Reda\u00e7\u00e3o Final<\/strong><\/li>\n<\/ul>\n\n\n\n<p>M\u00e1rio Heck (PSD), Ast\u00e9ria Kist (PP) e Nereu Barth (MDB)<\/p>\n\n\n\n<p><\/p>\n","protected":false},"excerpt":{"rendered":"<p>No voto a voto, S\u00edrio Assmann, do PSD foi eleito presidente por cinco votos a quatro, derrotando o candidato do governo, Nereu Jos\u00e9 Barth, do MDB Ipor\u00e3 do Oeste \u2013 Com os votos da bancada de oposi\u00e7\u00e3o, o vereador S\u00edrio Assmann, o Feio, do PSD, foi eleito o novo presidente da C\u00e2mara Municipal de Vereadores<\/p>\n","protected":false},"author":1,"featured_media":8331,"comment_status":"open","ping_status":"open","sticky":false,"template":"","format":"standard","meta":{"footnotes":""},"categories":[41],"tags":[],"class_list":{"0":"post-8330","1":"post","2":"type-post","3":"status-publish","4":"format-standard","5":"has-post-thumbnail","7":"category-noticias"},"_links":{"self":[{"href":"https:\/\/noticiarioregional.com.br\/index.php?rest_route=\/wp\/v2\/posts\/8330","targetHints":{"allow":["GET"]}}],"collection":[{"href":"https:\/\/noticiarioregional.com.br\/index.php?rest_route=\/wp\/v2\/posts"}],"about":[{"href":"https:\/\/noticiarioregional.com.br\/index.php?rest_route=\/wp\/v2\/types\/post"}],"author":[{"embeddable":true,"href":"https:\/\/noticiarioregional.com.br\/index.php?rest_route=\/wp\/v2\/users\/1"}],"replies":[{"embeddable":true,"href":"https:\/\/noticiarioregional.com.br\/index.php?rest_route=%2Fwp%2Fv2%2Fcomments&post=8330"}],"version-history":[{"count":1,"href":"https:\/\/noticiarioregional.com.br\/index.php?rest_route=\/wp\/v2\/posts\/8330\/revisions"}],"predecessor-version":[{"id":8332,"href":"https:\/\/noticiarioregional.com.br\/index.php?rest_route=\/wp\/v2\/posts\/8330\/revisions\/8332"}],"wp:featuredmedia":[{"embeddable":true,"href":"https:\/\/noticiarioregional.com.br\/index.php?rest_route=\/wp\/v2\/media\/8331"}],"wp:attachment":[{"href":"https:\/\/noticiarioregional.com.br\/index.php?rest_route=%2Fwp%2Fv2%2Fmedia&parent=8330"}],"wp:term":[{"taxonomy":"category","embeddable":true,"href":"https:\/\/noticiarioregional.com.br\/index.php?rest_route=%2Fwp%2Fv2%2Fcategories&post=8330"},{"taxonomy":"post_tag","embeddable":true,"href":"https:\/\/noticiarioregional.com.br\/index.php?rest_route=%2Fwp%2Fv2%2Ftags&post=8330"}],"curies":[{"name":"wp","href":"https:\/\/api.w.org\/{rel}","templated":true}]}}