{"id":8333,"date":"2026-01-29T07:33:49","date_gmt":"2026-01-29T10:33:49","guid":{"rendered":"https:\/\/noticiarioregional.com.br\/?p=8333"},"modified":"2026-01-29T07:33:51","modified_gmt":"2026-01-29T10:33:51","slug":"governo-de-caibi-lanca-11-licitacoes-que-somam-mais-de-r-6-milhoes-em-investimentos-para-janeiro","status":"publish","type":"post","link":"https:\/\/noticiarioregional.com.br\/?p=8333","title":{"rendered":"Governo de Caibi lan\u00e7a 11 licita\u00e7\u00f5es que somam mais de R$ 6 milh\u00f5es em investimentos para janeiro"},"content":{"rendered":"\n<p>A Administra\u00e7\u00e3o Municipal de Caibi no m\u00eas de dezembro, realizou o lan\u00e7amento de 11 licita\u00e7\u00f5es que totalizam mais de R$ 6 milh\u00f5es em investimentos previstos para o m\u00eas de janeiro. O pacote de obras contempla diferentes \u00e1reas do munic\u00edpio e tem como objetivo fortalecer a infraestrutura urbana, valorizar espa\u00e7os p\u00fablicos e impulsionar o desenvolvimento econ\u00f4mico e social da cidade.<\/p>\n\n\n\n<p>De acordo com o secret\u00e1rio de Planejamento, Miguel Picolli, as licita\u00e7\u00f5es abrangem uma s\u00e9rie de frentes de atua\u00e7\u00e3o que atendem tanto demandas estruturais quanto projetos voltados \u00e0 qualidade de vida da popula\u00e7\u00e3o. \u201c<em>S\u00e3o investimentos pensados de forma estrat\u00e9gica, que impactam diretamente no crescimento ordenado do munic\u00edpio, na mobilidade urbana e na valoriza\u00e7\u00e3o dos espa\u00e7os de conviv\u00eancia<\/em>\u201d, destacou.<\/p>\n\n\n\n<p>Entre os principais projetos est\u00e1 a reforma completa da Pra\u00e7a Central, um dos cart\u00f5es-postais de Caibi. A proposta prev\u00ea a revitaliza\u00e7\u00e3o dos espa\u00e7os, acessibilidade e moderniza\u00e7\u00e3o da estrutura, proporcionando mais conforto e seguran\u00e7a para moradores e visitantes.<\/p>\n\n\n\n<p>Outro destaque \u00e9 a infraestrutura do Bairro Industrial, que receber\u00e1 investimentos para finaliza\u00e7\u00e3o da infraestrutura para receber industrias. Da mesma forma, o Loteamento Vida Nova ser\u00e1 contemplado com obras de infraestrutura, para aumentar a capacidade de moradias de interesse social.<\/p>\n\n\n\n<p>As reformas nos canteiros do munic\u00edpio tamb\u00e9m fazem parte do pacote de licita\u00e7\u00f5es, com foco na organiza\u00e7\u00e3o e embelezamento das vias p\u00fablicas, contribuindo para a seguran\u00e7a no tr\u00e2nsito e a valoriza\u00e7\u00e3o est\u00e9tica da cidade.<\/p>\n\n\n\n<p>No campo dos equipamentos p\u00fablicos, a Administra\u00e7\u00e3o Municipal prev\u00ea a constru\u00e7\u00e3o do Galp\u00e3o de Eventos no local onde anteriormente funcionava o antigo CTG. O novo espa\u00e7o ser\u00e1 destinado \u00e0 realiza\u00e7\u00e3o de eventos culturais, sociais e comunit\u00e1rios, fortalecendo o calend\u00e1rio de atividades do munic\u00edpio e ampliando as op\u00e7\u00f5es de lazer para a popula\u00e7\u00e3o.<\/p>\n\n\n\n<p>A \u00e1rea esportiva tamb\u00e9m ser\u00e1 beneficiada com obras de pavimenta\u00e7\u00e3o, implanta\u00e7\u00e3o de ciclofaixa e constru\u00e7\u00e3o de cal\u00e7adas no acesso ao Est\u00e1dio Municipal, promovendo mais seguran\u00e7a para pedestres e ciclistas, al\u00e9m de melhorar a mobilidade nos dias de eventos esportivos.<\/p>\n\n\n\n<p>Outro ponto importante \u00e9 a moderniza\u00e7\u00e3o da ilumina\u00e7\u00e3o do Parque da \u00c1gua Mineral, que receber\u00e1 um novo sistema de ilumina\u00e7\u00e3o, garantindo maior visibilidade, seguran\u00e7a e incentivo \u00e0 utiliza\u00e7\u00e3o do espa\u00e7o no per\u00edodo noturno. A ilumina\u00e7\u00e3o ser\u00e1 at\u00e9 o centro da cidade.<\/p>\n\n\n\n<p>Segundo Miguel, o conjunto de licita\u00e7\u00f5es reflete o compromisso da Administra\u00e7\u00e3o Municipal com o planejamento e a execu\u00e7\u00e3o de obras que atendam \u00e0s necessidades da popula\u00e7\u00e3o e preparando Caibi para o futuro. \u201c<em>Estamos trabalhando para que esses projetos saiam do papel e se transformem em benef\u00edcios reais para a comunidade, fortalecendo o desenvolvimento urbano e a qualidade de vida dos caibienses<\/em>\u201d, afirmou.<\/p>\n","protected":false},"excerpt":{"rendered":"<p>A Administra\u00e7\u00e3o Municipal de Caibi no m\u00eas de dezembro, realizou o lan\u00e7amento de 11 licita\u00e7\u00f5es que totalizam mais de R$ 6 milh\u00f5es em investimentos previstos para o m\u00eas de janeiro. O pacote de obras contempla diferentes \u00e1reas do munic\u00edpio e tem como objetivo fortalecer a infraestrutura urbana, valorizar espa\u00e7os p\u00fablicos e impulsionar o desenvolvimento econ\u00f4mico<\/p>\n","protected":false},"author":1,"featured_media":8334,"comment_status":"open","ping_status":"open","sticky":false,"template":"","format":"standard","meta":{"footnotes":""},"categories":[41],"tags":[],"class_list":{"0":"post-8333","1":"post","2":"type-post","3":"status-publish","4":"format-standard","5":"has-post-thumbnail","7":"category-noticias"},"_links":{"self":[{"href":"https:\/\/noticiarioregional.com.br\/index.php?rest_route=\/wp\/v2\/posts\/8333","targetHints":{"allow":["GET"]}}],"collection":[{"href":"https:\/\/noticiarioregional.com.br\/index.php?rest_route=\/wp\/v2\/posts"}],"about":[{"href":"https:\/\/noticiarioregional.com.br\/index.php?rest_route=\/wp\/v2\/types\/post"}],"author":[{"embeddable":true,"href":"https:\/\/noticiarioregional.com.br\/index.php?rest_route=\/wp\/v2\/users\/1"}],"replies":[{"embeddable":true,"href":"https:\/\/noticiarioregional.com.br\/index.php?rest_route=%2Fwp%2Fv2%2Fcomments&post=8333"}],"version-history":[{"count":1,"href":"https:\/\/noticiarioregional.com.br\/index.php?rest_route=\/wp\/v2\/posts\/8333\/revisions"}],"predecessor-version":[{"id":8335,"href":"https:\/\/noticiarioregional.com.br\/index.php?rest_route=\/wp\/v2\/posts\/8333\/revisions\/8335"}],"wp:featuredmedia":[{"embeddable":true,"href":"https:\/\/noticiarioregional.com.br\/index.php?rest_route=\/wp\/v2\/media\/8334"}],"wp:attachment":[{"href":"https:\/\/noticiarioregional.com.br\/index.php?rest_route=%2Fwp%2Fv2%2Fmedia&parent=8333"}],"wp:term":[{"taxonomy":"category","embeddable":true,"href":"https:\/\/noticiarioregional.com.br\/index.php?rest_route=%2Fwp%2Fv2%2Fcategories&post=8333"},{"taxonomy":"post_tag","embeddable":true,"href":"https:\/\/noticiarioregional.com.br\/index.php?rest_route=%2Fwp%2Fv2%2Ftags&post=8333"}],"curies":[{"name":"wp","href":"https:\/\/api.w.org\/{rel}","templated":true}]}}