{"id":8336,"date":"2026-01-29T07:35:23","date_gmt":"2026-01-29T10:35:23","guid":{"rendered":"https:\/\/noticiarioregional.com.br\/?p=8336"},"modified":"2026-01-29T07:35:25","modified_gmt":"2026-01-29T10:35:25","slug":"prefeito-jair-giumbelli-assina-ordem-de-servico-para-construcao-de-casas-populares","status":"publish","type":"post","link":"https:\/\/noticiarioregional.com.br\/?p=8336","title":{"rendered":"Prefeito Jair Giumbelli assina ordem de servi\u00e7o para constru\u00e7\u00e3o de Casas Populares"},"content":{"rendered":"\n<p><strong>Belmonte &#8211;<\/strong> Na manh\u00e3 do dia 19 de dezembro o prefeito Jair Giumbelli recebeu em seu gabinete representantes da empresa vencedora do processo licitat\u00f3rio para a assinatura da ordem de servi\u00e7o, que autoriza o in\u00edcio das obras de constru\u00e7\u00e3o de casas populares por meio do Programa Casa Catarina.<\/p>\n\n\n\n<p>Ao todo, ser\u00e3o 12 unidades habitacionais, que representam um investimento de aproximadamente R$ 1,1 milh\u00e3o em habita\u00e7\u00e3o. O projeto tem como objetivo reduzir o d\u00e9ficit habitacional do munic\u00edpio e beneficiar fam\u00edlias belmontenses com a casa pr\u00f3pria. Se enquadram fam\u00edlias com renda familiar de at\u00e9 quatro sal\u00e1rios m\u00ednimos.<\/p>\n\n\n\n<p>O prefeito Jair Giumbelli comemorou a assinatura da ordem de servi\u00e7o e destacou que as obras devem iniciar j\u00e1 no m\u00eas de janeiro, e espera que a conclus\u00e3o e entrega \u00e0s fam\u00edlias ocorra ainda em 2026. Segundo ele, a iniciativa refor\u00e7a o compromisso da administra\u00e7\u00e3o municipal em garantir dignidade, seguran\u00e7a e moradia de qualidade \u00e0 popula\u00e7\u00e3o.<\/p>\n","protected":false},"excerpt":{"rendered":"<p>Belmonte &#8211; Na manh\u00e3 do dia 19 de dezembro o prefeito Jair Giumbelli recebeu em seu gabinete representantes da empresa vencedora do processo licitat\u00f3rio para a assinatura da ordem de servi\u00e7o, que autoriza o in\u00edcio das obras de constru\u00e7\u00e3o de casas populares por meio do Programa Casa Catarina. Ao todo, ser\u00e3o 12 unidades habitacionais, que<\/p>\n","protected":false},"author":1,"featured_media":8337,"comment_status":"open","ping_status":"open","sticky":false,"template":"","format":"standard","meta":{"footnotes":""},"categories":[41],"tags":[],"class_list":{"0":"post-8336","1":"post","2":"type-post","3":"status-publish","4":"format-standard","5":"has-post-thumbnail","7":"category-noticias"},"_links":{"self":[{"href":"https:\/\/noticiarioregional.com.br\/index.php?rest_route=\/wp\/v2\/posts\/8336","targetHints":{"allow":["GET"]}}],"collection":[{"href":"https:\/\/noticiarioregional.com.br\/index.php?rest_route=\/wp\/v2\/posts"}],"about":[{"href":"https:\/\/noticiarioregional.com.br\/index.php?rest_route=\/wp\/v2\/types\/post"}],"author":[{"embeddable":true,"href":"https:\/\/noticiarioregional.com.br\/index.php?rest_route=\/wp\/v2\/users\/1"}],"replies":[{"embeddable":true,"href":"https:\/\/noticiarioregional.com.br\/index.php?rest_route=%2Fwp%2Fv2%2Fcomments&post=8336"}],"version-history":[{"count":1,"href":"https:\/\/noticiarioregional.com.br\/index.php?rest_route=\/wp\/v2\/posts\/8336\/revisions"}],"predecessor-version":[{"id":8338,"href":"https:\/\/noticiarioregional.com.br\/index.php?rest_route=\/wp\/v2\/posts\/8336\/revisions\/8338"}],"wp:featuredmedia":[{"embeddable":true,"href":"https:\/\/noticiarioregional.com.br\/index.php?rest_route=\/wp\/v2\/media\/8337"}],"wp:attachment":[{"href":"https:\/\/noticiarioregional.com.br\/index.php?rest_route=%2Fwp%2Fv2%2Fmedia&parent=8336"}],"wp:term":[{"taxonomy":"category","embeddable":true,"href":"https:\/\/noticiarioregional.com.br\/index.php?rest_route=%2Fwp%2Fv2%2Fcategories&post=8336"},{"taxonomy":"post_tag","embeddable":true,"href":"https:\/\/noticiarioregional.com.br\/index.php?rest_route=%2Fwp%2Fv2%2Ftags&post=8336"}],"curies":[{"name":"wp","href":"https:\/\/api.w.org\/{rel}","templated":true}]}}