{"id":8355,"date":"2026-01-29T07:50:13","date_gmt":"2026-01-29T10:50:13","guid":{"rendered":"https:\/\/noticiarioregional.com.br\/?p=8355"},"modified":"2026-01-29T07:50:14","modified_gmt":"2026-01-29T10:50:14","slug":"produtores-estao-satisfeitos-com-rendimento-e-qualidade-da-silagem","status":"publish","type":"post","link":"https:\/\/noticiarioregional.com.br\/?p=8355","title":{"rendered":"Produtores est\u00e3o satisfeitos com rendimento e qualidade da silagem"},"content":{"rendered":"\n<p class=\"has-large-font-size\"><em>Clima ideal, ponto certo de corte e investimentos na safra<\/em> <em>garantem bons resultados<\/em><\/p>\n\n\n\n<p><strong>Ipor\u00e3 do Oeste \u2013<\/strong> A fam\u00edlia Biesdorf da Linha Monte Maria realizou nos dias 10 e 11 de janeiro a colheita do milho destinado para confec\u00e7\u00e3o de silagem. Neste per\u00edodo do ano, devido \u00e0 grande demanda, o servi\u00e7o das m\u00e1quinas que fazem a confec\u00e7\u00e3o da silagem \u00e9 disputado, e o ponto certo de corte faz toda diferen\u00e7a no produto final.<\/p>\n\n\n\n<p>Na propriedade, trabalham na atividade leiteira Celito e sua esposa Senaide, e os filhos Gustavo e Gabriel Biesdorf, que d\u00e3o continuidade a produ\u00e7\u00e3o iniciada ainda pelo av\u00f4 Albano, e que hoje est\u00e1 na terceira gera\u00e7\u00e3o com os netos. O trabalho conta com o aux\u00edlio da fam\u00edlia do irm\u00e3o de Celito, Enio Biesdorf. A silagem \u00e9 o alimento principal na dieta do plantel de cerca de 50 vacas, al\u00e9m das novilhas. O sistema de produ\u00e7\u00e3o utilizado \u00e9 o confinamento, em que os animais recebem como complemento o trato da ra\u00e7\u00e3o e feno. Este ano foram destinados para silagem 17 hectares de milho cultivados na \u00e1rea da pr\u00f3pria fam\u00edlia, e mais quatro hectares de milho adquiridos de outro produtor, garantindo alimenta\u00e7\u00e3o suficiente at\u00e9 a pr\u00f3xima safra.<\/p>\n\n\n\n<p>O plantio do milho ocorreu em setembro do ano passado. Para os produtores, o clima foi favor\u00e1vel para o bom desenvolvimento da cultura, com chuvas frequentes e sem intemp\u00e9ries clim\u00e1ticas, garantindo espigas com bom percentual de amido e plantas grandes que renderam uma boa massa verde para o trato dos animais. Aliado a isso, est\u00e3o os investimentos que os produtores realizaram desde o preparo do solo com as an\u00e1lises e corre\u00e7\u00e3o, e depois no plantio das sementes com a escolha de uma variedade ideal para a silagem, e o ponto de corte, que \u00e9 a colheita do milho no momento certo. O manejo no fechamento dos silos, com a correta compacta\u00e7\u00e3o do pasto, tamb\u00e9m \u00e9 outro fator que interfere na qualidade do alimento.<\/p>\n\n\n\n<p>Agora, as \u00e1reas do milho para silagem d\u00e3o espa\u00e7o para a aduba\u00e7\u00e3o com esterco e ap\u00f3s a cobertura verde, que permanecer\u00e1 at\u00e9 depois do inverno, fortalecendo o solo para o plantio da pr\u00f3xima safra, em meados de agosto e setembro. O manejo de conserva\u00e7\u00e3o \u00e9 adotado pelos produtores h\u00e1 v\u00e1rios anos, e os resultados desse per\u00edodo de descanso e recupera\u00e7\u00e3o do solo tem sido percebidos na pr\u00e1tica com a melhora na produ\u00e7\u00e3o, al\u00e9m de auxiliar no controle de ervas daninhas e na rota\u00e7\u00e3o de cultura.<\/p>\n","protected":false},"excerpt":{"rendered":"<p>Clima ideal, ponto certo de corte e investimentos na safra garantem bons resultados Ipor\u00e3 do Oeste \u2013 A fam\u00edlia Biesdorf da Linha Monte Maria realizou nos dias 10 e 11 de janeiro a colheita do milho destinado para confec\u00e7\u00e3o de silagem. Neste per\u00edodo do ano, devido \u00e0 grande demanda, o servi\u00e7o das m\u00e1quinas que fazem<\/p>\n","protected":false},"author":1,"featured_media":8356,"comment_status":"open","ping_status":"open","sticky":false,"template":"","format":"standard","meta":{"footnotes":""},"categories":[41],"tags":[],"class_list":{"0":"post-8355","1":"post","2":"type-post","3":"status-publish","4":"format-standard","5":"has-post-thumbnail","7":"category-noticias"},"_links":{"self":[{"href":"https:\/\/noticiarioregional.com.br\/index.php?rest_route=\/wp\/v2\/posts\/8355","targetHints":{"allow":["GET"]}}],"collection":[{"href":"https:\/\/noticiarioregional.com.br\/index.php?rest_route=\/wp\/v2\/posts"}],"about":[{"href":"https:\/\/noticiarioregional.com.br\/index.php?rest_route=\/wp\/v2\/types\/post"}],"author":[{"embeddable":true,"href":"https:\/\/noticiarioregional.com.br\/index.php?rest_route=\/wp\/v2\/users\/1"}],"replies":[{"embeddable":true,"href":"https:\/\/noticiarioregional.com.br\/index.php?rest_route=%2Fwp%2Fv2%2Fcomments&post=8355"}],"version-history":[{"count":1,"href":"https:\/\/noticiarioregional.com.br\/index.php?rest_route=\/wp\/v2\/posts\/8355\/revisions"}],"predecessor-version":[{"id":8357,"href":"https:\/\/noticiarioregional.com.br\/index.php?rest_route=\/wp\/v2\/posts\/8355\/revisions\/8357"}],"wp:featuredmedia":[{"embeddable":true,"href":"https:\/\/noticiarioregional.com.br\/index.php?rest_route=\/wp\/v2\/media\/8356"}],"wp:attachment":[{"href":"https:\/\/noticiarioregional.com.br\/index.php?rest_route=%2Fwp%2Fv2%2Fmedia&parent=8355"}],"wp:term":[{"taxonomy":"category","embeddable":true,"href":"https:\/\/noticiarioregional.com.br\/index.php?rest_route=%2Fwp%2Fv2%2Fcategories&post=8355"},{"taxonomy":"post_tag","embeddable":true,"href":"https:\/\/noticiarioregional.com.br\/index.php?rest_route=%2Fwp%2Fv2%2Ftags&post=8355"}],"curies":[{"name":"wp","href":"https:\/\/api.w.org\/{rel}","templated":true}]}}