{"id":8358,"date":"2026-01-29T07:53:15","date_gmt":"2026-01-29T10:53:15","guid":{"rendered":"https:\/\/noticiarioregional.com.br\/?p=8358"},"modified":"2026-01-29T07:53:17","modified_gmt":"2026-01-29T10:53:17","slug":"presidente-destaca-planejamento-de-obras-e-investimentos-no-hospital-durante-o-ano","status":"publish","type":"post","link":"https:\/\/noticiarioregional.com.br\/?p=8358","title":{"rendered":"Presidente destaca planejamento de obras e investimentos no hospital durante o ano"},"content":{"rendered":"\n<p><strong>Ipor\u00e3 do Oeste \u2013<\/strong> O hospital Nossa Senhora das Merc\u00eas segue com obras j\u00e1 em andamento e outras previstas ao longo do ano, com o objetivo de ampliar a estrutura e melhorar o atendimento, tanto da popula\u00e7\u00e3o local como de pacientes de toda regi\u00e3o atendidos pela institui\u00e7\u00e3o.<\/p>\n\n\n\n<p>O presidente do hospital, M\u00e1rio Klamt <strong><em>(foto detalhe)<\/em><\/strong>, destaca que uma das obras mais significativas, o Centro de Repouso de Idosos, em constru\u00e7\u00e3o no terreno ao lado da institui\u00e7\u00e3o, est\u00e1 com quatro das cinco alas j\u00e1 cobertas, com a coloca\u00e7\u00e3o do telhado conclu\u00edda, restando a \u00faltima ala. Comenta que a comiss\u00e3o respons\u00e1vel pela obra est\u00e1 avaliando o andamento da etapa seguinte da obra, que corresponde ao reboco da estrutura como um todo ou focando nos dois blocos da frente, para conclus\u00e3o destas alas.<\/p>\n\n\n\n<figure class=\"wp-block-image size-large\"><img fetchpriority=\"high\" decoding=\"async\" width=\"1024\" height=\"683\" src=\"https:\/\/noticiarioregional.com.br\/wp-content\/uploads\/2026\/01\/Presidente-do-hospital-Mario-Klamt-1024x683.jpg\" alt=\"\" class=\"wp-image-8359\" srcset=\"https:\/\/noticiarioregional.com.br\/wp-content\/uploads\/2026\/01\/Presidente-do-hospital-Mario-Klamt-1024x683.jpg 1024w, https:\/\/noticiarioregional.com.br\/wp-content\/uploads\/2026\/01\/Presidente-do-hospital-Mario-Klamt-300x200.jpg 300w, https:\/\/noticiarioregional.com.br\/wp-content\/uploads\/2026\/01\/Presidente-do-hospital-Mario-Klamt-768x512.jpg 768w, https:\/\/noticiarioregional.com.br\/wp-content\/uploads\/2026\/01\/Presidente-do-hospital-Mario-Klamt-1536x1024.jpg 1536w, https:\/\/noticiarioregional.com.br\/wp-content\/uploads\/2026\/01\/Presidente-do-hospital-Mario-Klamt-2048x1365.jpg 2048w, https:\/\/noticiarioregional.com.br\/wp-content\/uploads\/2026\/01\/Presidente-do-hospital-Mario-Klamt-150x100.jpg 150w, https:\/\/noticiarioregional.com.br\/wp-content\/uploads\/2026\/01\/Presidente-do-hospital-Mario-Klamt-450x300.jpg 450w, https:\/\/noticiarioregional.com.br\/wp-content\/uploads\/2026\/01\/Presidente-do-hospital-Mario-Klamt-1200x800.jpg 1200w\" sizes=\"(max-width: 1024px) 100vw, 1024px\" \/><figcaption class=\"wp-element-caption\"><em>Presidente do hospital, M\u00e1rio Klamt<\/em><\/figcaption><\/figure>\n\n\n\n<p>Com o objetivo de garantir maior seguran\u00e7a a todos que frequentam o hospital, e tamb\u00e9m possibilitar o melhor controle das entradas e sa\u00eddas, M\u00e1rio ressalta que est\u00e1 sendo estudada a possibilidade de cercamento do terreno, contemplando tamb\u00e9m a \u00e1rea onde est\u00e1 sendo constru\u00eddo o Centro de Repouso.<\/p>\n\n\n\n<p>Na ter\u00e7a-feira, 20, o presidente cita que foi feita a mudan\u00e7a do aparelho de Raio X para uma nova sala, o que faz parte da reestrutura\u00e7\u00e3o interna j\u00e1 prevendo a instala\u00e7\u00e3o de um novo aparelho, o tom\u00f3grafo, na sala nova em constru\u00e7\u00e3o, entre os dois blocos. M\u00e1rio lembra que j\u00e1 est\u00e1 sendo encaminhado o treinamento para os funcion\u00e1rios que ir\u00e3o operar estes novos aparelhos. Al\u00e9m disso, o profissional m\u00e9dico do hospital ir\u00e1 participar nos pr\u00f3ximos dias de capacita\u00e7\u00e3o t\u00e9cnica para colocar em funcionamento o aparelho de ultrassom. Ainda na equipe de profissionais, o hospital de Ipor\u00e3 do Oeste passa a contar com atendimento de pediatra, uma vez por semana.<\/p>\n\n\n\n<figure class=\"wp-block-image size-large\"><img decoding=\"async\" width=\"1024\" height=\"683\" src=\"https:\/\/noticiarioregional.com.br\/wp-content\/uploads\/2026\/01\/Nova-sala-em-construcao-entre-os-dois-blocos-do-hospital-1024x683.jpg\" alt=\"\" class=\"wp-image-8360\" srcset=\"https:\/\/noticiarioregional.com.br\/wp-content\/uploads\/2026\/01\/Nova-sala-em-construcao-entre-os-dois-blocos-do-hospital-1024x683.jpg 1024w, https:\/\/noticiarioregional.com.br\/wp-content\/uploads\/2026\/01\/Nova-sala-em-construcao-entre-os-dois-blocos-do-hospital-300x200.jpg 300w, https:\/\/noticiarioregional.com.br\/wp-content\/uploads\/2026\/01\/Nova-sala-em-construcao-entre-os-dois-blocos-do-hospital-768x512.jpg 768w, https:\/\/noticiarioregional.com.br\/wp-content\/uploads\/2026\/01\/Nova-sala-em-construcao-entre-os-dois-blocos-do-hospital-1536x1024.jpg 1536w, https:\/\/noticiarioregional.com.br\/wp-content\/uploads\/2026\/01\/Nova-sala-em-construcao-entre-os-dois-blocos-do-hospital-2048x1365.jpg 2048w, https:\/\/noticiarioregional.com.br\/wp-content\/uploads\/2026\/01\/Nova-sala-em-construcao-entre-os-dois-blocos-do-hospital-150x100.jpg 150w, https:\/\/noticiarioregional.com.br\/wp-content\/uploads\/2026\/01\/Nova-sala-em-construcao-entre-os-dois-blocos-do-hospital-450x300.jpg 450w, https:\/\/noticiarioregional.com.br\/wp-content\/uploads\/2026\/01\/Nova-sala-em-construcao-entre-os-dois-blocos-do-hospital-1200x800.jpg 1200w\" sizes=\"(max-width: 1024px) 100vw, 1024px\" \/><figcaption class=\"wp-element-caption\"><em>Nova sala em constru\u00e7\u00e3o entre os dois blocos do hospita<\/em>l<\/figcaption><\/figure>\n\n\n\n<p>Ainda com rela\u00e7\u00e3o a obras, o presidente explica que est\u00e1 prevista a constru\u00e7\u00e3o de uma nova ala administrativa, para a qual o projeto j\u00e1 est\u00e1 pronto, com recursos do deputado Matheus Cadorin, no valor de R$ 300 mil. Em virtude das obras em andamento, M\u00e1rio ressalta que est\u00e1 previsto o ajardinamento do p\u00e1tio, com plantio de grama e limpeza em geral. Tamb\u00e9m ser\u00e1 feita a mudan\u00e7a e reforma do ambiente para instala\u00e7\u00e3o definitiva do aparelho de endoscopia. O presidente enfatiza que o per\u00edodo tamb\u00e9m \u00e9 de busca de recursos para garantir o valor necess\u00e1rio para os investimentos.<\/p>\n\n\n\n<p>Para o m\u00eas de fevereiro est\u00e1 prevista a retomada das cirurgias eletivas, com consultas e cirurgias na \u00e1rea de oftalmologia da semana de 05 a 13 de fevereiro, no dia 16 consultas em cirurgias gerais, dia 23 cirurgia geral, de 23 a 27 de fevereiro procedimentos de oftalmologia e dia 25 de fevereiro de ortopedia. Ainda em fevereiro ser\u00e1 realizada a assembleia para a elei\u00e7\u00e3o da nova diretoria do hospital, para o mandato de dois anos.<\/p>\n","protected":false},"excerpt":{"rendered":"<p>Ipor\u00e3 do Oeste \u2013 O hospital Nossa Senhora das Merc\u00eas segue com obras j\u00e1 em andamento e outras previstas ao longo do ano, com o objetivo de ampliar a estrutura e melhorar o atendimento, tanto da popula\u00e7\u00e3o local como de pacientes de toda regi\u00e3o atendidos pela institui\u00e7\u00e3o. O presidente do hospital, M\u00e1rio Klamt (foto detalhe),<\/p>\n","protected":false},"author":1,"featured_media":8361,"comment_status":"open","ping_status":"open","sticky":false,"template":"","format":"standard","meta":{"footnotes":""},"categories":[41],"tags":[],"class_list":{"0":"post-8358","1":"post","2":"type-post","3":"status-publish","4":"format-standard","5":"has-post-thumbnail","7":"category-noticias"},"_links":{"self":[{"href":"https:\/\/noticiarioregional.com.br\/index.php?rest_route=\/wp\/v2\/posts\/8358","targetHints":{"allow":["GET"]}}],"collection":[{"href":"https:\/\/noticiarioregional.com.br\/index.php?rest_route=\/wp\/v2\/posts"}],"about":[{"href":"https:\/\/noticiarioregional.com.br\/index.php?rest_route=\/wp\/v2\/types\/post"}],"author":[{"embeddable":true,"href":"https:\/\/noticiarioregional.com.br\/index.php?rest_route=\/wp\/v2\/users\/1"}],"replies":[{"embeddable":true,"href":"https:\/\/noticiarioregional.com.br\/index.php?rest_route=%2Fwp%2Fv2%2Fcomments&post=8358"}],"version-history":[{"count":1,"href":"https:\/\/noticiarioregional.com.br\/index.php?rest_route=\/wp\/v2\/posts\/8358\/revisions"}],"predecessor-version":[{"id":8362,"href":"https:\/\/noticiarioregional.com.br\/index.php?rest_route=\/wp\/v2\/posts\/8358\/revisions\/8362"}],"wp:featuredmedia":[{"embeddable":true,"href":"https:\/\/noticiarioregional.com.br\/index.php?rest_route=\/wp\/v2\/media\/8361"}],"wp:attachment":[{"href":"https:\/\/noticiarioregional.com.br\/index.php?rest_route=%2Fwp%2Fv2%2Fmedia&parent=8358"}],"wp:term":[{"taxonomy":"category","embeddable":true,"href":"https:\/\/noticiarioregional.com.br\/index.php?rest_route=%2Fwp%2Fv2%2Fcategories&post=8358"},{"taxonomy":"post_tag","embeddable":true,"href":"https:\/\/noticiarioregional.com.br\/index.php?rest_route=%2Fwp%2Fv2%2Ftags&post=8358"}],"curies":[{"name":"wp","href":"https:\/\/api.w.org\/{rel}","templated":true}]}}