{"id":8363,"date":"2026-01-29T07:58:54","date_gmt":"2026-01-29T10:58:54","guid":{"rendered":"https:\/\/noticiarioregional.com.br\/?p=8363"},"modified":"2026-01-29T07:58:55","modified_gmt":"2026-01-29T10:58:55","slug":"mondai-avanca-em-obras-de-pavimentacao-asfaltica-e-amplia-infraestrutura-urbana-em-diferentes-bairros","status":"publish","type":"post","link":"https:\/\/noticiarioregional.com.br\/?p=8363","title":{"rendered":"Monda\u00ed avan\u00e7a em obras de pavimenta\u00e7\u00e3o asf\u00e1ltica e amplia infraestrutura urbana em diferentes bairros"},"content":{"rendered":"\n<p>O munic\u00edpio de Monda\u00ed segue investindo de forma significativa na melhoria da infraestrutura urbana, com a execu\u00e7\u00e3o de importantes obras de pavimenta\u00e7\u00e3o asf\u00e1ltica em diferentes pontos da cidade, atrav\u00e9s do Conder. As informa\u00e7\u00f5es foram repassadas pelo engenheiro civil da Administra\u00e7\u00e3o Municipal, Jullyan Alberti, que detalhou o andamento dos trabalhos, as \u00e1reas contempladas e os valores aplicados em cada etapa.<\/p>\n\n\n\n<p>Uma das frentes mais expressivas est\u00e1 concentrada na \u00e1rea do Parque da \u00c1rea de Lazer, cujas obras tiveram in\u00edcio ainda no ano passado e se aproximam da conclus\u00e3o. Conforme o engenheiro, a previs\u00e3o da finaliza\u00e7\u00e3o era na \u00faltima quarta-feira, 21. O projeto contempla uma \u00e1rea total de 13.150 metros quadrados, abrangendo toda a regi\u00e3o entre os pavilh\u00f5es, o trecho de liga\u00e7\u00e3o at\u00e9 o bar e restaurante, os quiosques localizados na parte inferior e o acesso ao rio, al\u00e9m da \u00e1rea onde tradicionalmente ocorre a queima de fogos.<\/p>\n\n\n\n<p>No local, est\u00e1 sendo aplicada uma camada asf\u00e1ltica com espessura de seis cent\u00edmetros, garantindo maior durabilidade e qualidade ao pavimento. O investimento nesta etapa soma R$ 1.414.598,33.<\/p>\n\n\n\n<p>Outra obra em andamento \u00e9 na Rua Barra do Laju, onde j\u00e1 foi executada a primeira fase dos trabalhos, com a reperfilagem da via utilizando motoniveladora. A \u00e1rea pavimentada nesta etapa corresponde a 2.500 metros quadrados. A previs\u00e3o \u00e9 de que a aplica\u00e7\u00e3o da segunda camada, a chamada capa de rolamento, com 7 cent\u00edmetros de espessura, ocorra nos pr\u00f3ximos dias, concluindo o servi\u00e7o e deixando a via em plenas condi\u00e7\u00f5es de uso. O valor investido nesta obra \u00e9 de R$ 297.148,06.<\/p>\n\n\n\n<p>No Bairro Bela Vista, a pavimenta\u00e7\u00e3o contempla a Rua Francisco Rodrigues e a via que atravessa a Jo\u00e3o Maria Piazza, integrando um \u00fanico pacote de obras. Ao todo, s\u00e3o 1.580 metros quadrados de \u00e1rea pavimentada, tamb\u00e9m com camada de 7 cent\u00edmetros de espessura, o que assegura maior resist\u00eancia ao tr\u00e1fego e \u00e0s intemp\u00e9ries. O investimento neste trecho soma R$ 159.047,45.<\/p>\n\n\n\n<p>J\u00e1 no Bairro Capivara, as melhorias abrangem tr\u00eas importantes vias: Rua S\u00e3o Pedro, Rua S\u00e3o Paulo e Rua Santa Maria. Atualmente, as equipes executam a primeira camada de reperfilagem, preparando a base para, em breve, receber a capa de rolamento definitiva, igualmente com 7 cent\u00edmetros de espessura. A soma das tr\u00eas ruas totaliza 2.544 metros quadrados de pavimenta\u00e7\u00e3o, com investimento de R$ 301.665,67.<\/p>\n\n\n\n<p>De acordo com Jullyan Alberti, o cronograma segue dentro do previsto e as etapas est\u00e3o sendo executadas de forma t\u00e9cnica e planejada, garantindo qualidade nas obras e maior vida \u00fatil ao pavimento. \u201c<em>S\u00e3o investimentos que refletem diretamente na mobilidade urbana, no conforto da popula\u00e7\u00e3o e na valoriza\u00e7\u00e3o dos bairros atendidos<\/em>\u201d, destaca o engenheiro.<\/p>\n","protected":false},"excerpt":{"rendered":"<p>O munic\u00edpio de Monda\u00ed segue investindo de forma significativa na melhoria da infraestrutura urbana, com a execu\u00e7\u00e3o de importantes obras de pavimenta\u00e7\u00e3o asf\u00e1ltica em diferentes pontos da cidade, atrav\u00e9s do Conder. As informa\u00e7\u00f5es foram repassadas pelo engenheiro civil da Administra\u00e7\u00e3o Municipal, Jullyan Alberti, que detalhou o andamento dos trabalhos, as \u00e1reas contempladas e os valores<\/p>\n","protected":false},"author":1,"featured_media":8366,"comment_status":"open","ping_status":"open","sticky":false,"template":"","format":"standard","meta":{"footnotes":""},"categories":[41],"tags":[],"class_list":{"0":"post-8363","1":"post","2":"type-post","3":"status-publish","4":"format-standard","5":"has-post-thumbnail","7":"category-noticias"},"_links":{"self":[{"href":"https:\/\/noticiarioregional.com.br\/index.php?rest_route=\/wp\/v2\/posts\/8363","targetHints":{"allow":["GET"]}}],"collection":[{"href":"https:\/\/noticiarioregional.com.br\/index.php?rest_route=\/wp\/v2\/posts"}],"about":[{"href":"https:\/\/noticiarioregional.com.br\/index.php?rest_route=\/wp\/v2\/types\/post"}],"author":[{"embeddable":true,"href":"https:\/\/noticiarioregional.com.br\/index.php?rest_route=\/wp\/v2\/users\/1"}],"replies":[{"embeddable":true,"href":"https:\/\/noticiarioregional.com.br\/index.php?rest_route=%2Fwp%2Fv2%2Fcomments&post=8363"}],"version-history":[{"count":1,"href":"https:\/\/noticiarioregional.com.br\/index.php?rest_route=\/wp\/v2\/posts\/8363\/revisions"}],"predecessor-version":[{"id":8367,"href":"https:\/\/noticiarioregional.com.br\/index.php?rest_route=\/wp\/v2\/posts\/8363\/revisions\/8367"}],"wp:featuredmedia":[{"embeddable":true,"href":"https:\/\/noticiarioregional.com.br\/index.php?rest_route=\/wp\/v2\/media\/8366"}],"wp:attachment":[{"href":"https:\/\/noticiarioregional.com.br\/index.php?rest_route=%2Fwp%2Fv2%2Fmedia&parent=8363"}],"wp:term":[{"taxonomy":"category","embeddable":true,"href":"https:\/\/noticiarioregional.com.br\/index.php?rest_route=%2Fwp%2Fv2%2Fcategories&post=8363"},{"taxonomy":"post_tag","embeddable":true,"href":"https:\/\/noticiarioregional.com.br\/index.php?rest_route=%2Fwp%2Fv2%2Ftags&post=8363"}],"curies":[{"name":"wp","href":"https:\/\/api.w.org\/{rel}","templated":true}]}}