{"id":8368,"date":"2026-01-29T08:01:32","date_gmt":"2026-01-29T11:01:32","guid":{"rendered":"https:\/\/noticiarioregional.com.br\/?p=8368"},"modified":"2026-01-29T08:01:34","modified_gmt":"2026-01-29T11:01:34","slug":"zucchi-ferramentas-e-solucoes-inicia-atendimento-em-ipora-do-oeste","status":"publish","type":"post","link":"https:\/\/noticiarioregional.com.br\/?p=8368","title":{"rendered":"Zucchi Ferramentas e Solu\u00e7\u00f5es inicia atendimento em Ipor\u00e3 do Oeste"},"content":{"rendered":"\n<p><em>Loja est\u00e1 localizada na Rua Sete de Setembro,<\/em> <em>na sa\u00edda para Linha Taquarussu<\/em><\/p>\n\n\n\n<p><strong>Ipor\u00e3 do Oeste<\/strong> \u2013 A partir deste m\u00eas Ipor\u00e3 do Oeste passa a contar com uma nova loja no ramo de ferramentas em geral, com foco no setor agr\u00edcola. A Zucchi Ferramentas e Solu\u00e7\u00f5es, de propriedade do casal Elizandro e Geneci Zucchi, est\u00e1 situada na Rua Sete de Setembro, n\u00famero 1231, na sa\u00edda para Linha Taquarussu, pr\u00f3ximo as caixas de \u00e1gua da Casan.<\/p>\n\n\n\n<p>Os empreendedores s\u00e3o naturais de Belmonte, e por conta da demanda que perceberam, escolheram Ipor\u00e3 do Oeste para residir e tamb\u00e9m investir. Elizandro tem ampla experi\u00eancia na pr\u00e1tica agr\u00edcola e no manejo de m\u00e1quinas e implementos agr\u00edcolas.<\/p>\n\n\n\n<p>A Zucchi Ferramentas e Solu\u00e7\u00f5es oferece uma ampla linha de parafusos, rolamentos, porcas, arruelas, retentores, ferramentas manuais e el\u00e9tricas, todas de marcas renomadas no mercado. Tamb\u00e9m realiza pedidos de ferramentas conforme a necessidade do cliente, e disp\u00f5e de plant\u00e3o 24h com entrega dos produtos.<\/p>\n\n\n\n<p>O atendimento \u00e9 de segunda a sexta-feira das 7h30 \u00e0s 11h30, e das 13h30 \u00e0s 18h, e aos s\u00e1bados das 8h \u00e0s 12h. O telefone\/whatsaapp de contato \u00e9 o (49) 991463658.<\/p>\n\n\n\n<figure class=\"wp-block-image size-large\"><img fetchpriority=\"high\" decoding=\"async\" width=\"1024\" height=\"683\" src=\"https:\/\/noticiarioregional.com.br\/wp-content\/uploads\/2026\/01\/Proprietarios-Geneci-e-Elizandro-Zucchi-1024x683.jpg\" alt=\"\" class=\"wp-image-8370\" srcset=\"https:\/\/noticiarioregional.com.br\/wp-content\/uploads\/2026\/01\/Proprietarios-Geneci-e-Elizandro-Zucchi-1024x683.jpg 1024w, https:\/\/noticiarioregional.com.br\/wp-content\/uploads\/2026\/01\/Proprietarios-Geneci-e-Elizandro-Zucchi-300x200.jpg 300w, https:\/\/noticiarioregional.com.br\/wp-content\/uploads\/2026\/01\/Proprietarios-Geneci-e-Elizandro-Zucchi-768x512.jpg 768w, https:\/\/noticiarioregional.com.br\/wp-content\/uploads\/2026\/01\/Proprietarios-Geneci-e-Elizandro-Zucchi-1536x1024.jpg 1536w, https:\/\/noticiarioregional.com.br\/wp-content\/uploads\/2026\/01\/Proprietarios-Geneci-e-Elizandro-Zucchi-2048x1365.jpg 2048w, https:\/\/noticiarioregional.com.br\/wp-content\/uploads\/2026\/01\/Proprietarios-Geneci-e-Elizandro-Zucchi-150x100.jpg 150w, https:\/\/noticiarioregional.com.br\/wp-content\/uploads\/2026\/01\/Proprietarios-Geneci-e-Elizandro-Zucchi-450x300.jpg 450w, https:\/\/noticiarioregional.com.br\/wp-content\/uploads\/2026\/01\/Proprietarios-Geneci-e-Elizandro-Zucchi-1200x800.jpg 1200w\" sizes=\"(max-width: 1024px) 100vw, 1024px\" \/><figcaption class=\"wp-element-caption\"><strong><em>Propriet\u00e1rios Geneci e Elizandro Zucchi<\/em><\/strong><\/figcaption><\/figure>\n","protected":false},"excerpt":{"rendered":"<p>Loja est\u00e1 localizada na Rua Sete de Setembro, na sa\u00edda para Linha Taquarussu Ipor\u00e3 do Oeste \u2013 A partir deste m\u00eas Ipor\u00e3 do Oeste passa a contar com uma nova loja no ramo de ferramentas em geral, com foco no setor agr\u00edcola. A Zucchi Ferramentas e Solu\u00e7\u00f5es, de propriedade do casal Elizandro e Geneci Zucchi,<\/p>\n","protected":false},"author":1,"featured_media":8369,"comment_status":"open","ping_status":"open","sticky":false,"template":"","format":"standard","meta":{"footnotes":""},"categories":[41],"tags":[],"class_list":{"0":"post-8368","1":"post","2":"type-post","3":"status-publish","4":"format-standard","5":"has-post-thumbnail","7":"category-noticias"},"_links":{"self":[{"href":"https:\/\/noticiarioregional.com.br\/index.php?rest_route=\/wp\/v2\/posts\/8368","targetHints":{"allow":["GET"]}}],"collection":[{"href":"https:\/\/noticiarioregional.com.br\/index.php?rest_route=\/wp\/v2\/posts"}],"about":[{"href":"https:\/\/noticiarioregional.com.br\/index.php?rest_route=\/wp\/v2\/types\/post"}],"author":[{"embeddable":true,"href":"https:\/\/noticiarioregional.com.br\/index.php?rest_route=\/wp\/v2\/users\/1"}],"replies":[{"embeddable":true,"href":"https:\/\/noticiarioregional.com.br\/index.php?rest_route=%2Fwp%2Fv2%2Fcomments&post=8368"}],"version-history":[{"count":1,"href":"https:\/\/noticiarioregional.com.br\/index.php?rest_route=\/wp\/v2\/posts\/8368\/revisions"}],"predecessor-version":[{"id":8371,"href":"https:\/\/noticiarioregional.com.br\/index.php?rest_route=\/wp\/v2\/posts\/8368\/revisions\/8371"}],"wp:featuredmedia":[{"embeddable":true,"href":"https:\/\/noticiarioregional.com.br\/index.php?rest_route=\/wp\/v2\/media\/8369"}],"wp:attachment":[{"href":"https:\/\/noticiarioregional.com.br\/index.php?rest_route=%2Fwp%2Fv2%2Fmedia&parent=8368"}],"wp:term":[{"taxonomy":"category","embeddable":true,"href":"https:\/\/noticiarioregional.com.br\/index.php?rest_route=%2Fwp%2Fv2%2Fcategories&post=8368"},{"taxonomy":"post_tag","embeddable":true,"href":"https:\/\/noticiarioregional.com.br\/index.php?rest_route=%2Fwp%2Fv2%2Ftags&post=8368"}],"curies":[{"name":"wp","href":"https:\/\/api.w.org\/{rel}","templated":true}]}}