{"id":8372,"date":"2026-01-29T08:03:53","date_gmt":"2026-01-29T11:03:53","guid":{"rendered":"https:\/\/noticiarioregional.com.br\/?p=8372"},"modified":"2026-01-29T08:03:55","modified_gmt":"2026-01-29T11:03:55","slug":"vereador-jaci-guarnieri-presta-contas-das-acoes-do-primeiro-ano-de-mandato","status":"publish","type":"post","link":"https:\/\/noticiarioregional.com.br\/?p=8372","title":{"rendered":"Vereador Jaci Guarnieri presta contas das a\u00e7\u00f5es do primeiro ano de mandato"},"content":{"rendered":"\n<p><strong>Ipor\u00e3 do Oeste<\/strong> \u2013 Em seu primeiro mandato como vereador, Jaci Guarnieri, do Partido dos Trabalhadores, j\u00e1 havia assumido uma vaga na C\u00e2mara de Vereadores na legislatura anterior, como suplente. Com o objetivo de prestar contas do primeiro ano do mandato, o vereador elencou os recursos articulados e conquistados junto aos parlamentares, contemplando v\u00e1rias \u00e1reas do munic\u00edpio.<\/p>\n\n\n\n<p>Segundo Jaci, em dois meses como suplente e neste primeiro ano do mandato como vereador, teve como resultado a conquista de cinco equipamentos agr\u00edcolas para uso dos grupos de agricultores no interior, e mais dois equipamentos que est\u00e3o em fase de licita\u00e7\u00e3o. Os primeiros cinco equipamentos j\u00e1 est\u00e3o todos em uso pelos grupos. Os outros dois representam R$ 200 mil para compra de uma semeadeira para o grupo de Vor\u00e1 e um espalhador de esterco e calc\u00e1rio para o grupo de Vit\u00f3ria.<\/p>\n\n\n\n<p>Fruto da articula\u00e7\u00e3o na \u00e9poca em que foi suplente, Jaci, junto com a ent\u00e3o vereadora Irmi Schneiders, conquistaram uma emenda no valor de R$ 150 mil do deputado Marquito para constru\u00e7\u00e3o do viveiro municipal. O vereador cita a libera\u00e7\u00e3o de mais R$ 250 mil da deputada Luciane Carminatti para constru\u00e7\u00e3o de uma \u00e1rea coberta na APAE e uma emenda de R$ 150 mil do deputado Pedro Uczai para o Fundo Municipal da Sa\u00fade. Os recursos das tr\u00eas emendas j\u00e1 est\u00e3o na conta do munic\u00edpio. O vereador destaca mais uma verba de R$ 158 mil do Governo Federal, que ainda ser\u00e1 liberada, para compra de equipamentos destinados ao Centro Municipal de Sa\u00fade.<\/p>\n\n\n\n<p>Durante o \u00faltimo ano, o vereador tamb\u00e9m apresentou indica\u00e7\u00f5es pedindo ao Executivo provid\u00eancias para constru\u00e7\u00e3o de abrigos de passageiros em pontos estrat\u00e9gicos; melhorias na sinaliza\u00e7\u00e3o para garantir maior seguran\u00e7a aos pedestres na regi\u00e3o pr\u00f3xima a Cooper A1; a realiza\u00e7\u00e3o de estudo t\u00e9cnico para asfaltamento ou cal\u00e7amento do trecho de acesso \u00e0 Linha Alto Piraj\u00fa; melhorias na estrada da Linha Vit\u00f3ria (pedido j\u00e1 atendido) e uma indica\u00e7\u00e3o para ampliar o Programa Municipal de Compostagem e Destina\u00e7\u00e3o de Carca\u00e7as de Animais, para incluir o custeio parcial do recolhimento de animais mortos. Apresentou ainda duas mo\u00e7\u00f5es de apelo para implanta\u00e7\u00e3o de um campus da UFFS no Extremo Oeste e para a implanta\u00e7\u00e3o do hospital universit\u00e1rio da Universidade Federal da Fronteira Sul em Chapec\u00f3. Al\u00e9m de uma mo\u00e7\u00e3o de aplausos a fam\u00edlia Lutz de Ipor\u00e3 do Oeste, pelos 100 anos de sua chegada a regi\u00e3o. Jaci enfatiza que para 2026 mais emendas ser\u00e3o liberadas, e que foram articuladas com os parlamentares em viagens realizadas a Florian\u00f3polis e Bras\u00edlia. Lembra que por ser agricultor, uma de suas defesas \u00e9 na busca de recursos para esta categoria, mas como j\u00e1 ocorreu no primeiro ano do seu mandato, ir\u00e1 continuar reivindicando e buscando recursos para contemplar todos os setores do munic\u00edpio.<\/p>\n","protected":false},"excerpt":{"rendered":"<p>Ipor\u00e3 do Oeste \u2013 Em seu primeiro mandato como vereador, Jaci Guarnieri, do Partido dos Trabalhadores, j\u00e1 havia assumido uma vaga na C\u00e2mara de Vereadores na legislatura anterior, como suplente. Com o objetivo de prestar contas do primeiro ano do mandato, o vereador elencou os recursos articulados e conquistados junto aos parlamentares, contemplando v\u00e1rias \u00e1reas<\/p>\n","protected":false},"author":1,"featured_media":8373,"comment_status":"open","ping_status":"open","sticky":false,"template":"","format":"standard","meta":{"footnotes":""},"categories":[41],"tags":[],"class_list":{"0":"post-8372","1":"post","2":"type-post","3":"status-publish","4":"format-standard","5":"has-post-thumbnail","7":"category-noticias"},"_links":{"self":[{"href":"https:\/\/noticiarioregional.com.br\/index.php?rest_route=\/wp\/v2\/posts\/8372","targetHints":{"allow":["GET"]}}],"collection":[{"href":"https:\/\/noticiarioregional.com.br\/index.php?rest_route=\/wp\/v2\/posts"}],"about":[{"href":"https:\/\/noticiarioregional.com.br\/index.php?rest_route=\/wp\/v2\/types\/post"}],"author":[{"embeddable":true,"href":"https:\/\/noticiarioregional.com.br\/index.php?rest_route=\/wp\/v2\/users\/1"}],"replies":[{"embeddable":true,"href":"https:\/\/noticiarioregional.com.br\/index.php?rest_route=%2Fwp%2Fv2%2Fcomments&post=8372"}],"version-history":[{"count":1,"href":"https:\/\/noticiarioregional.com.br\/index.php?rest_route=\/wp\/v2\/posts\/8372\/revisions"}],"predecessor-version":[{"id":8374,"href":"https:\/\/noticiarioregional.com.br\/index.php?rest_route=\/wp\/v2\/posts\/8372\/revisions\/8374"}],"wp:featuredmedia":[{"embeddable":true,"href":"https:\/\/noticiarioregional.com.br\/index.php?rest_route=\/wp\/v2\/media\/8373"}],"wp:attachment":[{"href":"https:\/\/noticiarioregional.com.br\/index.php?rest_route=%2Fwp%2Fv2%2Fmedia&parent=8372"}],"wp:term":[{"taxonomy":"category","embeddable":true,"href":"https:\/\/noticiarioregional.com.br\/index.php?rest_route=%2Fwp%2Fv2%2Fcategories&post=8372"},{"taxonomy":"post_tag","embeddable":true,"href":"https:\/\/noticiarioregional.com.br\/index.php?rest_route=%2Fwp%2Fv2%2Ftags&post=8372"}],"curies":[{"name":"wp","href":"https:\/\/api.w.org\/{rel}","templated":true}]}}