{"id":8375,"date":"2026-01-29T08:06:18","date_gmt":"2026-01-29T11:06:18","guid":{"rendered":"https:\/\/noticiarioregional.com.br\/?p=8375"},"modified":"2026-01-29T08:06:20","modified_gmt":"2026-01-29T11:06:20","slug":"nova-diretoria-do-sintraf-e-empossada","status":"publish","type":"post","link":"https:\/\/noticiarioregional.com.br\/?p=8375","title":{"rendered":"Nova diretoria do Sintraf \u00e9 empossada"},"content":{"rendered":"\n<p class=\"has-larger-font-size\"><em>Elei\u00e7\u00e3o com cinco locais de vota\u00e7\u00e3o ocorreu ainda em dezembro<\/em><\/p>\n\n\n\n<p><strong>Ipor\u00e3 do Oeste \u2013<\/strong> Na tarde da sexta-feira, 16, tendo como local a C\u00e2mara de Vereadores, foi realizada a posse da nova diretoria do Sindicato dos Trabalhadores Rurais Agricultores e Agricultoras Familiares, que assume para um mandato de quatro anos. A elei\u00e7\u00e3o foi realizada no dia 05 de dezembro, com cinco locais de vota\u00e7\u00e3o na cidade e no interior.<\/p>\n\n\n\n<p>A nova diretoria teve uma aprova\u00e7\u00e3o de pouco mais de 96% dos associados votantes. Como presidente, foi reeleito para o cargo Dalvo Mayer. Como vice-presidente assume Waldemar Sasso; tesoureiro Can\u00edsio Reinehr; vice-tesoureiro Adilson de Souza; secret\u00e1rio Marcelo Marcon; vice-secret\u00e1ria Ivete Hillesheim Welter; conselho fiscal Liani Heck Ceccon, Jorge Kroetz e Leonir Schneiders e suplentes Jacinta Rohr Anschau, Jaci Guarnieri, Vilson Balzan e Rosane de Oliveira Klein.<\/p>\n\n\n\n<p>O evento de posse na sexta-feira teve a presen\u00e7a de associados, vereadores, prefeito Michel Barth, vice Auri Mathias, secret\u00e1rio de Agricultura Adriano Klein, o extensionista rural Fabr\u00edcio Musa, e o presidente do Sindicato de Riqueza e presidente da Microrregi\u00e3o Tr\u00eas Fronteiras, Vanderley Rutkoski. Em sua fala, o presidente reeleito, Dalvo Mayer, agradeceu a confian\u00e7a dos associados em poder continuar a frente do Sindicato e a toda diretoria que colocou seus nomes a disposi\u00e7\u00e3o para lutar em defesa dos direitos da classe agr\u00edcola. \u201c<em>Nossa meta \u00e9 sempre honrar o nome da nossa entidade sindical, defender os interesses dos nossos associados e agricultores em geral. Ir em busca de novas parcerias, refor\u00e7ando o agradecimento a quem j\u00e1 \u00e9 nosso parceiro\u201d<\/em>. Dalvo enfatizou o compromisso da entidade no momento com a luta para melhorar a condi\u00e7\u00e3o dos produtores de leite, que h\u00e1 meses vem enfrentando a crise, com queda no pre\u00e7o pago pelo litro.<\/p>\n","protected":false},"excerpt":{"rendered":"<p>Elei\u00e7\u00e3o com cinco locais de vota\u00e7\u00e3o ocorreu ainda em dezembro Ipor\u00e3 do Oeste \u2013 Na tarde da sexta-feira, 16, tendo como local a C\u00e2mara de Vereadores, foi realizada a posse da nova diretoria do Sindicato dos Trabalhadores Rurais Agricultores e Agricultoras Familiares, que assume para um mandato de quatro anos. A elei\u00e7\u00e3o foi realizada no<\/p>\n","protected":false},"author":1,"featured_media":8376,"comment_status":"open","ping_status":"open","sticky":false,"template":"","format":"standard","meta":{"footnotes":""},"categories":[41],"tags":[],"class_list":{"0":"post-8375","1":"post","2":"type-post","3":"status-publish","4":"format-standard","5":"has-post-thumbnail","7":"category-noticias"},"_links":{"self":[{"href":"https:\/\/noticiarioregional.com.br\/index.php?rest_route=\/wp\/v2\/posts\/8375","targetHints":{"allow":["GET"]}}],"collection":[{"href":"https:\/\/noticiarioregional.com.br\/index.php?rest_route=\/wp\/v2\/posts"}],"about":[{"href":"https:\/\/noticiarioregional.com.br\/index.php?rest_route=\/wp\/v2\/types\/post"}],"author":[{"embeddable":true,"href":"https:\/\/noticiarioregional.com.br\/index.php?rest_route=\/wp\/v2\/users\/1"}],"replies":[{"embeddable":true,"href":"https:\/\/noticiarioregional.com.br\/index.php?rest_route=%2Fwp%2Fv2%2Fcomments&post=8375"}],"version-history":[{"count":1,"href":"https:\/\/noticiarioregional.com.br\/index.php?rest_route=\/wp\/v2\/posts\/8375\/revisions"}],"predecessor-version":[{"id":8377,"href":"https:\/\/noticiarioregional.com.br\/index.php?rest_route=\/wp\/v2\/posts\/8375\/revisions\/8377"}],"wp:featuredmedia":[{"embeddable":true,"href":"https:\/\/noticiarioregional.com.br\/index.php?rest_route=\/wp\/v2\/media\/8376"}],"wp:attachment":[{"href":"https:\/\/noticiarioregional.com.br\/index.php?rest_route=%2Fwp%2Fv2%2Fmedia&parent=8375"}],"wp:term":[{"taxonomy":"category","embeddable":true,"href":"https:\/\/noticiarioregional.com.br\/index.php?rest_route=%2Fwp%2Fv2%2Fcategories&post=8375"},{"taxonomy":"post_tag","embeddable":true,"href":"https:\/\/noticiarioregional.com.br\/index.php?rest_route=%2Fwp%2Fv2%2Ftags&post=8375"}],"curies":[{"name":"wp","href":"https:\/\/api.w.org\/{rel}","templated":true}]}}