{"id":8378,"date":"2026-01-29T08:16:16","date_gmt":"2026-01-29T11:16:16","guid":{"rendered":"https:\/\/noticiarioregional.com.br\/?p=8378"},"modified":"2026-01-30T11:03:00","modified_gmt":"2026-01-30T14:03:00","slug":"maicon-yuri-di-domenico-deixa-legado-de-alegria-e-espontaneidade","status":"publish","type":"post","link":"https:\/\/noticiarioregional.com.br\/?p=8378","title":{"rendered":"Maicon Yuri Di Domenico deixa legado de alegria e espontaneidade"},"content":{"rendered":"\n<p class=\"has-text-align-center has-larger-font-size\"><strong>TRAG\u00c9DIA NO RIO URUGUAI<\/strong><\/p>\n\n\n\n<p>Alegre, extrovertido, divertido, caprichoso e simples. \u00c9 assim que os familiares de Maicon Yuri Di Domenico, de 22 anos, o definiram quando questionados, sobre quem era ele. De riso f\u00e1cil, tinha uma enorme facilidade em fazer amigos. Prestativo, adorava conversar, cozinhar, jogar bola e pescar, se doava para tudo e todos, pensava mais nos outros do que nele pr\u00f3prio, gostava de \u2018puxar a frente\u2019 para ir em busca do que queria e desejava, confiava nas pessoas, e mesmo quando era chamado sua aten\u00e7\u00e3o, n\u00e3o retrucava, Maicon era apressado e tinha pressa para viver e o medo, era um sentimento desconhecido por ele. &nbsp;<\/p>\n\n\n\n<p>Maicon \u00e9 natural da comunidade de S\u00e3o Jos\u00e9 do Laranjal, interior de Iraceminha, onde seus pais residem at\u00e9 hoje. O jovem ficou conhecido regionalmente na \u00faltima semana, ap\u00f3s, infelizmente, ser v\u00edtima de afogamento na ter\u00e7a-feira, dia 13 de janeiro, na \u00c1rea de Lazer, em Monda\u00ed. Os pais do jovem, Isabel Dalanora Di Domenico e Laurindo Di Domenico, s\u00e3o produtores de uvas e estavam comercializando na propriedade quando receberam a not\u00edcia de que era Maicon que havia se afogado. A not\u00edcia veio atrav\u00e9s de um sobrinho e da esposa de um bombeiro que reside na comunidade. O pai comenta, que ap\u00f3s receberam a not\u00edcia, ficaram atordoados e as horas seguintes foram apagadas da mem\u00f3ria, n\u00e3o se recordam o que exatamente aconteceu. Os pais n\u00e3o chegaram a ir at\u00e9 o local do afogamento, e quem acompanhou tudo de perto, durante os dias de busca pelo corpo, foi a tia, Dosilde Di Domenico Stefanello, que se v\u00ea como segunda m\u00e3e de Maicon, j\u00e1 que ele chegou a residir com ela em dois per\u00edodos, em Maravilha.<\/p>\n\n\n\n<figure class=\"wp-block-image size-large\"><img fetchpriority=\"high\" decoding=\"async\" width=\"768\" height=\"1024\" src=\"http:\/\/noticiarioregional.com.br\/wp-content\/uploads\/2026\/01\/Maicon-gostava-de-pescar-768x1024.jpeg\" alt=\"\" class=\"wp-image-8380\" srcset=\"https:\/\/noticiarioregional.com.br\/wp-content\/uploads\/2026\/01\/Maicon-gostava-de-pescar-768x1024.jpeg 768w, https:\/\/noticiarioregional.com.br\/wp-content\/uploads\/2026\/01\/Maicon-gostava-de-pescar-225x300.jpeg 225w, https:\/\/noticiarioregional.com.br\/wp-content\/uploads\/2026\/01\/Maicon-gostava-de-pescar-150x200.jpeg 150w, https:\/\/noticiarioregional.com.br\/wp-content\/uploads\/2026\/01\/Maicon-gostava-de-pescar-450x600.jpeg 450w, https:\/\/noticiarioregional.com.br\/wp-content\/uploads\/2026\/01\/Maicon-gostava-de-pescar.jpeg 960w\" sizes=\"(max-width: 768px) 100vw, 768px\" \/><figcaption class=\"wp-element-caption\">Maicon gostava de pescar<\/figcaption><\/figure>\n\n\n\n<p>Atualmente, Maicon estava residindo em Riqueza, a cerca de um m\u00eas, trabalhando com o tio, na padaria da fam\u00edlia, juntamente com sua namorada, a qual estava junto com ele na ter\u00e7a-feira, na \u00c1rea de Lazer, no dia do ocorrido. Estavam pescando \u00e0s margens, quando a boia do anzol se soltou, e por ter comprado a boia naquela tarde, n\u00e3o queria perder ela, e dessa forma, saindo pela rampa, sem camisa, apenas de cal\u00e7a de moletom, nadou at\u00e9 a boia, pegou ela, mostrou que havia pegado, colocou-a na boca para retornar para a margem. Foi neste momento, que Maicon afundou, submergiu e gritou que estava se afogando e por socorro, afundando e n\u00e3o retornando mais. Pescadores que estavam por ali tentaram ajudar, mas sem sucesso.<\/p>\n\n\n\n<figure class=\"wp-block-image size-large\"><img decoding=\"async\" width=\"1024\" height=\"683\" src=\"http:\/\/noticiarioregional.com.br\/wp-content\/uploads\/2026\/01\/Namorada-e-cunhada-da-vitima-acompanharam-as-buscas-nas-margens-do-Rio-Uruguai-1024x683.jpg\" alt=\"\" class=\"wp-image-8381\" srcset=\"https:\/\/noticiarioregional.com.br\/wp-content\/uploads\/2026\/01\/Namorada-e-cunhada-da-vitima-acompanharam-as-buscas-nas-margens-do-Rio-Uruguai-1024x683.jpg 1024w, https:\/\/noticiarioregional.com.br\/wp-content\/uploads\/2026\/01\/Namorada-e-cunhada-da-vitima-acompanharam-as-buscas-nas-margens-do-Rio-Uruguai-300x200.jpg 300w, https:\/\/noticiarioregional.com.br\/wp-content\/uploads\/2026\/01\/Namorada-e-cunhada-da-vitima-acompanharam-as-buscas-nas-margens-do-Rio-Uruguai-768x512.jpg 768w, https:\/\/noticiarioregional.com.br\/wp-content\/uploads\/2026\/01\/Namorada-e-cunhada-da-vitima-acompanharam-as-buscas-nas-margens-do-Rio-Uruguai-1536x1024.jpg 1536w, https:\/\/noticiarioregional.com.br\/wp-content\/uploads\/2026\/01\/Namorada-e-cunhada-da-vitima-acompanharam-as-buscas-nas-margens-do-Rio-Uruguai-2048x1365.jpg 2048w, https:\/\/noticiarioregional.com.br\/wp-content\/uploads\/2026\/01\/Namorada-e-cunhada-da-vitima-acompanharam-as-buscas-nas-margens-do-Rio-Uruguai-150x100.jpg 150w, https:\/\/noticiarioregional.com.br\/wp-content\/uploads\/2026\/01\/Namorada-e-cunhada-da-vitima-acompanharam-as-buscas-nas-margens-do-Rio-Uruguai-450x300.jpg 450w, https:\/\/noticiarioregional.com.br\/wp-content\/uploads\/2026\/01\/Namorada-e-cunhada-da-vitima-acompanharam-as-buscas-nas-margens-do-Rio-Uruguai-1200x800.jpg 1200w\" sizes=\"(max-width: 1024px) 100vw, 1024px\" \/><figcaption class=\"wp-element-caption\">Namorada e cunhada da v\u00edtima acompanharam as buscas nas margens do Rio Uruguai <\/figcaption><\/figure>\n\n\n\n<p>Os bombeiros foram acionados, e daquele dia, foi iniciada uma longa e extensa busca pelo corpo de Maicon. Segundo informa\u00e7\u00f5es do Corpo de Bombeiros, naquela mesma noite, foram feitas buscas superficiais. Na quarta-feira, as buscas foram com mergulhadores e com Jet-ski. Na quinta-feira, foram iniciadas as buscas novamente com a utiliza\u00e7\u00e3o do Jet-Ski nas margens, do local que Maicon submergiu, descendo aproximadamente 16 quil\u00f4metros, rio abaixo, percorrendo ao todo aproximadamente 40 quil\u00f4metros. No mesmo dia, outra equipe de mergulhadores iniciaram as buscas, com a utiliza\u00e7\u00e3o do Sonar, vindo de Piratuba, sendo realizada a varredura de aproximadamente 27 quil\u00f4metros, mas sem lograr \u00eaxito.<\/p>\n\n\n\n<p>Para a fam\u00edlia, a espera por not\u00edcias era agonizante, e chegaram a ajustar barcos particulares para percorrem pelo rio e auxiliar nas buscas, mas foi apenas na sexta-feira, por volta das 11h15, \u00e9 que veio a informa\u00e7\u00e3o de que Maicon havia sido encontrado. A tia, Dolside, destacou que na sexta-feira, pela manh\u00e3, foi chamado pescadores que desejavam ser volunt\u00e1rios nas buscas. E assim foi feito, um dos barcos volunt\u00e1rios, iniciou a busca pela comunidade de Sede Capela, subindo pelo Rio, e dessa forma encontraram o corpo, nas margens, no lado que pertence ao Rio Grande do Sul, cerca de 15 quil\u00f4metros de onde Maicon se afogou.<\/p>\n\n\n\n<figure class=\"wp-block-image size-large\"><img decoding=\"async\" width=\"1024\" height=\"683\" src=\"http:\/\/noticiarioregional.com.br\/wp-content\/uploads\/2026\/01\/Reportagem-do-jornal-foi-ate-a-casa-da-familia-onde-conversou-com-os-pais-da-vitima-Isabel-e-Laurindo-e-a-irma-Maikely-1024x683.jpg\" alt=\"\" class=\"wp-image-8383\" srcset=\"https:\/\/noticiarioregional.com.br\/wp-content\/uploads\/2026\/01\/Reportagem-do-jornal-foi-ate-a-casa-da-familia-onde-conversou-com-os-pais-da-vitima-Isabel-e-Laurindo-e-a-irma-Maikely-1024x683.jpg 1024w, https:\/\/noticiarioregional.com.br\/wp-content\/uploads\/2026\/01\/Reportagem-do-jornal-foi-ate-a-casa-da-familia-onde-conversou-com-os-pais-da-vitima-Isabel-e-Laurindo-e-a-irma-Maikely-300x200.jpg 300w, https:\/\/noticiarioregional.com.br\/wp-content\/uploads\/2026\/01\/Reportagem-do-jornal-foi-ate-a-casa-da-familia-onde-conversou-com-os-pais-da-vitima-Isabel-e-Laurindo-e-a-irma-Maikely-768x512.jpg 768w, https:\/\/noticiarioregional.com.br\/wp-content\/uploads\/2026\/01\/Reportagem-do-jornal-foi-ate-a-casa-da-familia-onde-conversou-com-os-pais-da-vitima-Isabel-e-Laurindo-e-a-irma-Maikely-1536x1024.jpg 1536w, https:\/\/noticiarioregional.com.br\/wp-content\/uploads\/2026\/01\/Reportagem-do-jornal-foi-ate-a-casa-da-familia-onde-conversou-com-os-pais-da-vitima-Isabel-e-Laurindo-e-a-irma-Maikely-2048x1365.jpg 2048w, https:\/\/noticiarioregional.com.br\/wp-content\/uploads\/2026\/01\/Reportagem-do-jornal-foi-ate-a-casa-da-familia-onde-conversou-com-os-pais-da-vitima-Isabel-e-Laurindo-e-a-irma-Maikely-150x100.jpg 150w, https:\/\/noticiarioregional.com.br\/wp-content\/uploads\/2026\/01\/Reportagem-do-jornal-foi-ate-a-casa-da-familia-onde-conversou-com-os-pais-da-vitima-Isabel-e-Laurindo-e-a-irma-Maikely-450x300.jpg 450w, https:\/\/noticiarioregional.com.br\/wp-content\/uploads\/2026\/01\/Reportagem-do-jornal-foi-ate-a-casa-da-familia-onde-conversou-com-os-pais-da-vitima-Isabel-e-Laurindo-e-a-irma-Maikely-1200x800.jpg 1200w\" sizes=\"(max-width: 1024px) 100vw, 1024px\" \/><figcaption class=\"wp-element-caption\">Reportagem do jornal foi at\u00e9 a casa da fam\u00edlia onde conversou com os pais da v\u00edtima, Isabel e Laurindo, e a irm\u00e3 Maikely<\/figcaption><\/figure>\n\n\n\n<p>O pai comenta que ao saber que encontraram o filho, se ajoelhou e agradeceu, pois sabia que teria a oportunidade de pelo menos se despedir do filho. \u201c<em>A nossa sorte \u00e9 que dificilmente baixava de 15, 20 pessoas aqui na nossa casa, foram dias muito dif\u00edceis. N\u00f3s t\u00ednhamos uva pra colher, mas n\u00e3o t\u00ednhamos cabe\u00e7a pra nada. O pessoal organizou, veio ali, colheu, vendeu. A comunidade aqui \u00e9 muito boa nessas partes. Mas quando veio a not\u00edcia que encontraram, pra mim foi um al\u00edvio<\/em>\u201d.<\/p>\n\n\n\n<p>Ap\u00f3s encontrarem Maicon, seu corpo foi levado para o IML e o reconhecimento foi feito por um primo. Devido ao estado que seu corpo se encontrava, pelo tempo em que ficou na \u00e1gua, mesmo com caix\u00e3o fechado, o vel\u00f3rio durou menos de 1h. Seu corpo chegou na igreja da comunidade, \u00e0s 5h30 da manh\u00e3 de s\u00e1bado, e para a surpresa da fam\u00edlia, naquele hor\u00e1rio, a igreja estava lotada, um feito in\u00e9dito, dessa forma, ressaltando que apesar de jovem, Maicon conseguiu deixar marcado seu legado. Um costume que a fam\u00edlia ainda comenta, \u00e9 que sempre ao sair de algum lugar, ao inv\u00e9s de falar \u2018desculpa pela bagun\u00e7a\u2019, sempre dizia, \u2018obrigado pela bagun\u00e7a\u2019.<\/p>\n\n\n\n<p>A fam\u00edlia destaca e agradece o empenho dos bombeiros nas atua\u00e7\u00f5es de buscas, mas principalmente, agradece aos pescadores que dia ap\u00f3s dia, colocavam seus barcos para ajudar, e relatam a eterna gratid\u00e3o aos pescadores que encontraram Maicon.&nbsp;&nbsp;<\/p>\n\n\n\n<p>A prima, J\u00e9ssica Riboldi, acredita que Maicon cumpriu a sua miss\u00e3o na Terra.&nbsp; \u201c<em>Ele est\u00e1 num lugar muito melhor do que n\u00f3s. Por\u00e9m, pelo jeito dele ser, a pessoa que ele era, por a gente amar ele, a falta, a saudade, ela d\u00f3i, e ela vai se manter ali por um tempo. E por um bom tempo. N\u00e3o \u00e9 uma coisa que passar\u00e1 de uma hora pra outra. E a\u00ed eu vejo que agora \u00e9 o cuidado, o zelo, a companhia, apoiar, pra que conforme o tempo for passando, essa dor ela vai se transformando. E \u00e9 assim. N\u00e3o tem o que fazer, n\u00e3o tem pra onde fugir<\/em>.\u201d<\/p>\n\n\n\n<p>Na ter\u00e7a-feira, 20, a fam\u00edlia, foi at\u00e9 a \u00c1rea de Lazer, pr\u00f3ximo ao local onde Maicon foi visto pela \u00faltima vez, e despejou flores no rio, rosas e Girass\u00f3is, como forma de homenagem e despedida ao jovem.<\/p>\n\n\n\n<figure class=\"wp-block-image size-large\"><img loading=\"lazy\" decoding=\"async\" width=\"768\" height=\"1024\" src=\"http:\/\/noticiarioregional.com.br\/wp-content\/uploads\/2026\/01\/Pais-foram-ate-o-local-da-tragedia-para-despedida-nesta-terca-feira-20-768x1024.jpeg\" alt=\"\" class=\"wp-image-8382\" srcset=\"https:\/\/noticiarioregional.com.br\/wp-content\/uploads\/2026\/01\/Pais-foram-ate-o-local-da-tragedia-para-despedida-nesta-terca-feira-20-768x1024.jpeg 768w, https:\/\/noticiarioregional.com.br\/wp-content\/uploads\/2026\/01\/Pais-foram-ate-o-local-da-tragedia-para-despedida-nesta-terca-feira-20-225x300.jpeg 225w, https:\/\/noticiarioregional.com.br\/wp-content\/uploads\/2026\/01\/Pais-foram-ate-o-local-da-tragedia-para-despedida-nesta-terca-feira-20-150x200.jpeg 150w, https:\/\/noticiarioregional.com.br\/wp-content\/uploads\/2026\/01\/Pais-foram-ate-o-local-da-tragedia-para-despedida-nesta-terca-feira-20-450x600.jpeg 450w, https:\/\/noticiarioregional.com.br\/wp-content\/uploads\/2026\/01\/Pais-foram-ate-o-local-da-tragedia-para-despedida-nesta-terca-feira-20.jpeg 960w\" sizes=\"(max-width: 768px) 100vw, 768px\" \/><figcaption class=\"wp-element-caption\">Pais foram at\u00e9 o local da trag\u00e9dia para \u00faltimo adeus nesta ter\u00e7a-feira, 20<\/figcaption><\/figure>\n\n\n\n<p><\/p>\n","protected":false},"excerpt":{"rendered":"<p>TRAG\u00c9DIA NO RIO URUGUAI Alegre, extrovertido, divertido, caprichoso e simples. \u00c9 assim que os familiares de Maicon Yuri Di Domenico, de 22 anos, o definiram quando questionados, sobre quem era ele. De riso f\u00e1cil, tinha uma enorme facilidade em fazer amigos. Prestativo, adorava conversar, cozinhar, jogar bola e pescar, se doava para tudo e todos,<\/p>\n","protected":false},"author":1,"featured_media":8385,"comment_status":"open","ping_status":"open","sticky":false,"template":"","format":"standard","meta":{"footnotes":""},"categories":[42],"tags":[],"class_list":{"0":"post-8378","1":"post","2":"type-post","3":"status-publish","4":"format-standard","5":"has-post-thumbnail","7":"category-destaque"},"_links":{"self":[{"href":"https:\/\/noticiarioregional.com.br\/index.php?rest_route=\/wp\/v2\/posts\/8378","targetHints":{"allow":["GET"]}}],"collection":[{"href":"https:\/\/noticiarioregional.com.br\/index.php?rest_route=\/wp\/v2\/posts"}],"about":[{"href":"https:\/\/noticiarioregional.com.br\/index.php?rest_route=\/wp\/v2\/types\/post"}],"author":[{"embeddable":true,"href":"https:\/\/noticiarioregional.com.br\/index.php?rest_route=\/wp\/v2\/users\/1"}],"replies":[{"embeddable":true,"href":"https:\/\/noticiarioregional.com.br\/index.php?rest_route=%2Fwp%2Fv2%2Fcomments&post=8378"}],"version-history":[{"count":1,"href":"https:\/\/noticiarioregional.com.br\/index.php?rest_route=\/wp\/v2\/posts\/8378\/revisions"}],"predecessor-version":[{"id":8384,"href":"https:\/\/noticiarioregional.com.br\/index.php?rest_route=\/wp\/v2\/posts\/8378\/revisions\/8384"}],"wp:featuredmedia":[{"embeddable":true,"href":"https:\/\/noticiarioregional.com.br\/index.php?rest_route=\/wp\/v2\/media\/8385"}],"wp:attachment":[{"href":"https:\/\/noticiarioregional.com.br\/index.php?rest_route=%2Fwp%2Fv2%2Fmedia&parent=8378"}],"wp:term":[{"taxonomy":"category","embeddable":true,"href":"https:\/\/noticiarioregional.com.br\/index.php?rest_route=%2Fwp%2Fv2%2Fcategories&post=8378"},{"taxonomy":"post_tag","embeddable":true,"href":"https:\/\/noticiarioregional.com.br\/index.php?rest_route=%2Fwp%2Fv2%2Ftags&post=8378"}],"curies":[{"name":"wp","href":"https:\/\/api.w.org\/{rel}","templated":true}]}}