{"id":8386,"date":"2026-01-29T08:23:17","date_gmt":"2026-01-29T11:23:17","guid":{"rendered":"https:\/\/noticiarioregional.com.br\/?p=8386"},"modified":"2026-01-29T08:23:19","modified_gmt":"2026-01-29T11:23:19","slug":"coopafasjo-promove-dia-de-campo-na-lavoura-demonstrativa-da-cooperativa","status":"publish","type":"post","link":"https:\/\/noticiarioregional.com.br\/?p=8386","title":{"rendered":"Coopafasjo promove Dia de Campo na lavoura demonstrativa da cooperativa"},"content":{"rendered":"\n<p class=\"has-large-font-size\"><em>Evento teve como objetivo apresentar solu\u00e7\u00f5es para produ\u00e7\u00e3o da cadeia leiteira<\/em><\/p>\n\n\n\n<p><strong>S\u00e3o Jo\u00e3o do Oeste \u2013<\/strong> Na ter\u00e7a-feira, 20, a Cooperativa Mista da Agricultura Familiar, Coopafasjo, reuniu os associados, empresas parceiras e agricultores em geral para um Dia de Campo realizado na lavoura demonstrativa da cooperativa, onde est\u00e3o cultivadas variedades de milho e soja.<\/p>\n\n\n\n<p>Para melhor atender os agricultores, as orienta\u00e7\u00f5es foram repassadas em dois hor\u00e1rios, pela manh\u00e3 \u00e0s 9h30, e a tarde \u00e0s 18h. Os temas abordados pelas empresas parceiras foram referentes a nutri\u00e7\u00e3o animal, principalmente voltado a bovinocultura de leite, o uso de fertilizantes, produtos com tecnologia de aplica\u00e7\u00e3o e variedades de milho e soja. Ao final de cada evento foi servi\u00e7o almo\u00e7o e lanche aos participantes.<\/p>\n\n\n\n<figure class=\"wp-block-image size-large\"><img fetchpriority=\"high\" decoding=\"async\" width=\"1024\" height=\"683\" src=\"http:\/\/noticiarioregional.com.br\/wp-content\/uploads\/2026\/01\/IMG_1632-1024x683.jpg\" alt=\"\" class=\"wp-image-8389\" srcset=\"https:\/\/noticiarioregional.com.br\/wp-content\/uploads\/2026\/01\/IMG_1632-1024x683.jpg 1024w, https:\/\/noticiarioregional.com.br\/wp-content\/uploads\/2026\/01\/IMG_1632-300x200.jpg 300w, https:\/\/noticiarioregional.com.br\/wp-content\/uploads\/2026\/01\/IMG_1632-768x512.jpg 768w, https:\/\/noticiarioregional.com.br\/wp-content\/uploads\/2026\/01\/IMG_1632-1536x1024.jpg 1536w, https:\/\/noticiarioregional.com.br\/wp-content\/uploads\/2026\/01\/IMG_1632-2048x1365.jpg 2048w, https:\/\/noticiarioregional.com.br\/wp-content\/uploads\/2026\/01\/IMG_1632-150x100.jpg 150w, https:\/\/noticiarioregional.com.br\/wp-content\/uploads\/2026\/01\/IMG_1632-450x300.jpg 450w, https:\/\/noticiarioregional.com.br\/wp-content\/uploads\/2026\/01\/IMG_1632-1200x800.jpg 1200w\" sizes=\"(max-width: 1024px) 100vw, 1024px\" \/><\/figure>\n\n\n\n<p>O gestor da cooperativa, agr\u00f4nomo Dirceu Babick, enfatiza que o objetivo da entidade \u00e9 intensificar eventos como esse, promovendo parcerias com as empresas, e orientando os agricultores na pr\u00e1tica sobre d\u00favidas que apresentam no dia a dia de suas atividades. Comenta que o dia de campo, realizado na pr\u00f3pria lavoura demonstrativa da Coopafasjo, facilita o entendimento e a demonstra\u00e7\u00e3o pr\u00e1tica dos temas abordados. O presidente da cooperativa, Marcos Stulp, complementa que o dia de campo \u00e9 uma forma de apresentar os servi\u00e7os que a entidade vem prestando, em parceria com as empresas. Lembra que cada propriedade tem suas demandas, e o objetivo \u00e9 justamente oferecer uma ampla variedade de produtos e servi\u00e7os para a escolha do produtor e associado.<\/p>\n\n\n\n<figure class=\"wp-block-image size-large\"><img decoding=\"async\" width=\"1024\" height=\"683\" src=\"http:\/\/noticiarioregional.com.br\/wp-content\/uploads\/2026\/01\/IMG_1609-1024x683.jpg\" alt=\"\" class=\"wp-image-8387\" srcset=\"https:\/\/noticiarioregional.com.br\/wp-content\/uploads\/2026\/01\/IMG_1609-1024x683.jpg 1024w, https:\/\/noticiarioregional.com.br\/wp-content\/uploads\/2026\/01\/IMG_1609-300x200.jpg 300w, https:\/\/noticiarioregional.com.br\/wp-content\/uploads\/2026\/01\/IMG_1609-768x512.jpg 768w, https:\/\/noticiarioregional.com.br\/wp-content\/uploads\/2026\/01\/IMG_1609-1536x1024.jpg 1536w, https:\/\/noticiarioregional.com.br\/wp-content\/uploads\/2026\/01\/IMG_1609-2048x1365.jpg 2048w, https:\/\/noticiarioregional.com.br\/wp-content\/uploads\/2026\/01\/IMG_1609-150x100.jpg 150w, https:\/\/noticiarioregional.com.br\/wp-content\/uploads\/2026\/01\/IMG_1609-450x300.jpg 450w, https:\/\/noticiarioregional.com.br\/wp-content\/uploads\/2026\/01\/IMG_1609-1200x800.jpg 1200w\" sizes=\"(max-width: 1024px) 100vw, 1024px\" \/><\/figure>\n\n\n\n<p>Idones Passaia, da empresa Adubos Coxilha, foi um dos parceiros presentes no dia de campo. A empresa apresentou manejos e tecnologias que o produtor pode adotar, com foco no cuidado desde o plantio, garantindo um crescimento sadio das plantas, o que vai interferir na nutri\u00e7\u00e3o animal. Na regi\u00e3o, em que boa parte da \u00e1rea de milho \u00e9 destinada para silagem, Idones destaca que o pot\u00e1ssio \u00e9 um dos nutrientes que a lavoura mais demanda, e precisa ser reposto no solo depois de feito o corte das plantas.<\/p>\n\n\n\n<p>Fernando Bisigo, da Vacinnar Nutri\u00e7\u00e3o Animal, tamb\u00e9m participou do evento e apresentou sua linha de produtos. A Vacinnar \u00e9 parceira da Coopafasjo na marca pr\u00f3pria que a cooperativa lan\u00e7ou, a Coopafa Nutri, com a confec\u00e7\u00e3o dos produtos comercializados na agropecu\u00e1ria, como suplementos minerais e insumos em geral. Al\u00e9m destes, Bisigo ressalta que a Vacinnar oferece ampla linha de produtos para atender as diferentes necessidades das propriedades. A empresa tamb\u00e9m disp\u00f5e de nutricionista para ajuste das dietas dos animais, atendendo as caracter\u00edsticas espec\u00edficas de cada propriedade.<\/p>\n\n\n\n<figure class=\"wp-block-image size-large\"><img decoding=\"async\" width=\"1024\" height=\"683\" src=\"http:\/\/noticiarioregional.com.br\/wp-content\/uploads\/2026\/01\/IMG_1610-1024x683.jpg\" alt=\"\" class=\"wp-image-8388\" srcset=\"https:\/\/noticiarioregional.com.br\/wp-content\/uploads\/2026\/01\/IMG_1610-1024x683.jpg 1024w, https:\/\/noticiarioregional.com.br\/wp-content\/uploads\/2026\/01\/IMG_1610-300x200.jpg 300w, https:\/\/noticiarioregional.com.br\/wp-content\/uploads\/2026\/01\/IMG_1610-768x512.jpg 768w, https:\/\/noticiarioregional.com.br\/wp-content\/uploads\/2026\/01\/IMG_1610-1536x1024.jpg 1536w, https:\/\/noticiarioregional.com.br\/wp-content\/uploads\/2026\/01\/IMG_1610-2048x1365.jpg 2048w, https:\/\/noticiarioregional.com.br\/wp-content\/uploads\/2026\/01\/IMG_1610-150x100.jpg 150w, https:\/\/noticiarioregional.com.br\/wp-content\/uploads\/2026\/01\/IMG_1610-450x300.jpg 450w, https:\/\/noticiarioregional.com.br\/wp-content\/uploads\/2026\/01\/IMG_1610-1200x800.jpg 1200w\" sizes=\"(max-width: 1024px) 100vw, 1024px\" \/><\/figure>\n\n\n\n<p>Outra empresa parceira da cooperativa, participante do dia de campo, foi a Puro Trato Nutri\u00e7\u00e3o Animal. O nutricionista, M\u00e1rcio Wink, orientou os agricultores sobre o correto manejo na confec\u00e7\u00e3o da silagem, desde a escolha da variedade do milho, at\u00e9 a compacta\u00e7\u00e3o e fechamento dos silos. Comenta que o produtor deve observar o acumulo de amido nas espigas, e tamb\u00e9m a digestibilidade da planta, al\u00e9m da altura de corte do milho para a confec\u00e7\u00e3o da silagem.<\/p>\n","protected":false},"excerpt":{"rendered":"<p>Evento teve como objetivo apresentar solu\u00e7\u00f5es para produ\u00e7\u00e3o da cadeia leiteira S\u00e3o Jo\u00e3o do Oeste \u2013 Na ter\u00e7a-feira, 20, a Cooperativa Mista da Agricultura Familiar, Coopafasjo, reuniu os associados, empresas parceiras e agricultores em geral para um Dia de Campo realizado na lavoura demonstrativa da cooperativa, onde est\u00e3o cultivadas variedades de milho e soja. Para<\/p>\n","protected":false},"author":1,"featured_media":8390,"comment_status":"open","ping_status":"open","sticky":false,"template":"","format":"standard","meta":{"footnotes":""},"categories":[41],"tags":[],"class_list":{"0":"post-8386","1":"post","2":"type-post","3":"status-publish","4":"format-standard","5":"has-post-thumbnail","7":"category-noticias"},"_links":{"self":[{"href":"https:\/\/noticiarioregional.com.br\/index.php?rest_route=\/wp\/v2\/posts\/8386","targetHints":{"allow":["GET"]}}],"collection":[{"href":"https:\/\/noticiarioregional.com.br\/index.php?rest_route=\/wp\/v2\/posts"}],"about":[{"href":"https:\/\/noticiarioregional.com.br\/index.php?rest_route=\/wp\/v2\/types\/post"}],"author":[{"embeddable":true,"href":"https:\/\/noticiarioregional.com.br\/index.php?rest_route=\/wp\/v2\/users\/1"}],"replies":[{"embeddable":true,"href":"https:\/\/noticiarioregional.com.br\/index.php?rest_route=%2Fwp%2Fv2%2Fcomments&post=8386"}],"version-history":[{"count":1,"href":"https:\/\/noticiarioregional.com.br\/index.php?rest_route=\/wp\/v2\/posts\/8386\/revisions"}],"predecessor-version":[{"id":8391,"href":"https:\/\/noticiarioregional.com.br\/index.php?rest_route=\/wp\/v2\/posts\/8386\/revisions\/8391"}],"wp:featuredmedia":[{"embeddable":true,"href":"https:\/\/noticiarioregional.com.br\/index.php?rest_route=\/wp\/v2\/media\/8390"}],"wp:attachment":[{"href":"https:\/\/noticiarioregional.com.br\/index.php?rest_route=%2Fwp%2Fv2%2Fmedia&parent=8386"}],"wp:term":[{"taxonomy":"category","embeddable":true,"href":"https:\/\/noticiarioregional.com.br\/index.php?rest_route=%2Fwp%2Fv2%2Fcategories&post=8386"},{"taxonomy":"post_tag","embeddable":true,"href":"https:\/\/noticiarioregional.com.br\/index.php?rest_route=%2Fwp%2Fv2%2Ftags&post=8386"}],"curies":[{"name":"wp","href":"https:\/\/api.w.org\/{rel}","templated":true}]}}