{"id":8392,"date":"2026-01-29T08:25:12","date_gmt":"2026-01-29T11:25:12","guid":{"rendered":"https:\/\/noticiarioregional.com.br\/?p=8392"},"modified":"2026-01-29T08:25:15","modified_gmt":"2026-01-29T11:25:15","slug":"inscricoes-abertas-para-o-bonus-agricola-2026","status":"publish","type":"post","link":"https:\/\/noticiarioregional.com.br\/?p=8392","title":{"rendered":"Inscri\u00e7\u00f5es abertas para o B\u00f4nus Agr\u00edcola 2026"},"content":{"rendered":"\n<p><strong>Riqueza &#8211;<\/strong> O Departamento de Agricultura informa que as inscri\u00e7\u00f5es para o Programa Municipal de Incentivo B\u00f4nus Agr\u00edcola est\u00e3o abertas. A iniciativa tem como objetivo fortalecer o setor agropecu\u00e1rio local, oferecendo apoio direto \u00e0s fam\u00edlias e propriedades rurais por meio da concess\u00e3o de horas de servi\u00e7os com m\u00e1quinas, de acordo com o movimento econ\u00f4mico de cada unidade familiar ou propriedade rural.<\/p>\n\n\n\n<p>De acordo com o agente de desenvolvimento agropecu\u00e1rio, Claudinei Furlan, o benef\u00edcio contempla a disponibiliza\u00e7\u00e3o de horas-m\u00e1quina com retroescavadeira hidr\u00e1ulica ou trator de esteira, possibilitando melhorias na infraestrutura rural, como abertura e manuten\u00e7\u00e3o de acessos, adequa\u00e7\u00f5es de \u00e1reas produtivas e outras demandas essenciais ao desenvolvimento das atividades no campo.<\/p>\n\n\n\n<p>A concess\u00e3o das horas de servi\u00e7os agr\u00edcolas segue uma tabela baseada no movimento econ\u00f4mico anual do produtor. Para valores de movimenta\u00e7\u00e3o econ\u00f4mica entre R$ 5.000,00 e R$ 39.999,99, s\u00e3o concedidas 2 horas de servi\u00e7o. Produtores que movimentam entre R$ 40.000,00 e R$ 59.999,99 t\u00eam direito a 3 horas. J\u00e1 aqueles com movimento entre R$ 60.000,00 e R$ 79.999,99 recebem 4 horas, enquanto produtores com valores de R$ 80.000,00 a R$ 99.999,99 s\u00e3o contemplados com 5 horas. Para movimento econ\u00f4mico de R$ 100.000,00 ou mais, o benef\u00edcio alcan\u00e7a 6 horas de servi\u00e7os.<\/p>\n\n\n\n<p>Para solicitar o B\u00f4nus Agr\u00edcola, \u00e9 necess\u00e1rio apresentar a declara\u00e7\u00e3o da \u00e1rea e a comprova\u00e7\u00e3o por meio de contrato ou matr\u00edcula da propriedade. O encaminhamento dos pedidos deve ser realizado at\u00e9 o dia 31 de mar\u00e7o, diretamente junto ao Departamento de Agricultura. Ap\u00f3s a aprova\u00e7\u00e3o, a realiza\u00e7\u00e3o dos servi\u00e7os poder\u00e1 ocorrer at\u00e9 31 de dezembro, garantindo que os produtores tenham tempo h\u00e1bil para planejar e executar as melhorias necess\u00e1rias em suas propriedades. Em contrapartida, Furlan destaca que os produtores devem manter a limpeza dos limites de sua propriedade com a estrada geral. Para mais informa\u00e7\u00f5es, os produtores podem entrar em contato com o Departamento de Agricultura pelo telefone (49) 9910-7186. A Administra\u00e7\u00e3o Municipal refor\u00e7a o convite para que todos os agricultores procurem o setor respons\u00e1vel, aproveitem o programa e fortale\u00e7am ainda mais o desenvolvimento do campo e da economia local.<\/p>\n","protected":false},"excerpt":{"rendered":"<p>Riqueza &#8211; O Departamento de Agricultura informa que as inscri\u00e7\u00f5es para o Programa Municipal de Incentivo B\u00f4nus Agr\u00edcola est\u00e3o abertas. A iniciativa tem como objetivo fortalecer o setor agropecu\u00e1rio local, oferecendo apoio direto \u00e0s fam\u00edlias e propriedades rurais por meio da concess\u00e3o de horas de servi\u00e7os com m\u00e1quinas, de acordo com o movimento econ\u00f4mico de<\/p>\n","protected":false},"author":1,"featured_media":8393,"comment_status":"open","ping_status":"open","sticky":false,"template":"","format":"standard","meta":{"footnotes":""},"categories":[41],"tags":[],"class_list":{"0":"post-8392","1":"post","2":"type-post","3":"status-publish","4":"format-standard","5":"has-post-thumbnail","7":"category-noticias"},"_links":{"self":[{"href":"https:\/\/noticiarioregional.com.br\/index.php?rest_route=\/wp\/v2\/posts\/8392","targetHints":{"allow":["GET"]}}],"collection":[{"href":"https:\/\/noticiarioregional.com.br\/index.php?rest_route=\/wp\/v2\/posts"}],"about":[{"href":"https:\/\/noticiarioregional.com.br\/index.php?rest_route=\/wp\/v2\/types\/post"}],"author":[{"embeddable":true,"href":"https:\/\/noticiarioregional.com.br\/index.php?rest_route=\/wp\/v2\/users\/1"}],"replies":[{"embeddable":true,"href":"https:\/\/noticiarioregional.com.br\/index.php?rest_route=%2Fwp%2Fv2%2Fcomments&post=8392"}],"version-history":[{"count":1,"href":"https:\/\/noticiarioregional.com.br\/index.php?rest_route=\/wp\/v2\/posts\/8392\/revisions"}],"predecessor-version":[{"id":8394,"href":"https:\/\/noticiarioregional.com.br\/index.php?rest_route=\/wp\/v2\/posts\/8392\/revisions\/8394"}],"wp:featuredmedia":[{"embeddable":true,"href":"https:\/\/noticiarioregional.com.br\/index.php?rest_route=\/wp\/v2\/media\/8393"}],"wp:attachment":[{"href":"https:\/\/noticiarioregional.com.br\/index.php?rest_route=%2Fwp%2Fv2%2Fmedia&parent=8392"}],"wp:term":[{"taxonomy":"category","embeddable":true,"href":"https:\/\/noticiarioregional.com.br\/index.php?rest_route=%2Fwp%2Fv2%2Fcategories&post=8392"},{"taxonomy":"post_tag","embeddable":true,"href":"https:\/\/noticiarioregional.com.br\/index.php?rest_route=%2Fwp%2Fv2%2Ftags&post=8392"}],"curies":[{"name":"wp","href":"https:\/\/api.w.org\/{rel}","templated":true}]}}