{"id":8395,"date":"2026-01-29T08:27:57","date_gmt":"2026-01-29T11:27:57","guid":{"rendered":"https:\/\/noticiarioregional.com.br\/?p=8395"},"modified":"2026-01-29T08:27:58","modified_gmt":"2026-01-29T11:27:58","slug":"iporaoestino-integra-equipe-de-fisioterapia-da-associacao-chapecoense-de-futebol","status":"publish","type":"post","link":"https:\/\/noticiarioregional.com.br\/?p=8395","title":{"rendered":"Ipor\u00e3oestino integra equipe de fisioterapia da Associa\u00e7\u00e3o Chapecoense de Futebol"},"content":{"rendered":"\n<p class=\"has-large-font-size\"><em>Para o profissional, atua\u00e7\u00e3o no time \u00e9 a realiza\u00e7\u00e3o de um sonho<\/em><\/p>\n\n\n\n<p><strong>Ipor\u00e3 do Oeste \u2013<\/strong> Foi a partir de uma visita realizada a sede da Associa\u00e7\u00e3o Chapecoense de Futebol, em Chapec\u00f3, ainda na \u00e9poca em que cursava a faculdade, que despertou em Almir Walker o interesse em atuar junto a equipe. Esse interesse evoluiu para um est\u00e1gio, depois a atua\u00e7\u00e3o com a equipe sub-20 at\u00e9 a promo\u00e7\u00e3o para trabalhar junto ao time profissional.<\/p>\n\n\n\n<p>Almir \u00e9 filho de Hugo Luiz Walker e Ana Cristina Wolfart Walker. Nasceu em S\u00e3o Jo\u00e3o do Oeste, mas sempre residiu com a fam\u00edlia no interior de Ipor\u00e3 do Oeste, na comunidade de Monte Maria. Em 2015 Almir iniciou a gradua\u00e7\u00e3o em fisioterapia na Universidade do Oeste de Santa Catarina, UNOESC de S\u00e3o Miguel do Oeste, e concluiu o curso no in\u00edcio de 2020. Foi tamb\u00e9m neste mesmo ano que iniciou os trabalhos na Associa\u00e7\u00e3o Chapecoense de Futebol. Sempre muito envolvido com o esporte, quando teve o contato com a fisioterapia ortop\u00e9dica e esportiva, Almir n\u00e3o teve d\u00favidas de que era nesta \u00e1rea que iria atuar profissionalmente. <em>\u201cTrabalhar com o futebol para mim \u00e9 a realiza\u00e7\u00e3o de um sonho\u201d,<\/em> define.<\/p>\n\n\n\n<figure class=\"wp-block-image size-large\"><img fetchpriority=\"high\" decoding=\"async\" width=\"819\" height=\"1024\" src=\"http:\/\/noticiarioregional.com.br\/wp-content\/uploads\/2026\/01\/Almir-durante-um-dos-jogos-da-serie-B-em-2025-819x1024.jpg\" alt=\"\" class=\"wp-image-8396\" srcset=\"https:\/\/noticiarioregional.com.br\/wp-content\/uploads\/2026\/01\/Almir-durante-um-dos-jogos-da-serie-B-em-2025-819x1024.jpg 819w, https:\/\/noticiarioregional.com.br\/wp-content\/uploads\/2026\/01\/Almir-durante-um-dos-jogos-da-serie-B-em-2025-240x300.jpg 240w, https:\/\/noticiarioregional.com.br\/wp-content\/uploads\/2026\/01\/Almir-durante-um-dos-jogos-da-serie-B-em-2025-768x960.jpg 768w, https:\/\/noticiarioregional.com.br\/wp-content\/uploads\/2026\/01\/Almir-durante-um-dos-jogos-da-serie-B-em-2025-150x188.jpg 150w, https:\/\/noticiarioregional.com.br\/wp-content\/uploads\/2026\/01\/Almir-durante-um-dos-jogos-da-serie-B-em-2025-450x563.jpg 450w, https:\/\/noticiarioregional.com.br\/wp-content\/uploads\/2026\/01\/Almir-durante-um-dos-jogos-da-serie-B-em-2025.jpg 1024w\" sizes=\"(max-width: 819px) 100vw, 819px\" \/><figcaption class=\"wp-element-caption\">Almir durante um dos jogos da s\u00e9rie B em 2025<\/figcaption><\/figure>\n\n\n\n<p>No ano de 2016, ainda na universidade, Almir realizou a primeira visita a Associa\u00e7\u00e3o Chapecoense de Futebol. Desde ent\u00e3o, conta que nasceu o sonho de trabalhar na equipe. Em 2019 realizou um est\u00e1gio observacional de 10 dias na Associa\u00e7\u00e3o. E ao se formar, surgiu a oportunidade atrav\u00e9s de um processo seletivo para fisioterapeuta. Almir iniciou sua atua\u00e7\u00e3o no time em 2020 com a equipe sub-20, e a partir de outubro de 2021 foi promovido para atuar no time principal, onde permanece at\u00e9 hoje.<\/p>\n\n\n\n<p>Almir integra uma equipe composta por tr\u00eas fisioterapeutas. Estes profissionais s\u00e3o respons\u00e1veis pelo processo de reabilita\u00e7\u00e3o dos atletas lesionados e pelos atendimentos dos atletas que est\u00e3o aptos para os treinos, por\u00e9m, com alguma queixa de dor. Os profissionais de fisioterapia, na equipe de futebol, est\u00e3o inseridos no processo de redu\u00e7\u00e3o do risco de les\u00f5es dos atletas. Ap\u00f3s os jogos os fisioterapeutas potencializam o processo de recupera\u00e7\u00e3o muscular dos atletas, al\u00e9m de acompanharem o time nas viagens ou na concentra\u00e7\u00e3o dos jogos em casa para deixar os atletas aptos para o jogo.<\/p>\n\n\n\n<figure class=\"wp-block-image size-large\"><img decoding=\"async\" width=\"768\" height=\"1024\" src=\"http:\/\/noticiarioregional.com.br\/wp-content\/uploads\/2026\/01\/Almir-e-sua-namorada-a-medica-Ana-Renz-Simon-tambem-iporaoestina-comemorando-o-acesso-da-Chapecoense-a-serie-A-em-2025-768x1024.jpg\" alt=\"\" class=\"wp-image-8398\" srcset=\"https:\/\/noticiarioregional.com.br\/wp-content\/uploads\/2026\/01\/Almir-e-sua-namorada-a-medica-Ana-Renz-Simon-tambem-iporaoestina-comemorando-o-acesso-da-Chapecoense-a-serie-A-em-2025-768x1024.jpg 768w, https:\/\/noticiarioregional.com.br\/wp-content\/uploads\/2026\/01\/Almir-e-sua-namorada-a-medica-Ana-Renz-Simon-tambem-iporaoestina-comemorando-o-acesso-da-Chapecoense-a-serie-A-em-2025-225x300.jpg 225w, https:\/\/noticiarioregional.com.br\/wp-content\/uploads\/2026\/01\/Almir-e-sua-namorada-a-medica-Ana-Renz-Simon-tambem-iporaoestina-comemorando-o-acesso-da-Chapecoense-a-serie-A-em-2025-150x200.jpg 150w, https:\/\/noticiarioregional.com.br\/wp-content\/uploads\/2026\/01\/Almir-e-sua-namorada-a-medica-Ana-Renz-Simon-tambem-iporaoestina-comemorando-o-acesso-da-Chapecoense-a-serie-A-em-2025-450x600.jpg 450w, https:\/\/noticiarioregional.com.br\/wp-content\/uploads\/2026\/01\/Almir-e-sua-namorada-a-medica-Ana-Renz-Simon-tambem-iporaoestina-comemorando-o-acesso-da-Chapecoense-a-serie-A-em-2025.jpg 960w\" sizes=\"(max-width: 768px) 100vw, 768px\" \/><figcaption class=\"wp-element-caption\">Almir e sua namorada, a m\u00e9dica Ana Renz Simon, tamb\u00e9m ipor\u00e3oestina, comemorando o acesso da Chapecoense \u00e0 s\u00e9rie A em 2025<\/figcaption><\/figure>\n\n\n\n<p>Almir define que exercer essa fun\u00e7\u00e3o de responsabilidade em uma equipe que tem muitos admiradores em todo estado e regi\u00e3o Sul do Brasil \u201c<em>\u00e9 a realiza\u00e7\u00e3o de um sonho. \u00c9 um privil\u00e9gio muito grande poder trabalhar e representar um clube grande de elite nacional que tem uma grande admira\u00e7\u00e3o de diversos torcedores\u201d.<\/em> Em 2025 a Chapecoense conquistou vaga para a s\u00e9rie A do campeonato brasileiro, o que representa mais empenho n\u00e3o apenas dos jogadores, mas de toda equipe envolvida no preparo dos atletas e no planejamento em si<em>. \u201cEsse acesso a elite nacional \u00e9 fruto de um \u00e1rduo trabalho conjunto de diversos setores do clube. O ano exige um planejamento minucioso devido \u00e0 alta demanda de jogos, sendo que possivelmente participaremos de 5 campeonatos com jogos de intensidade mais alta e menor intervalo entre jogos\u201d,<\/em> explica Almir.<\/p>\n","protected":false},"excerpt":{"rendered":"<p>Para o profissional, atua\u00e7\u00e3o no time \u00e9 a realiza\u00e7\u00e3o de um sonho Ipor\u00e3 do Oeste \u2013 Foi a partir de uma visita realizada a sede da Associa\u00e7\u00e3o Chapecoense de Futebol, em Chapec\u00f3, ainda na \u00e9poca em que cursava a faculdade, que despertou em Almir Walker o interesse em atuar junto a equipe. Esse interesse evoluiu<\/p>\n","protected":false},"author":1,"featured_media":8397,"comment_status":"open","ping_status":"open","sticky":false,"template":"","format":"standard","meta":{"footnotes":""},"categories":[41],"tags":[],"class_list":{"0":"post-8395","1":"post","2":"type-post","3":"status-publish","4":"format-standard","5":"has-post-thumbnail","7":"category-noticias"},"_links":{"self":[{"href":"https:\/\/noticiarioregional.com.br\/index.php?rest_route=\/wp\/v2\/posts\/8395","targetHints":{"allow":["GET"]}}],"collection":[{"href":"https:\/\/noticiarioregional.com.br\/index.php?rest_route=\/wp\/v2\/posts"}],"about":[{"href":"https:\/\/noticiarioregional.com.br\/index.php?rest_route=\/wp\/v2\/types\/post"}],"author":[{"embeddable":true,"href":"https:\/\/noticiarioregional.com.br\/index.php?rest_route=\/wp\/v2\/users\/1"}],"replies":[{"embeddable":true,"href":"https:\/\/noticiarioregional.com.br\/index.php?rest_route=%2Fwp%2Fv2%2Fcomments&post=8395"}],"version-history":[{"count":1,"href":"https:\/\/noticiarioregional.com.br\/index.php?rest_route=\/wp\/v2\/posts\/8395\/revisions"}],"predecessor-version":[{"id":8399,"href":"https:\/\/noticiarioregional.com.br\/index.php?rest_route=\/wp\/v2\/posts\/8395\/revisions\/8399"}],"wp:featuredmedia":[{"embeddable":true,"href":"https:\/\/noticiarioregional.com.br\/index.php?rest_route=\/wp\/v2\/media\/8397"}],"wp:attachment":[{"href":"https:\/\/noticiarioregional.com.br\/index.php?rest_route=%2Fwp%2Fv2%2Fmedia&parent=8395"}],"wp:term":[{"taxonomy":"category","embeddable":true,"href":"https:\/\/noticiarioregional.com.br\/index.php?rest_route=%2Fwp%2Fv2%2Fcategories&post=8395"},{"taxonomy":"post_tag","embeddable":true,"href":"https:\/\/noticiarioregional.com.br\/index.php?rest_route=%2Fwp%2Fv2%2Ftags&post=8395"}],"curies":[{"name":"wp","href":"https:\/\/api.w.org\/{rel}","templated":true}]}}