{"id":8400,"date":"2026-01-29T08:38:46","date_gmt":"2026-01-29T11:38:46","guid":{"rendered":"https:\/\/noticiarioregional.com.br\/?p=8400"},"modified":"2026-01-29T08:40:37","modified_gmt":"2026-01-29T11:40:37","slug":"internacional-de-sao-valentim-e-campeao-da-serie-ouro-do-municipal-de-descanso","status":"publish","type":"post","link":"https:\/\/noticiarioregional.com.br\/?p=8400","title":{"rendered":"Internacional de S\u00e3o Valentim \u00e9 campe\u00e3o da S\u00e9rie Ouro do Municipal de Descanso"},"content":{"rendered":"\n<p>             A temporada de 2025 do Campeonato Municipal de Descanso foi encerrada no domingo, dia 28 de dezembro, com as finais das S\u00e9ries Ouro e Prata, disputadas no campo da La. S\u00e3o Valentim.<\/p>\n\n\n\n<p>&nbsp;&nbsp;&nbsp;&nbsp;&nbsp;&nbsp;&nbsp;&nbsp;&nbsp;&nbsp;&nbsp; Na s\u00e9rie ouro, ap\u00f3s perder o jogo de ida por 1 a 0, o time da casa, Internacional se recuperou na partida de volta, marcou dois gols e garantiu a virada no placar agregado, sagrando-se campe\u00e3o. Destaque individual para Alexandro Junior Casagrande, artilheiro da categoria e Josu\u00e9 Vargas de Jesus, que recebeu o trof\u00e9u de goleiro menos vazado, ambos atletas do Inter.<\/p>\n\n\n\n<figure class=\"wp-block-gallery has-nested-images columns-default is-cropped wp-block-gallery-1 is-layout-flex wp-block-gallery-is-layout-flex\">\n<figure class=\"wp-block-image size-large\"><img fetchpriority=\"high\" decoding=\"async\" width=\"682\" height=\"1024\" data-id=\"8407\" src=\"https:\/\/noticiarioregional.com.br\/wp-content\/uploads\/2026\/01\/Alexandro-Junior-Casagrande-artilheiro-da-serie-ouro-1-682x1024.jpeg\" alt=\"\" class=\"wp-image-8407\" srcset=\"https:\/\/noticiarioregional.com.br\/wp-content\/uploads\/2026\/01\/Alexandro-Junior-Casagrande-artilheiro-da-serie-ouro-1-682x1024.jpeg 682w, https:\/\/noticiarioregional.com.br\/wp-content\/uploads\/2026\/01\/Alexandro-Junior-Casagrande-artilheiro-da-serie-ouro-1-200x300.jpeg 200w, https:\/\/noticiarioregional.com.br\/wp-content\/uploads\/2026\/01\/Alexandro-Junior-Casagrande-artilheiro-da-serie-ouro-1-768x1154.jpeg 768w, https:\/\/noticiarioregional.com.br\/wp-content\/uploads\/2026\/01\/Alexandro-Junior-Casagrande-artilheiro-da-serie-ouro-1-150x225.jpeg 150w, https:\/\/noticiarioregional.com.br\/wp-content\/uploads\/2026\/01\/Alexandro-Junior-Casagrande-artilheiro-da-serie-ouro-1-450x676.jpeg 450w, https:\/\/noticiarioregional.com.br\/wp-content\/uploads\/2026\/01\/Alexandro-Junior-Casagrande-artilheiro-da-serie-ouro-1.jpeg 852w\" sizes=\"(max-width: 682px) 100vw, 682px\" \/><figcaption class=\"wp-element-caption\">Alexandro Junior Casagrande, artilheiro da s\u00e9rie ouro<\/figcaption><\/figure>\n\n\n\n<figure class=\"wp-block-image size-large\"><img decoding=\"async\" width=\"682\" height=\"1024\" data-id=\"8408\" src=\"https:\/\/noticiarioregional.com.br\/wp-content\/uploads\/2026\/01\/Josue-Vargas-de-Jesus-goleiro-menos-vazado-da-serie-ouro-1-682x1024.jpeg\" alt=\"\" class=\"wp-image-8408\" srcset=\"https:\/\/noticiarioregional.com.br\/wp-content\/uploads\/2026\/01\/Josue-Vargas-de-Jesus-goleiro-menos-vazado-da-serie-ouro-1-682x1024.jpeg 682w, https:\/\/noticiarioregional.com.br\/wp-content\/uploads\/2026\/01\/Josue-Vargas-de-Jesus-goleiro-menos-vazado-da-serie-ouro-1-200x300.jpeg 200w, https:\/\/noticiarioregional.com.br\/wp-content\/uploads\/2026\/01\/Josue-Vargas-de-Jesus-goleiro-menos-vazado-da-serie-ouro-1-768x1154.jpeg 768w, https:\/\/noticiarioregional.com.br\/wp-content\/uploads\/2026\/01\/Josue-Vargas-de-Jesus-goleiro-menos-vazado-da-serie-ouro-1-150x225.jpeg 150w, https:\/\/noticiarioregional.com.br\/wp-content\/uploads\/2026\/01\/Josue-Vargas-de-Jesus-goleiro-menos-vazado-da-serie-ouro-1-450x676.jpeg 450w, https:\/\/noticiarioregional.com.br\/wp-content\/uploads\/2026\/01\/Josue-Vargas-de-Jesus-goleiro-menos-vazado-da-serie-ouro-1.jpeg 852w\" sizes=\"(max-width: 682px) 100vw, 682px\" \/><figcaption class=\"wp-element-caption\">Josu\u00e9 Vargas de Jesus, goleiro menos vazado da s\u00e9rie ouro<\/figcaption><\/figure>\n<\/figure>\n\n\n\n<p>&nbsp;&nbsp;&nbsp;&nbsp;&nbsp;&nbsp;&nbsp;&nbsp;&nbsp;&nbsp;&nbsp; Na S\u00e9rie Prata, o Itajub\u00e1 B venceu no jogo de ida por 3 a 0 e, no confronto de volta, ampliou a vantagem com mais dois gols, conquistando o t\u00edtulo. O artilheiro da S\u00e9rie Prata foi Ivair Fabi, do Itajub\u00e1 B, enquanto Luiz Eduardo Mendes, tamb\u00e9m da equipe campe\u00e3, recebeu o pr\u00eamio de goleiro menos vazado da categoria.<\/p>\n\n\n\n<figure class=\"wp-block-image size-large\"><img decoding=\"async\" width=\"1024\" height=\"682\" src=\"http:\/\/noticiarioregional.com.br\/wp-content\/uploads\/2026\/01\/Itajuba-B-campeao-da-serie-prata-1024x682.jpeg\" alt=\"\" class=\"wp-image-8405\" srcset=\"https:\/\/noticiarioregional.com.br\/wp-content\/uploads\/2026\/01\/Itajuba-B-campeao-da-serie-prata-1024x682.jpeg 1024w, https:\/\/noticiarioregional.com.br\/wp-content\/uploads\/2026\/01\/Itajuba-B-campeao-da-serie-prata-300x200.jpeg 300w, https:\/\/noticiarioregional.com.br\/wp-content\/uploads\/2026\/01\/Itajuba-B-campeao-da-serie-prata-768x511.jpeg 768w, https:\/\/noticiarioregional.com.br\/wp-content\/uploads\/2026\/01\/Itajuba-B-campeao-da-serie-prata-150x100.jpeg 150w, https:\/\/noticiarioregional.com.br\/wp-content\/uploads\/2026\/01\/Itajuba-B-campeao-da-serie-prata-450x300.jpeg 450w, https:\/\/noticiarioregional.com.br\/wp-content\/uploads\/2026\/01\/Itajuba-B-campeao-da-serie-prata-1200x799.jpeg 1200w, https:\/\/noticiarioregional.com.br\/wp-content\/uploads\/2026\/01\/Itajuba-B-campeao-da-serie-prata.jpeg 1280w\" sizes=\"(max-width: 1024px) 100vw, 1024px\" \/><figcaption class=\"wp-element-caption\">Itajub\u00e1 B, campe\u00e3o da s\u00e9rie prata<\/figcaption><\/figure>\n\n\n\n<figure class=\"wp-block-gallery has-nested-images columns-default is-cropped wp-block-gallery-2 is-layout-flex wp-block-gallery-is-layout-flex\">\n<figure class=\"wp-block-image size-large\"><img loading=\"lazy\" decoding=\"async\" width=\"682\" height=\"1024\" data-id=\"8411\" src=\"https:\/\/noticiarioregional.com.br\/wp-content\/uploads\/2026\/01\/Ivair-Fabi-artilheiro-da-serie-prata-2-682x1024.jpeg\" alt=\"\" class=\"wp-image-8411\" srcset=\"https:\/\/noticiarioregional.com.br\/wp-content\/uploads\/2026\/01\/Ivair-Fabi-artilheiro-da-serie-prata-2-682x1024.jpeg 682w, https:\/\/noticiarioregional.com.br\/wp-content\/uploads\/2026\/01\/Ivair-Fabi-artilheiro-da-serie-prata-2-200x300.jpeg 200w, https:\/\/noticiarioregional.com.br\/wp-content\/uploads\/2026\/01\/Ivair-Fabi-artilheiro-da-serie-prata-2-768x1154.jpeg 768w, https:\/\/noticiarioregional.com.br\/wp-content\/uploads\/2026\/01\/Ivair-Fabi-artilheiro-da-serie-prata-2-150x225.jpeg 150w, https:\/\/noticiarioregional.com.br\/wp-content\/uploads\/2026\/01\/Ivair-Fabi-artilheiro-da-serie-prata-2-450x676.jpeg 450w, https:\/\/noticiarioregional.com.br\/wp-content\/uploads\/2026\/01\/Ivair-Fabi-artilheiro-da-serie-prata-2.jpeg 852w\" sizes=\"(max-width: 682px) 100vw, 682px\" \/><figcaption class=\"wp-element-caption\">Ivair Fabi, artilheiro da s\u00e9rie prata<\/figcaption><\/figure>\n\n\n\n<figure class=\"wp-block-image size-large\"><img loading=\"lazy\" decoding=\"async\" width=\"682\" height=\"1024\" data-id=\"8412\" src=\"https:\/\/noticiarioregional.com.br\/wp-content\/uploads\/2026\/01\/Luiz-Eduardo-Mendes-goleiro-menos-vazado-da-serie-prata-2-682x1024.jpeg\" alt=\"\" class=\"wp-image-8412\" srcset=\"https:\/\/noticiarioregional.com.br\/wp-content\/uploads\/2026\/01\/Luiz-Eduardo-Mendes-goleiro-menos-vazado-da-serie-prata-2-682x1024.jpeg 682w, https:\/\/noticiarioregional.com.br\/wp-content\/uploads\/2026\/01\/Luiz-Eduardo-Mendes-goleiro-menos-vazado-da-serie-prata-2-200x300.jpeg 200w, https:\/\/noticiarioregional.com.br\/wp-content\/uploads\/2026\/01\/Luiz-Eduardo-Mendes-goleiro-menos-vazado-da-serie-prata-2-768x1154.jpeg 768w, https:\/\/noticiarioregional.com.br\/wp-content\/uploads\/2026\/01\/Luiz-Eduardo-Mendes-goleiro-menos-vazado-da-serie-prata-2-150x225.jpeg 150w, https:\/\/noticiarioregional.com.br\/wp-content\/uploads\/2026\/01\/Luiz-Eduardo-Mendes-goleiro-menos-vazado-da-serie-prata-2-450x676.jpeg 450w, https:\/\/noticiarioregional.com.br\/wp-content\/uploads\/2026\/01\/Luiz-Eduardo-Mendes-goleiro-menos-vazado-da-serie-prata-2.jpeg 852w\" sizes=\"(max-width: 682px) 100vw, 682px\" \/><figcaption class=\"wp-element-caption\">Luiz Eduardo Mendes, goleiro menos vazado da s\u00e9rie prata<\/figcaption><\/figure>\n<\/figure>\n\n\n\n<p>&nbsp;&nbsp;&nbsp;&nbsp;&nbsp;&nbsp;&nbsp;&nbsp;&nbsp;&nbsp;&nbsp; A Secretaria de Esportes informa que o prazo de inscri\u00e7\u00f5es para os Municipal de Su\u00ed\u00e7o Livre e Futebol de Campo Veterano foi encerrado. Permanecem abertas as inscri\u00e7\u00f5es para as modalidades de Su\u00ed\u00e7o Livre masculino e feminino, Su\u00ed\u00e7o sub-12 e sub-14, Campeonato Municipal de Futebol de Campo Veterano, Bocha 48, Bocha Rolada, Torneio Interfirmas de Beach Tennis, nas categorias masculino e feminino, e Torneio Interfirmas de V\u00f4lei de Areia, masculino e feminino.<\/p>\n","protected":false},"excerpt":{"rendered":"<p>A temporada de 2025 do Campeonato Municipal de Descanso foi encerrada no domingo, dia 28 de dezembro, com as finais das S\u00e9ries Ouro e Prata, disputadas no campo da La. S\u00e3o Valentim. &nbsp;&nbsp;&nbsp;&nbsp;&nbsp;&nbsp;&nbsp;&nbsp;&nbsp;&nbsp;&nbsp; Na s\u00e9rie ouro, ap\u00f3s perder o jogo de ida por 1 a 0, o time da casa, Internacional se recuperou na partida<\/p>\n","protected":false},"author":1,"featured_media":8404,"comment_status":"open","ping_status":"open","sticky":false,"template":"","format":"standard","meta":{"footnotes":""},"categories":[41],"tags":[],"class_list":{"0":"post-8400","1":"post","2":"type-post","3":"status-publish","4":"format-standard","5":"has-post-thumbnail","7":"category-noticias"},"_links":{"self":[{"href":"https:\/\/noticiarioregional.com.br\/index.php?rest_route=\/wp\/v2\/posts\/8400","targetHints":{"allow":["GET"]}}],"collection":[{"href":"https:\/\/noticiarioregional.com.br\/index.php?rest_route=\/wp\/v2\/posts"}],"about":[{"href":"https:\/\/noticiarioregional.com.br\/index.php?rest_route=\/wp\/v2\/types\/post"}],"author":[{"embeddable":true,"href":"https:\/\/noticiarioregional.com.br\/index.php?rest_route=\/wp\/v2\/users\/1"}],"replies":[{"embeddable":true,"href":"https:\/\/noticiarioregional.com.br\/index.php?rest_route=%2Fwp%2Fv2%2Fcomments&post=8400"}],"version-history":[{"count":3,"href":"https:\/\/noticiarioregional.com.br\/index.php?rest_route=\/wp\/v2\/posts\/8400\/revisions"}],"predecessor-version":[{"id":8418,"href":"https:\/\/noticiarioregional.com.br\/index.php?rest_route=\/wp\/v2\/posts\/8400\/revisions\/8418"}],"wp:featuredmedia":[{"embeddable":true,"href":"https:\/\/noticiarioregional.com.br\/index.php?rest_route=\/wp\/v2\/media\/8404"}],"wp:attachment":[{"href":"https:\/\/noticiarioregional.com.br\/index.php?rest_route=%2Fwp%2Fv2%2Fmedia&parent=8400"}],"wp:term":[{"taxonomy":"category","embeddable":true,"href":"https:\/\/noticiarioregional.com.br\/index.php?rest_route=%2Fwp%2Fv2%2Fcategories&post=8400"},{"taxonomy":"post_tag","embeddable":true,"href":"https:\/\/noticiarioregional.com.br\/index.php?rest_route=%2Fwp%2Fv2%2Ftags&post=8400"}],"curies":[{"name":"wp","href":"https:\/\/api.w.org\/{rel}","templated":true}]}}