{"id":8413,"date":"2026-01-29T08:40:14","date_gmt":"2026-01-29T11:40:14","guid":{"rendered":"https:\/\/noticiarioregional.com.br\/?p=8413"},"modified":"2026-01-29T08:40:16","modified_gmt":"2026-01-29T11:40:16","slug":"camara-de-vereadores-de-caibi-devolve-mais-de-r-11-milhao-em-sobras-de-recursos-ao-executivo","status":"publish","type":"post","link":"https:\/\/noticiarioregional.com.br\/?p=8413","title":{"rendered":"C\u00e2mara de Vereadores de Caibi devolve mais de R$ 1,1 milh\u00e3o em sobras de recursos ao Executivo"},"content":{"rendered":"\n<p>A C\u00e2mara de Vereadores de Caibi realizou no dia 19 de dezembro, a devolu\u00e7\u00e3o oficial das sobras de recursos do duod\u00e9cimo \u00e0 Administra\u00e7\u00e3o Municipal. O ato foi conduzido pela presidente do Legislativo, Edimara Terezinha Conte Portes, que entregou ao Executivo o montante de R$ 1.110.617,26, resultado de uma gest\u00e3o marcada pela economia, organiza\u00e7\u00e3o e responsabilidade fiscal.<\/p>\n\n\n\n<p>Durante o an\u00fancio, Edimara destacou o sentimento de dever cumprido e refor\u00e7ou o compromisso da Mesa Diretora e de todos os vereadores com a correta aplica\u00e7\u00e3o dos recursos p\u00fablicos. Segundo ela, a devolu\u00e7\u00e3o simboliza o respeito ao dinheiro do contribuinte e a seriedade com que o Legislativo tem conduzido suas atividades administrativas e financeiras.<\/p>\n\n\n\n<p>\u201c<em>Esse resultado \u00e9 fruto de uma gest\u00e3o s\u00e9ria, organizada e comprometida, sempre trabalhando para que cada centavo economizado retorne em benef\u00edcios para a nossa comunidade<\/em>\u201d, afirmou a presidente. Para Edimara, a transpar\u00eancia e a responsabilidade s\u00e3o pilares fundamentais da atua\u00e7\u00e3o da C\u00e2mara, especialmente em um cen\u00e1rio em que a popula\u00e7\u00e3o acompanha de perto a aplica\u00e7\u00e3o dos recursos p\u00fablicos.<\/p>\n\n\n\n<p>O duod\u00e9cimo \u00e9 o repasse mensal feito pelo Executivo ao Legislativo para garantir o funcionamento da C\u00e2mara, conforme previsto na Constitui\u00e7\u00e3o Federal e na Lei Or\u00e7ament\u00e1ria Anual. Quando h\u00e1 economia ao longo do exerc\u00edcio financeiro, os valores n\u00e3o utilizados devem ser devolvidos aos cofres do munic\u00edpio, podendo ser redirecionados para investimentos em \u00e1reas priorit\u00e1rias, como sa\u00fade, educa\u00e7\u00e3o, infraestrutura e assist\u00eancia social.<\/p>\n\n\n\n<p>A presidente tamb\u00e9m ressaltou que a devolu\u00e7\u00e3o expressiva \u00e9 reflexo de um trabalho conjunto entre vereadores, servidores e setores administrativos da C\u00e2mara, que atuaram de forma planejada para manter as contas equilibradas sem comprometer a qualidade dos servi\u00e7os legislativos. \u201c<em>\u00c9 uma conquista coletiva, que demonstra que \u00e9 poss\u00edvel fazer um Legislativo atuante, eficiente e, ao mesmo tempo, econ\u00f4mico<\/em>\u201d, completou.<\/p>\n\n\n\n<p>Com a devolu\u00e7\u00e3o do valor, a expectativa \u00e9 de que a Administra\u00e7\u00e3o Municipal possa refor\u00e7ar projetos e a\u00e7\u00f5es que atendam diretamente a popula\u00e7\u00e3o caibiense, ampliando investimentos e melhorias nos servi\u00e7os p\u00fablicos. O gesto da C\u00e2mara de Vereadores refor\u00e7a, ainda, a import\u00e2ncia da harmonia entre os poderes e da boa gest\u00e3o dos recursos, fortalecendo a confian\u00e7a da comunidade nas institui\u00e7\u00f5es p\u00fablicas do munic\u00edpio.<\/p>\n","protected":false},"excerpt":{"rendered":"<p>A C\u00e2mara de Vereadores de Caibi realizou no dia 19 de dezembro, a devolu\u00e7\u00e3o oficial das sobras de recursos do duod\u00e9cimo \u00e0 Administra\u00e7\u00e3o Municipal. O ato foi conduzido pela presidente do Legislativo, Edimara Terezinha Conte Portes, que entregou ao Executivo o montante de R$ 1.110.617,26, resultado de uma gest\u00e3o marcada pela economia, organiza\u00e7\u00e3o e responsabilidade<\/p>\n","protected":false},"author":1,"featured_media":8416,"comment_status":"open","ping_status":"open","sticky":false,"template":"","format":"standard","meta":{"footnotes":""},"categories":[41],"tags":[],"class_list":{"0":"post-8413","1":"post","2":"type-post","3":"status-publish","4":"format-standard","5":"has-post-thumbnail","7":"category-noticias"},"_links":{"self":[{"href":"https:\/\/noticiarioregional.com.br\/index.php?rest_route=\/wp\/v2\/posts\/8413","targetHints":{"allow":["GET"]}}],"collection":[{"href":"https:\/\/noticiarioregional.com.br\/index.php?rest_route=\/wp\/v2\/posts"}],"about":[{"href":"https:\/\/noticiarioregional.com.br\/index.php?rest_route=\/wp\/v2\/types\/post"}],"author":[{"embeddable":true,"href":"https:\/\/noticiarioregional.com.br\/index.php?rest_route=\/wp\/v2\/users\/1"}],"replies":[{"embeddable":true,"href":"https:\/\/noticiarioregional.com.br\/index.php?rest_route=%2Fwp%2Fv2%2Fcomments&post=8413"}],"version-history":[{"count":1,"href":"https:\/\/noticiarioregional.com.br\/index.php?rest_route=\/wp\/v2\/posts\/8413\/revisions"}],"predecessor-version":[{"id":8417,"href":"https:\/\/noticiarioregional.com.br\/index.php?rest_route=\/wp\/v2\/posts\/8413\/revisions\/8417"}],"wp:featuredmedia":[{"embeddable":true,"href":"https:\/\/noticiarioregional.com.br\/index.php?rest_route=\/wp\/v2\/media\/8416"}],"wp:attachment":[{"href":"https:\/\/noticiarioregional.com.br\/index.php?rest_route=%2Fwp%2Fv2%2Fmedia&parent=8413"}],"wp:term":[{"taxonomy":"category","embeddable":true,"href":"https:\/\/noticiarioregional.com.br\/index.php?rest_route=%2Fwp%2Fv2%2Fcategories&post=8413"},{"taxonomy":"post_tag","embeddable":true,"href":"https:\/\/noticiarioregional.com.br\/index.php?rest_route=%2Fwp%2Fv2%2Ftags&post=8413"}],"curies":[{"name":"wp","href":"https:\/\/api.w.org\/{rel}","templated":true}]}}