{"id":8423,"date":"2026-02-02T07:49:57","date_gmt":"2026-02-02T10:49:57","guid":{"rendered":"https:\/\/noticiarioregional.com.br\/?p=8423"},"modified":"2026-02-02T07:51:07","modified_gmt":"2026-02-02T10:51:07","slug":"administracao-municipal-reajusta-10-vale-alimentacao-dos-servidores-publicos","status":"publish","type":"post","link":"https:\/\/noticiarioregional.com.br\/?p=8423","title":{"rendered":"Administra\u00e7\u00e3o Municipal reajusta 10% vale alimenta\u00e7\u00e3o dos servidores p\u00fablicos"},"content":{"rendered":"\n<p>A Administra\u00e7\u00e3o Municipal de Monda\u00ed oficializou, para o exerc\u00edcio de 2026, o reajuste de 10% no valor do vale-alimenta\u00e7\u00e3o concedido aos servidores p\u00fablicos municipais. O benef\u00edcio, que at\u00e9 ent\u00e3o era de R$ 250,00 mensais, passa a ser de R$ 275,00 para os servidores com carga hor\u00e1ria de 40 horas\/semanais, medida que visa recompor o poder de compra dos trabalhadores diante da eleva\u00e7\u00e3o cont\u00ednua do custo de vida, especialmente nas despesas com alimenta\u00e7\u00e3o. O Projeto de Lei Ordin\u00e1ria, encaminhado pelo Poder Executivo \u00e0 C\u00e2mara de Vereadores, foi aprovado por unanimidade pelos parlamentares.<\/p>\n\n\n\n<p>Segundo o secret\u00e1rio de Administra\u00e7\u00e3o, <strong>Juliano de Oliveira<\/strong>, o reajuste ter\u00e1 impacto aproximado de <strong>R$ 150 mil no or\u00e7amento anual do munic\u00edpio<\/strong>, valor que, conforme estudos t\u00e9cnicos, est\u00e1 devidamente previsto e compat\u00edvel com o planejamento financeiro da Administra\u00e7\u00e3o. \u201c<em>A proposta foi constru\u00edda com responsabilidade fiscal, respeitando os limites legais e assegurando que o munic\u00edpio mantenha suas metas or\u00e7ament\u00e1rias sem comprometer a sa\u00fade financeira<\/em>\u201d, destacou.<\/p>\n\n\n\n<p class=\"has-larger-font-size\"><strong>Servidor enfatiza boa<\/strong> <strong>iniciativa da Administra\u00e7\u00e3o<\/strong><\/p>\n\n\n\n<figure class=\"wp-block-gallery has-nested-images columns-default is-cropped wp-block-gallery-1 is-layout-flex wp-block-gallery-is-layout-flex\">\n<figure class=\"wp-block-image size-large is-style-default\"><img fetchpriority=\"high\" decoding=\"async\" width=\"683\" height=\"1024\" data-id=\"8426\" src=\"https:\/\/noticiarioregional.com.br\/wp-content\/uploads\/2026\/02\/Lucas-683x1024.jpg\" alt=\"\" class=\"wp-image-8426\" srcset=\"https:\/\/noticiarioregional.com.br\/wp-content\/uploads\/2026\/02\/Lucas-683x1024.jpg 683w, https:\/\/noticiarioregional.com.br\/wp-content\/uploads\/2026\/02\/Lucas-200x300.jpg 200w, https:\/\/noticiarioregional.com.br\/wp-content\/uploads\/2026\/02\/Lucas-768x1152.jpg 768w, https:\/\/noticiarioregional.com.br\/wp-content\/uploads\/2026\/02\/Lucas-1024x1536.jpg 1024w, https:\/\/noticiarioregional.com.br\/wp-content\/uploads\/2026\/02\/Lucas-1365x2048.jpg 1365w, https:\/\/noticiarioregional.com.br\/wp-content\/uploads\/2026\/02\/Lucas-150x225.jpg 150w, https:\/\/noticiarioregional.com.br\/wp-content\/uploads\/2026\/02\/Lucas-450x675.jpg 450w, https:\/\/noticiarioregional.com.br\/wp-content\/uploads\/2026\/02\/Lucas-1200x1800.jpg 1200w, https:\/\/noticiarioregional.com.br\/wp-content\/uploads\/2026\/02\/Lucas-scaled.jpg 1707w\" sizes=\"(max-width: 683px) 100vw, 683px\" \/><\/figure>\n<\/figure>\n\n\n\n<p>Para os servidores, a medida representa um reconhecimento direto da import\u00e2ncia do benef\u00edcio no dia a dia. O analista de controle interno <strong>Lucas Eduardo Tonezer<\/strong> avalia a iniciativa como um avan\u00e7o na pol\u00edtica de valoriza\u00e7\u00e3o do funcionalismo. \u201c<em>O vale-alimenta\u00e7\u00e3o veio para valorizar os servidores p\u00fablicos municipais e era um benef\u00edcio esperado h\u00e1 v\u00e1rios anos. Com certeza \u00e9 uma boa iniciativa. Ele possibilita ampliar as compras mensais e auxilia na melhoria da qualidade de vida, especialmente diante dos recorrentes aumentos nos valores dos g\u00eaneros aliment\u00edcios, ajudando a fechar as contas no final do m\u00eas<\/em>\u201d, ressaltou.<\/p>\n\n\n\n<p><\/p>\n","protected":false},"excerpt":{"rendered":"<p>A Administra\u00e7\u00e3o Municipal de Monda\u00ed oficializou, para o exerc\u00edcio de 2026, o reajuste de 10% no valor do vale-alimenta\u00e7\u00e3o concedido aos servidores p\u00fablicos municipais. O benef\u00edcio, que at\u00e9 ent\u00e3o era de R$ 250,00 mensais, passa a ser de R$ 275,00 para os servidores com carga hor\u00e1ria de 40 horas\/semanais, medida que visa recompor o poder<\/p>\n","protected":false},"author":1,"featured_media":8425,"comment_status":"open","ping_status":"open","sticky":false,"template":"","format":"standard","meta":{"footnotes":""},"categories":[41],"tags":[],"class_list":{"0":"post-8423","1":"post","2":"type-post","3":"status-publish","4":"format-standard","5":"has-post-thumbnail","7":"category-noticias"},"_links":{"self":[{"href":"https:\/\/noticiarioregional.com.br\/index.php?rest_route=\/wp\/v2\/posts\/8423","targetHints":{"allow":["GET"]}}],"collection":[{"href":"https:\/\/noticiarioregional.com.br\/index.php?rest_route=\/wp\/v2\/posts"}],"about":[{"href":"https:\/\/noticiarioregional.com.br\/index.php?rest_route=\/wp\/v2\/types\/post"}],"author":[{"embeddable":true,"href":"https:\/\/noticiarioregional.com.br\/index.php?rest_route=\/wp\/v2\/users\/1"}],"replies":[{"embeddable":true,"href":"https:\/\/noticiarioregional.com.br\/index.php?rest_route=%2Fwp%2Fv2%2Fcomments&post=8423"}],"version-history":[{"count":1,"href":"https:\/\/noticiarioregional.com.br\/index.php?rest_route=\/wp\/v2\/posts\/8423\/revisions"}],"predecessor-version":[{"id":8427,"href":"https:\/\/noticiarioregional.com.br\/index.php?rest_route=\/wp\/v2\/posts\/8423\/revisions\/8427"}],"wp:featuredmedia":[{"embeddable":true,"href":"https:\/\/noticiarioregional.com.br\/index.php?rest_route=\/wp\/v2\/media\/8425"}],"wp:attachment":[{"href":"https:\/\/noticiarioregional.com.br\/index.php?rest_route=%2Fwp%2Fv2%2Fmedia&parent=8423"}],"wp:term":[{"taxonomy":"category","embeddable":true,"href":"https:\/\/noticiarioregional.com.br\/index.php?rest_route=%2Fwp%2Fv2%2Fcategories&post=8423"},{"taxonomy":"post_tag","embeddable":true,"href":"https:\/\/noticiarioregional.com.br\/index.php?rest_route=%2Fwp%2Fv2%2Ftags&post=8423"}],"curies":[{"name":"wp","href":"https:\/\/api.w.org\/{rel}","templated":true}]}}