{"id":8428,"date":"2026-02-02T07:53:35","date_gmt":"2026-02-02T10:53:35","guid":{"rendered":"https:\/\/noticiarioregional.com.br\/?p=8428"},"modified":"2026-02-02T07:53:36","modified_gmt":"2026-02-02T10:53:36","slug":"bancadas-do-pp-e-pl-destinam-mais-de-r-262-mil-em-emendas-impositivas-para-a-saude","status":"publish","type":"post","link":"https:\/\/noticiarioregional.com.br\/?p=8428","title":{"rendered":"Bancadas do PP e PL destinam mais de R$ 262 mil em emendas impositivas para a Sa\u00fade"},"content":{"rendered":"\n<p><strong>Caibi &#8211;<\/strong> As bancadas do Partido Progressista (PP) e do Partido Liberal (PL) na C\u00e2mara de Vereadores anunciaram a destina\u00e7\u00e3o de emendas impostivas de bancadas para a \u00e1rea da sa\u00fade do munic\u00edpio. A iniciativa, fruto de di\u00e1logo, planejamento e trabalho conjunto entre os parlamentares, visa fortalecer os atendimentos, ampliar o acesso a servi\u00e7os especializados e garantir mais agilidade nos diagn\u00f3sticos \u00e0 popula\u00e7\u00e3o caibiense.<\/p>\n\n\n\n<p>De acordo com informa\u00e7\u00f5es repassadas pela vereadora Edimara Conte Portes, do PP, a bancada do Progressistas destinou o valor de R$ 210.065,57, enquanto a bancada do PL contribuiu com R$ 52.516,39, totalizando R$ 262.581,96. Os recursos foram repassados \u00e0 Secretaria Municipal de Sa\u00fade de Caibi, com aplica\u00e7\u00e3o direcionada ao custeio de exames especializados.<\/p>\n\n\n\n<p>O investimento contempla procedimentos essenciais como resson\u00e2ncia magn\u00e9tica, tomografia, colonoscopia e endoscopia, fundamentais para diagn\u00f3sticos mais precisos, preven\u00e7\u00e3o de doen\u00e7as e acompanhamento adequado dos pacientes. Segundo os parlamentares, a aplica\u00e7\u00e3o desses recursos permitir\u00e1 a redu\u00e7\u00e3o de filas, a agiliza\u00e7\u00e3o dos atendimentos e mais seguran\u00e7a tanto para os pacientes quanto para os profissionais da sa\u00fade. \u201c<em>A sa\u00fade \u00e9 uma das principais demandas da nossa comunidade, e o Poder Legislativo tem a responsabilidade de contribuir com solu\u00e7\u00f5es concretas. Investir nesses exames significa garantir dignidade, qualidade de vida e cuidado com as pessoas<\/em>\u201d, destacou a vereadora Edimara. Ela refor\u00e7a que a a\u00e7\u00e3o reflete o trabalho coletivo das bancadas do PP e do PL, que atuam de forma unida em benef\u00edcio da popula\u00e7\u00e3o.<\/p>\n\n\n\n<p>A Secretaria Municipal de Sa\u00fade j\u00e1 iniciou a utiliza\u00e7\u00e3o dos recursos. Conforme informado pela secret\u00e1ria de Sa\u00fade, Liandra de Ara\u00fajo, nesta semana foi realizado o primeiro mutir\u00e3o de exames com o uso das emendas.<\/p>\n\n\n\n<p>Em nome da Secretaria de Sa\u00fade, da equipe t\u00e9cnica e da Administra\u00e7\u00e3o Municipal, foi registrado agradecimento \u00e0s bancadas do PP e do PL pelo compromisso e pela responsabilidade com o dinheiro p\u00fablico.<\/p>\n","protected":false},"excerpt":{"rendered":"<p>Caibi &#8211; As bancadas do Partido Progressista (PP) e do Partido Liberal (PL) na C\u00e2mara de Vereadores anunciaram a destina\u00e7\u00e3o de emendas impostivas de bancadas para a \u00e1rea da sa\u00fade do munic\u00edpio. A iniciativa, fruto de di\u00e1logo, planejamento e trabalho conjunto entre os parlamentares, visa fortalecer os atendimentos, ampliar o acesso a servi\u00e7os especializados e<\/p>\n","protected":false},"author":1,"featured_media":8429,"comment_status":"open","ping_status":"open","sticky":false,"template":"","format":"standard","meta":{"footnotes":""},"categories":[41],"tags":[],"class_list":{"0":"post-8428","1":"post","2":"type-post","3":"status-publish","4":"format-standard","5":"has-post-thumbnail","7":"category-noticias"},"_links":{"self":[{"href":"https:\/\/noticiarioregional.com.br\/index.php?rest_route=\/wp\/v2\/posts\/8428","targetHints":{"allow":["GET"]}}],"collection":[{"href":"https:\/\/noticiarioregional.com.br\/index.php?rest_route=\/wp\/v2\/posts"}],"about":[{"href":"https:\/\/noticiarioregional.com.br\/index.php?rest_route=\/wp\/v2\/types\/post"}],"author":[{"embeddable":true,"href":"https:\/\/noticiarioregional.com.br\/index.php?rest_route=\/wp\/v2\/users\/1"}],"replies":[{"embeddable":true,"href":"https:\/\/noticiarioregional.com.br\/index.php?rest_route=%2Fwp%2Fv2%2Fcomments&post=8428"}],"version-history":[{"count":1,"href":"https:\/\/noticiarioregional.com.br\/index.php?rest_route=\/wp\/v2\/posts\/8428\/revisions"}],"predecessor-version":[{"id":8430,"href":"https:\/\/noticiarioregional.com.br\/index.php?rest_route=\/wp\/v2\/posts\/8428\/revisions\/8430"}],"wp:featuredmedia":[{"embeddable":true,"href":"https:\/\/noticiarioregional.com.br\/index.php?rest_route=\/wp\/v2\/media\/8429"}],"wp:attachment":[{"href":"https:\/\/noticiarioregional.com.br\/index.php?rest_route=%2Fwp%2Fv2%2Fmedia&parent=8428"}],"wp:term":[{"taxonomy":"category","embeddable":true,"href":"https:\/\/noticiarioregional.com.br\/index.php?rest_route=%2Fwp%2Fv2%2Fcategories&post=8428"},{"taxonomy":"post_tag","embeddable":true,"href":"https:\/\/noticiarioregional.com.br\/index.php?rest_route=%2Fwp%2Fv2%2Ftags&post=8428"}],"curies":[{"name":"wp","href":"https:\/\/api.w.org\/{rel}","templated":true}]}}