{"id":8431,"date":"2026-02-02T07:55:23","date_gmt":"2026-02-02T10:55:23","guid":{"rendered":"https:\/\/noticiarioregional.com.br\/?p=8431"},"modified":"2026-02-02T07:55:25","modified_gmt":"2026-02-02T10:55:25","slug":"onibus-do-transporte-escolar-de-descanso-serao-equipados-com-gps-e-cameras-de-seguranca","status":"publish","type":"post","link":"https:\/\/noticiarioregional.com.br\/?p=8431","title":{"rendered":"\u00d4nibus do transporte escolar de Descanso ser\u00e3o equipados com GPS e c\u00e2meras de seguran\u00e7a"},"content":{"rendered":"\n<p><strong>Descanso \u2013<\/strong> A secretaria de Educa\u00e7\u00e3o est\u00e1 realizando no per\u00edodo de recesso das aulas, os ajustes e encaminhamentos necess\u00e1rios para o ano letivo de 2026. O setor permanece sob a gest\u00e3o do secret\u00e1rio Adilson Balbinot e a chefe de divis\u00e3o da secretaria, Dulcilene Rogeri. As aulas encerraram no dia 12 de dezembro. Do dia 05 ao dia 30 de janeiro foi mantido o atendimento na creche de f\u00e9rias, em per\u00edodo integral, atendendo crian\u00e7as cujos pais apresentaram justificativa.<\/p>\n\n\n\n<p>Ap\u00f3s a loca\u00e7\u00e3o dos professores efetivos, no dia 16 de janeiro ocorreu a escolha das vagas restantes pelos professores contratados em car\u00e1ter tempor\u00e1rio. Os profissionais retomam os trabalhos a partir do dia 02 de fevereiro. A chefe de divis\u00e3o explica que este ano as forma\u00e7\u00f5es na retomada do ano letivo ocorrem de forma separada, conforme o n\u00edvel de ensino, abordando tem\u00e1ticas diferentes. Para professores da educa\u00e7\u00e3o infantil a forma\u00e7\u00e3o ser\u00e1 nos dias 03 e 04 de fevereiro, e para professores do pr\u00e9-escolar e ensino fundamental ser\u00e1 nos dias 11 e 12 de fevereiro. Al\u00e9m dos professores, as forma\u00e7\u00f5es contemplam os assistentes educacionais e auxiliares de ensino.<\/p>\n\n\n\n<p>Para unificar o transporte escolar com a rede estadual, que retoma as aulas no dia 19, o retorno dos alunos da rede municipal do pr\u00e9 ao 9\u00ba ano, ser\u00e1 dia 18 de fevereiro. As crian\u00e7as que frequentam as creches, e que n\u00e3o dependem do transporte, j\u00e1 retornam no dia 09 de fevereiro.<\/p>\n\n\n\n<p>No transporte escolar, o secret\u00e1rio anuncia que a partir deste ano os ve\u00edculos ser\u00e3o equipados com GPS, contemplando as 20 linhas feitas com \u00f4nibus terceirizados e as duas que s\u00e3o feitas com \u00f4nibus do munic\u00edpio. Adilson explica que com o GPS o objetivo \u00e9 fazer o controle da velocidade dos ve\u00edculos, facilitar o controle e o pagamento da quilometragem e gerar maior seguran\u00e7a aos alunos, pois ser\u00e1 poss\u00edvel identificar paradas que o motorista venha a fazer.<\/p>\n\n\n\n<p>O secret\u00e1rio comenta que nos pr\u00f3ximos meses tamb\u00e9m ser\u00e3o instaladas c\u00e2meras internas nos ve\u00edculos do transporte escolar. Os equipamentos devem ser instalados pelos respons\u00e1veis dos ve\u00edculos, e a fiscaliza\u00e7\u00e3o ser\u00e1 feita pela secretaria. Adilson afirma que \u00e9 uma forma de gerar maior seguran\u00e7a aos alunos, pois as imagens podem ser solicitadas a qualquer momento, e tamb\u00e9m aos motoristas, com o objetivo de evitar danos aos ve\u00edculos.<\/p>\n\n\n\n<p>Referente ao per\u00edodo integral, ano passado a contemplada foi a escola Get\u00falio Vargas, nas turmas de 1\u00ba e 2\u00ba ano. Por quest\u00f5es de espa\u00e7o f\u00edsico e estrutura, em 2026 a modalidade de ensino integral ser\u00e1 disponibilizada na escola Paulo Henrique Pissaia, para as turmas de 3\u00ba, 4\u00ba e 5\u00ba ano do ensino fundamental. As oficinas no contraturno escolar ser\u00e3o organizadas pelo SESI, nas \u00e1reas de leitura, pr\u00e1ticas agr\u00edcolas, matem\u00e1tica e games, empreendedorismo, tecnologia e rob\u00f3tica, artes e inform\u00e1tica. Para a escola Paulo Henrique Pissaia, o secret\u00e1rio ressalta que est\u00e1 confirmado o recurso para constru\u00e7\u00e3o de um gin\u00e1sio de esportes, com previs\u00e3o ainda para este ano.<\/p>\n\n\n\n<p>A rede municipal de Descanso contempla cinco escolas, sendo elas a creche Professora Gracinha, a Paulo Henrique Pissaia, a escola Get\u00falio Vargas, a escola de Cachoeirinha e a escola de Itajub\u00e1. O secret\u00e1rio lembra que no per\u00edodo de recesso foi aproveitado para fazer a limpeza e reparos necess\u00e1rios nas estruturas das unidades escolares. Comenta que a rede municipal est\u00e1 com 819 alunos matriculados, e caso mais algum estudante queira se matricular, pode procurar diretamente a escola a partir do dia 02 de fevereiro.<\/p>\n","protected":false},"excerpt":{"rendered":"<p>Descanso \u2013 A secretaria de Educa\u00e7\u00e3o est\u00e1 realizando no per\u00edodo de recesso das aulas, os ajustes e encaminhamentos necess\u00e1rios para o ano letivo de 2026. O setor permanece sob a gest\u00e3o do secret\u00e1rio Adilson Balbinot e a chefe de divis\u00e3o da secretaria, Dulcilene Rogeri. As aulas encerraram no dia 12 de dezembro. Do dia 05<\/p>\n","protected":false},"author":1,"featured_media":8432,"comment_status":"open","ping_status":"open","sticky":false,"template":"","format":"standard","meta":{"footnotes":""},"categories":[41],"tags":[],"class_list":{"0":"post-8431","1":"post","2":"type-post","3":"status-publish","4":"format-standard","5":"has-post-thumbnail","7":"category-noticias"},"_links":{"self":[{"href":"https:\/\/noticiarioregional.com.br\/index.php?rest_route=\/wp\/v2\/posts\/8431","targetHints":{"allow":["GET"]}}],"collection":[{"href":"https:\/\/noticiarioregional.com.br\/index.php?rest_route=\/wp\/v2\/posts"}],"about":[{"href":"https:\/\/noticiarioregional.com.br\/index.php?rest_route=\/wp\/v2\/types\/post"}],"author":[{"embeddable":true,"href":"https:\/\/noticiarioregional.com.br\/index.php?rest_route=\/wp\/v2\/users\/1"}],"replies":[{"embeddable":true,"href":"https:\/\/noticiarioregional.com.br\/index.php?rest_route=%2Fwp%2Fv2%2Fcomments&post=8431"}],"version-history":[{"count":1,"href":"https:\/\/noticiarioregional.com.br\/index.php?rest_route=\/wp\/v2\/posts\/8431\/revisions"}],"predecessor-version":[{"id":8433,"href":"https:\/\/noticiarioregional.com.br\/index.php?rest_route=\/wp\/v2\/posts\/8431\/revisions\/8433"}],"wp:featuredmedia":[{"embeddable":true,"href":"https:\/\/noticiarioregional.com.br\/index.php?rest_route=\/wp\/v2\/media\/8432"}],"wp:attachment":[{"href":"https:\/\/noticiarioregional.com.br\/index.php?rest_route=%2Fwp%2Fv2%2Fmedia&parent=8431"}],"wp:term":[{"taxonomy":"category","embeddable":true,"href":"https:\/\/noticiarioregional.com.br\/index.php?rest_route=%2Fwp%2Fv2%2Fcategories&post=8431"},{"taxonomy":"post_tag","embeddable":true,"href":"https:\/\/noticiarioregional.com.br\/index.php?rest_route=%2Fwp%2Fv2%2Ftags&post=8431"}],"curies":[{"name":"wp","href":"https:\/\/api.w.org\/{rel}","templated":true}]}}