{"id":8434,"date":"2026-02-02T07:58:36","date_gmt":"2026-02-02T10:58:36","guid":{"rendered":"https:\/\/noticiarioregional.com.br\/?p=8434"},"modified":"2026-02-02T07:58:37","modified_gmt":"2026-02-02T10:58:37","slug":"secretaria-detalha-atribuicoes-da-nova-secretaria-de-desenvolvimento-social","status":"publish","type":"post","link":"https:\/\/noticiarioregional.com.br\/?p=8434","title":{"rendered":"Secret\u00e1ria detalha atribui\u00e7\u00f5es da nova secretaria de Desenvolvimento Social"},"content":{"rendered":"\n<p class=\"has-text-align-center\"><em>Pasta foi criada em janeiro, desvinculando a Assist\u00eancia Social<\/em> <em>da secretaria de Sa\u00fade<\/em><\/p>\n\n\n\n<p><strong>Ipor\u00e3 do Oeste \u2013<\/strong> No in\u00edcio do ano a administra\u00e7\u00e3o realizou ajustes nas secretarias municipais, com a desvincula\u00e7\u00e3o de algumas pastas e a cria\u00e7\u00e3o de novas secretarias. O setor de Assist\u00eancia Social, antes vinculado \u00e0 secretaria de Sa\u00fade, passou a fazer parte da nova secretaria de Desenvolvimento Social, pasta assumida por Izabel Schaefer, que anteriormente ocupava o cargo de diretora do Departamento de Assist\u00eancia Social.<\/p>\n\n\n\n<p>Conforme a secret\u00e1ria, al\u00e9m do departamento de Assist\u00eancia Social, o CRAS e o Cadastro \u00danico, a nova pasta contempla tamb\u00e9m o Conselho Tutelar, o trabalho com os grupos da terceira idade e o setor da habita\u00e7\u00e3o. Os tr\u00eas departamentos estavam vinculados anteriormente a secretaria de Administra\u00e7\u00e3o.<\/p>\n\n\n\n<p>Izabel lembra que n\u00e3o haver\u00e1 altera\u00e7\u00f5es nas equipes, e nos grupos de idosos permanece a coordenadora Neuli Lunkes. Comenta que os departamentos s\u00e3o aut\u00f4nomos em seu trabalho, e enquanto secret\u00e1ria, ser\u00e1 respons\u00e1vel pela gest\u00e3o dos setores. Izabel aproveita para agradecer as equipes do CRAS e da assist\u00eancia social, da qual foi diretora no primeiro ano da gest\u00e3o, pelo importante trabalho que vem sendo realizado com as fam\u00edlias do munic\u00edpio.<\/p>\n\n\n\n<figure class=\"wp-block-image size-large\"><img fetchpriority=\"high\" decoding=\"async\" width=\"1024\" height=\"683\" src=\"http:\/\/noticiarioregional.com.br\/wp-content\/uploads\/2026\/02\/Profissionais-das-equipes-do-CRAS-e-do-departamento-de-Assistencia-Social-1024x683.jpg\" alt=\"\" class=\"wp-image-8436\" srcset=\"https:\/\/noticiarioregional.com.br\/wp-content\/uploads\/2026\/02\/Profissionais-das-equipes-do-CRAS-e-do-departamento-de-Assistencia-Social-1024x683.jpg 1024w, https:\/\/noticiarioregional.com.br\/wp-content\/uploads\/2026\/02\/Profissionais-das-equipes-do-CRAS-e-do-departamento-de-Assistencia-Social-300x200.jpg 300w, https:\/\/noticiarioregional.com.br\/wp-content\/uploads\/2026\/02\/Profissionais-das-equipes-do-CRAS-e-do-departamento-de-Assistencia-Social-768x512.jpg 768w, https:\/\/noticiarioregional.com.br\/wp-content\/uploads\/2026\/02\/Profissionais-das-equipes-do-CRAS-e-do-departamento-de-Assistencia-Social-1536x1024.jpg 1536w, https:\/\/noticiarioregional.com.br\/wp-content\/uploads\/2026\/02\/Profissionais-das-equipes-do-CRAS-e-do-departamento-de-Assistencia-Social-2048x1365.jpg 2048w, https:\/\/noticiarioregional.com.br\/wp-content\/uploads\/2026\/02\/Profissionais-das-equipes-do-CRAS-e-do-departamento-de-Assistencia-Social-150x100.jpg 150w, https:\/\/noticiarioregional.com.br\/wp-content\/uploads\/2026\/02\/Profissionais-das-equipes-do-CRAS-e-do-departamento-de-Assistencia-Social-450x300.jpg 450w, https:\/\/noticiarioregional.com.br\/wp-content\/uploads\/2026\/02\/Profissionais-das-equipes-do-CRAS-e-do-departamento-de-Assistencia-Social-1200x800.jpg 1200w\" sizes=\"(max-width: 1024px) 100vw, 1024px\" \/><figcaption class=\"wp-element-caption\">Profissionais das equipes do CRAS e do departamento de Assist\u00eancia Social<\/figcaption><\/figure>\n\n\n\n<p>No setor da habita\u00e7\u00e3o, a secret\u00e1ria enfatiza que em breve haver\u00e1 novidades. O munic\u00edpio foi contemplado com 12 casas populares pelo programa Casa Catarina, do governo do estado, e a partir da desafeta\u00e7\u00e3o dos terrenos, Izabel enfatiza que este ano o trabalho ir\u00e1 avan\u00e7ar. Atrav\u00e9s do programa, o estado fornece os recursos para constru\u00e7\u00e3o das casas, e a contrapartida do munic\u00edpio \u00e9 a disponibilidade dos terrenos. A partir da resolu\u00e7\u00e3o destas quest\u00f5es burocr\u00e1ticas, a secret\u00e1ria destaca que ser\u00e1 divulgado o per\u00edodo de inscri\u00e7\u00f5es e os crit\u00e9rios que definem os beneficiados.<\/p>\n","protected":false},"excerpt":{"rendered":"<p>Pasta foi criada em janeiro, desvinculando a Assist\u00eancia Social da secretaria de Sa\u00fade Ipor\u00e3 do Oeste \u2013 No in\u00edcio do ano a administra\u00e7\u00e3o realizou ajustes nas secretarias municipais, com a desvincula\u00e7\u00e3o de algumas pastas e a cria\u00e7\u00e3o de novas secretarias. O setor de Assist\u00eancia Social, antes vinculado \u00e0 secretaria de Sa\u00fade, passou a fazer parte<\/p>\n","protected":false},"author":1,"featured_media":8435,"comment_status":"open","ping_status":"open","sticky":false,"template":"","format":"standard","meta":{"footnotes":""},"categories":[41],"tags":[],"class_list":{"0":"post-8434","1":"post","2":"type-post","3":"status-publish","4":"format-standard","5":"has-post-thumbnail","7":"category-noticias"},"_links":{"self":[{"href":"https:\/\/noticiarioregional.com.br\/index.php?rest_route=\/wp\/v2\/posts\/8434","targetHints":{"allow":["GET"]}}],"collection":[{"href":"https:\/\/noticiarioregional.com.br\/index.php?rest_route=\/wp\/v2\/posts"}],"about":[{"href":"https:\/\/noticiarioregional.com.br\/index.php?rest_route=\/wp\/v2\/types\/post"}],"author":[{"embeddable":true,"href":"https:\/\/noticiarioregional.com.br\/index.php?rest_route=\/wp\/v2\/users\/1"}],"replies":[{"embeddable":true,"href":"https:\/\/noticiarioregional.com.br\/index.php?rest_route=%2Fwp%2Fv2%2Fcomments&post=8434"}],"version-history":[{"count":1,"href":"https:\/\/noticiarioregional.com.br\/index.php?rest_route=\/wp\/v2\/posts\/8434\/revisions"}],"predecessor-version":[{"id":8437,"href":"https:\/\/noticiarioregional.com.br\/index.php?rest_route=\/wp\/v2\/posts\/8434\/revisions\/8437"}],"wp:featuredmedia":[{"embeddable":true,"href":"https:\/\/noticiarioregional.com.br\/index.php?rest_route=\/wp\/v2\/media\/8435"}],"wp:attachment":[{"href":"https:\/\/noticiarioregional.com.br\/index.php?rest_route=%2Fwp%2Fv2%2Fmedia&parent=8434"}],"wp:term":[{"taxonomy":"category","embeddable":true,"href":"https:\/\/noticiarioregional.com.br\/index.php?rest_route=%2Fwp%2Fv2%2Fcategories&post=8434"},{"taxonomy":"post_tag","embeddable":true,"href":"https:\/\/noticiarioregional.com.br\/index.php?rest_route=%2Fwp%2Fv2%2Ftags&post=8434"}],"curies":[{"name":"wp","href":"https:\/\/api.w.org\/{rel}","templated":true}]}}