{"id":8438,"date":"2026-02-02T08:02:08","date_gmt":"2026-02-02T11:02:08","guid":{"rendered":"https:\/\/noticiarioregional.com.br\/?p=8438"},"modified":"2026-02-02T08:02:09","modified_gmt":"2026-02-02T11:02:09","slug":"iptu-e-taxa-de-lixo-estao-disponiveis-para-pagamento","status":"publish","type":"post","link":"https:\/\/noticiarioregional.com.br\/?p=8438","title":{"rendered":"IPTU e Taxa de Lixo est\u00e3o dispon\u00edveis para pagamento"},"content":{"rendered":"\n<p class=\"has-larger-font-size\"><em>Contribuinte ter\u00e1 desconto no pagamento da cota \u00fanica,<\/em> <em>tamb\u00e9m com a op\u00e7\u00e3o de parcelamento<\/em><\/p>\n\n\n\n<p><strong>Ipor\u00e3 do Oeste \u2013 <\/strong>A partir da \u00faltima semana o setor de Tributos liberou o pagamento do Imposto Predial e Territorial Urbano, IPTU, e a Taxa de Coleta de Lixo, TL, de 2026. A emiss\u00e3o das guias de pagamento deve ser feita pelos contribuintes diretamente no site da prefeitura, na aba do autoatendimento, na op\u00e7\u00e3o \u201cservi\u00e7os e guias de IPTU\u201d.<\/p>\n\n\n\n<p>A t\u00e9cnica em tributa\u00e7\u00e3o, Larissa Heck, explica que os carn\u00eas ser\u00e3o disponibilizados somente de forma online, pelo portal do munic\u00edpio, sendo que n\u00e3o haver\u00e1 entrega aos contribuintes. Na primeira op\u00e7\u00e3o de pagamento com vencimento at\u00e9 dia 20 de fevereiro, al\u00e9m da emiss\u00e3o pelo autoatendimento no site do munic\u00edpio, o servi\u00e7o ser\u00e1 prestado nos escrit\u00f3rios de contabilidade ou lot\u00e9rica. J\u00e1 na op\u00e7\u00e3o de parcelamento o contribuinte pode optar pela emiss\u00e3o no portal do munic\u00edpio ou no setor de Tributa\u00e7\u00e3o. Para emitir a guia, basta digitar o CPF do propriet\u00e1rio.<\/p>\n\n\n\n<p>Larissa lembra que o IPTU e a taxa de coleta de lixo devem ser emitidos e pagos em boletos separados, ou seja, s\u00e3o duas taxas diferentes. O IPTU 2026 e a Taxa de Coleta de Lixo podem ser pagos em cota \u00fanica, com descontos, ou de forma parcelada. Os contribuintes que optarem pelo pagamento em cota \u00fanica at\u00e9 o dia 20 de fevereiro, ter\u00e3o 100% de desconto na Taxa de Expediente (TE) e 10% de desconto sobre o valor do IPTU e da Taxa de Coleta de Lixo (TL).<\/p>\n\n\n\n<p class=\"has-large-font-size\"><strong>Os prazos de pagamento e descontos s\u00e3o os seguintes:<\/strong><\/p>\n\n\n\n<p class=\"has-regular-font-size\"><strong>1 &#8211; Cota \u00fanica<\/strong> \u2013 pagamento at\u00e9 20 de fevereiro, primeiro vencimento, com 100% de desconto da taxa de expediente e 10% de desconto no IPTU e taxa de lixo;<\/p>\n\n\n\n<p class=\"has-regular-font-size\"><strong>2 &#8211; Cota \u00fanica<\/strong> \u2013 pagamento at\u00e9 20 de abril, com 10% de desconto no IPTU, taxa de expediente e taxa de lixo;<\/p>\n\n\n\n<p class=\"has-regular-font-size\"><strong>3 &#8211; Parcelamento do IPTU em 3 vezes:<\/strong> a primeira parcela com vencimento em 20 de abril; a segunda parcela com vencimento em 22 de junho e a terceira parcela com vencimento em 20 de agosto;<\/p>\n\n\n\n<p class=\"has-regular-font-size\"><strong>4 &#8211; Taxa de Coleta de Lixo 2026:<\/strong> a primeira parcela com vencimento em 20 de maio; a segunda parcela com vencimento em 20 de julho e a terceira parcela com vencimento em 21 de setembro.<\/p>\n\n\n\n<p class=\"has-larger-font-size\"><strong>Isen\u00e7\u00e3o do IPTU 2026<\/strong><\/p>\n\n\n\n<div class=\"wp-block-group has-pale-cyan-blue-background-color has-background\"><div class=\"wp-block-group__inner-container is-layout-constrained wp-block-group-is-layout-constrained\">\n<p>Aposentados e pensionistas, propriet\u00e1rios de ch\u00e1caras urbanas maiores de 8 mil metros quadrados com finalidade rural e pessoas portadoras de alguma das doen\u00e7as elencadas no C\u00f3digo Tribut\u00e1rio Municipal, t\u00eam at\u00e9 o dia 10 de fevereiro para solicita\u00e7\u00e3o de isen\u00e7\u00e3o via protocolo pelo site do munic\u00edpio.<\/p>\n\n\n\n<p>Al\u00e9m dos contribuintes que solicitarem a isen\u00e7\u00e3o do IPTU, a t\u00e9cnica de tributa\u00e7\u00e3o esclarece que h\u00e1 tamb\u00e9m as isen\u00e7\u00f5es para as chamadas imunidades constitucionais: entidades religiosas e templos de qualquer culto, inclusive suas organiza\u00e7\u00f5es assistenciais e beneficentes; patrim\u00f4nio, renda ou servi\u00e7os dos partidos pol\u00edticos, inclusive suas funda\u00e7\u00f5es, das entidades sindicais dos trabalhadores, das institui\u00e7\u00f5es de educa\u00e7\u00e3o e de assist\u00eancia social, sem fins lucrativos, atendidos os requisitos da lei.<\/p>\n\n\n\n<p>Anualmente, o valor do IPTU sofre reajuste conforme o reajuste da corre\u00e7\u00e3o monet\u00e1ria. Com a implanta\u00e7\u00e3o de um novo loteamento na cidade, o loteamento Schwab, Larissa comenta que este ano haver\u00e1 aumento no n\u00famero de carn\u00eas emitidos, com cerca de 170 lotes a mais em compara\u00e7\u00e3o a 2025. Neste ano ser\u00e3o em torno de 4.204 carn\u00eas, enquanto em 2025 foram cerca de 4.069. Para d\u00favidas ou mais informa\u00e7\u00f5es, os contribuintes podem procurar o setor de Tributos na prefeitura ou entrar em contato pelo telefone\/WhatsApp (49) 3196-1600.<\/p>\n<\/div><\/div>\n","protected":false},"excerpt":{"rendered":"<p>Contribuinte ter\u00e1 desconto no pagamento da cota \u00fanica, tamb\u00e9m com a op\u00e7\u00e3o de parcelamento Ipor\u00e3 do Oeste \u2013 A partir da \u00faltima semana o setor de Tributos liberou o pagamento do Imposto Predial e Territorial Urbano, IPTU, e a Taxa de Coleta de Lixo, TL, de 2026. A emiss\u00e3o das guias de pagamento deve ser<\/p>\n","protected":false},"author":1,"featured_media":8439,"comment_status":"open","ping_status":"open","sticky":false,"template":"","format":"standard","meta":{"footnotes":""},"categories":[41],"tags":[],"class_list":{"0":"post-8438","1":"post","2":"type-post","3":"status-publish","4":"format-standard","5":"has-post-thumbnail","7":"category-noticias"},"_links":{"self":[{"href":"https:\/\/noticiarioregional.com.br\/index.php?rest_route=\/wp\/v2\/posts\/8438","targetHints":{"allow":["GET"]}}],"collection":[{"href":"https:\/\/noticiarioregional.com.br\/index.php?rest_route=\/wp\/v2\/posts"}],"about":[{"href":"https:\/\/noticiarioregional.com.br\/index.php?rest_route=\/wp\/v2\/types\/post"}],"author":[{"embeddable":true,"href":"https:\/\/noticiarioregional.com.br\/index.php?rest_route=\/wp\/v2\/users\/1"}],"replies":[{"embeddable":true,"href":"https:\/\/noticiarioregional.com.br\/index.php?rest_route=%2Fwp%2Fv2%2Fcomments&post=8438"}],"version-history":[{"count":1,"href":"https:\/\/noticiarioregional.com.br\/index.php?rest_route=\/wp\/v2\/posts\/8438\/revisions"}],"predecessor-version":[{"id":8440,"href":"https:\/\/noticiarioregional.com.br\/index.php?rest_route=\/wp\/v2\/posts\/8438\/revisions\/8440"}],"wp:featuredmedia":[{"embeddable":true,"href":"https:\/\/noticiarioregional.com.br\/index.php?rest_route=\/wp\/v2\/media\/8439"}],"wp:attachment":[{"href":"https:\/\/noticiarioregional.com.br\/index.php?rest_route=%2Fwp%2Fv2%2Fmedia&parent=8438"}],"wp:term":[{"taxonomy":"category","embeddable":true,"href":"https:\/\/noticiarioregional.com.br\/index.php?rest_route=%2Fwp%2Fv2%2Fcategories&post=8438"},{"taxonomy":"post_tag","embeddable":true,"href":"https:\/\/noticiarioregional.com.br\/index.php?rest_route=%2Fwp%2Fv2%2Ftags&post=8438"}],"curies":[{"name":"wp","href":"https:\/\/api.w.org\/{rel}","templated":true}]}}